{"id":47610,"date":"2025-10-28T11:31:58","date_gmt":"2025-10-28T15:31:58","guid":{"rendered":"https:\/\/noticiasveraces.com\/?p=47610"},"modified":"2025-10-28T11:31:58","modified_gmt":"2025-10-28T15:31:58","slug":"el-dulce-tributo-de-la-reina-camilla-al-rey-carlos-que-quizas-te-hayas-perdido-real-noticias","status":"publish","type":"post","link":"https:\/\/noticiasveraces.com\/?p=47610","title":{"rendered":"El &#8216;dulce&#8217; tributo de la reina Camilla al rey Carlos que quiz\u00e1s te hayas perdido | Real | Noticias"},"content":{"rendered":"<p> \n<\/p>\n<div>\n<p>La reina Camilla hizo un conmovedor gesto a su marido, el rey Carlos, mientras la pareja real asist\u00eda a un servicio especial en el Vaticano la semana pasada durante su visita de estado conjunta a Roma. La mujer de 78 a\u00f1os fue fotografiada con un vestido abrigo bordado de manga larga que us\u00f3 en su boda con el rey Carlos en 2005. <\/p>\n<p>La elegante pieza de Camilla fue dise\u00f1ada por Anna Valentine, quien ha estado en el centro de muchos de sus looks ic\u00f3nicos durante m\u00e1s de una d\u00e9cada. Fue vista por primera vez el d\u00eda de su ceremonia civil en Windsor Guildhall, cuando Camilla se cas\u00f3 con el entonces Pr\u00edncipe de Gales.<\/p>\n<p>Si bien el vestido usado para la bendici\u00f3n religiosa que sigui\u00f3 fue un vestido de abrigo dorado y azul de Robinson Valentine, el dise\u00f1o marfil de Anna Valentine sigue siendo uno de sus looks m\u00e1s sentimentales. <\/p>\n<\/div>\n<div>\n<p>Desde entonces, Camilla lo ha vuelto a usar en varios momentos clave, incluidas las visitas de la pareja al extranjero, un s\u00edmbolo silencioso de afecto duradero y continuidad en su guardarropa real.<\/p>\n<p>Durante la visita al Vaticano, Camilla complement\u00f3 el conjunto con un bolso de mano Launer London, una marca favorecida durante mucho tiempo por la difunta reina Isabel II. <\/p>\n<p>El discreto bolso de color marfil parec\u00eda sorprendentemente similar al que llevaba el d\u00eda de su boda, lo que llev\u00f3 a los fan\u00e1ticos reales a creer que podr\u00eda ser la misma pieza. <\/p>\n<\/div>\n<div>\n<p>Su look se complet\u00f3 con tacones de corte neutros y sencillas joyas de oro, manteniendo el foco en la silueta atemporal y los intrincados bordados. <\/p>\n<p>Al lado del Rey, el conjunto renovado de Camilla ofreci\u00f3 un sincero recordatorio de lo lejos que ha llegado su relaci\u00f3n: desde los reci\u00e9n casados \u200b\u200ben Windsor hasta el Rey y la Reina de Gran Breta\u00f1a que representan a la Corona en el escenario mundial.<\/p>\n<p>Esta \u00faltima aparici\u00f3n destaca una vez m\u00e1s el enfoque caracter\u00edstico de Camilla hacia la vestimenta real: reflexivo, sostenible y profundamente personal. <\/p>\n<\/div>\n<div>\n<p>Cada detalle, desde el preciado vestido-abrigo hasta sus cl\u00e1sicos accesorios brit\u00e1nicos, conten\u00eda tranquilos ecos del pasado y un tributo apropiado a una asociaci\u00f3n real basada en la lealtad y el amor inquebrantables.<\/p>\n<p>Los Reyes se reunieron con el Papa Le\u00f3n XIV y participaron en diversos eventos durante su rel\u00e1mpago viaje. <\/p>\n<p>Tambi\u00e9n participaron en una oraci\u00f3n ecum\u00e9nica en la Capilla Sixtina, marcando un momento hist\u00f3rico en las relaciones anglicano-cat\u00f3licas. <\/p>\n<\/div>\n\n","protected":false},"excerpt":{"rendered":"<p>La reina Camilla hizo un conmovedor gesto a su marido, el rey Carlos, mientras la pareja real asist\u00eda a un servicio especial en el Vaticano la semana pasada durante su visita de estado conjunta a Roma. La mujer de 78 a\u00f1os fue fotografiada con un vestido abrigo bordado de manga larga que us\u00f3 en su &hellip;<\/p>\n","protected":false},"author":1,"featured_media":47611,"comment_status":"open","ping_status":"open","sticky":false,"template":"","format":"standard","meta":{"fifu_image_url":"https:\/\/cdn.images.express.co.uk\/img\/dynamic\/106\/1200x630\/6516814.jpg","fifu_image_alt":"","footnotes":""},"categories":[10],"tags":[],"class_list":["post-47610","post","type-post","status-publish","format-standard","has-post-thumbnail","","category-moda"],"_links":{"self":[{"href":"https:\/\/noticiasveraces.com\/index.php?rest_route=\/wp\/v2\/posts\/47610","targetHints":{"allow":["GET"]}}],"collection":[{"href":"https:\/\/noticiasveraces.com\/index.php?rest_route=\/wp\/v2\/posts"}],"about":[{"href":"https:\/\/noticiasveraces.com\/index.php?rest_route=\/wp\/v2\/types\/post"}],"author":[{"embeddable":true,"href":"https:\/\/noticiasveraces.com\/index.php?rest_route=\/wp\/v2\/users\/1"}],"replies":[{"embeddable":true,"href":"https:\/\/noticiasveraces.com\/index.php?rest_route=%2Fwp%2Fv2%2Fcomments&post=47610"}],"version-history":[{"count":0,"href":"https:\/\/noticiasveraces.com\/index.php?rest_route=\/wp\/v2\/posts\/47610\/revisions"}],"wp:featuredmedia":[{"embeddable":true,"href":"https:\/\/noticiasveraces.com\/index.php?rest_route=\/wp\/v2\/media\/47611"}],"wp:attachment":[{"href":"https:\/\/noticiasveraces.com\/index.php?rest_route=%2Fwp%2Fv2%2Fmedia&parent=47610"}],"wp:term":[{"taxonomy":"category","embeddable":true,"href":"https:\/\/noticiasveraces.com\/index.php?rest_route=%2Fwp%2Fv2%2Fcategories&post=47610"},{"taxonomy":"post_tag","embeddable":true,"href":"https:\/\/noticiasveraces.com\/index.php?rest_route=%2Fwp%2Fv2%2Ftags&post=47610"}],"curies":[{"name":"wp","href":"https:\/\/api.w.org\/{rel}","templated":true}]}}