{"id":47607,"date":"2025-10-28T10:18:06","date_gmt":"2025-10-28T14:18:06","guid":{"rendered":"https:\/\/noticiasveraces.com\/?p=47607"},"modified":"2025-10-28T10:18:06","modified_gmt":"2025-10-28T14:18:06","slug":"200-viviendas-resultaron-afectadas-por-la-crecida-del-rio-amana-en-maturin","status":"publish","type":"post","link":"https:\/\/noticiasveraces.com\/?p=47607","title":{"rendered":"200 viviendas resultaron afectadas por la crecida del r\u00edo Amana en Matur\u00edn"},"content":{"rendered":"<p> \n<\/p>\n<div>\n<p><strong>La crecida del r\u00edo Amana en Matur\u00edn, estado Monagas, afect\u00f3 al menos 200 viviendas<\/strong> durante el fin de semana del 25 y 26 de octubre. <\/p>\n<p><strong>La comunidad de Amana Abajo fue una de las m\u00e1s afectadas<\/strong>debido a que<strong> varios residentes perdieron sus cosechas<\/strong> y los servicios b\u00e1sicos fueron suspendidos temporalmente.  <\/p>\n<p>\u201cSe nos meti\u00f3 ese r\u00edo y es lodo lo que tenemos\u201d, \u201cSe perdi\u00f3 la yuca, la auyama, la patilla, el mel\u00f3n, todo eso\u201d, se\u00f1alaron residentes del sector en un reporte para <em>Uni\u00f3n Radio.<\/em><\/p>\n<p>Asimismo, <strong>la escuela b\u00e1sica Josefa Camejo se inund\u00f3, por lo que las autoridades del plantel tuvieron que suspender clases moment\u00e1neamente. <\/strong><\/p>\n<p><strong>Los habitantes de Amana Abajo hicieron un llamado a las autoridades regionales para implementar jornadas de salud y fumigaci\u00f3n<\/strong>especialmente para prevenir que los ni\u00f1os, ni\u00f1as y adolescentes de la comunidad se expongan a enfermedades. <\/p>\n<p>La alcaldesa del municipio Matur\u00edn, Ana Fuentes, o<strong>rden\u00f3 el despliegue de funcionarios de Protecci\u00f3n Civil y Administraci\u00f3n de Desastres Matur\u00edn (PCAD-Matur\u00edn) en los tres principales sectores afectados por la crecida del r\u00edo. <\/strong><\/p>\n<p>Douglas L\u00f3pez, enlace parroquial con el equipo pol\u00edtico municipal, dijo al <em>Periodico de Monagas<\/em> que el r\u00edo comenz\u00f3 a subir el s\u00e1bado 25 de octubre en horas de la ma\u00f1ana y a las 2:00 pm comenz\u00f3 a desbordarse y anegar m\u00e1s de 200 viviendas, pero sin da\u00f1os que lamentar. <strong>Ya para este lunes 27 de octubre, la cota comenz\u00f3 a descender, aunque quedan algunos sectores anegados.<\/strong><\/p>\n<h2 class=\"wp-block-heading\" id=\"h-un-problema-recurrente-nbsp\"><strong>Un problema recurrente <\/strong><\/h2>\n<figure class=\"wp-block-image size-large\"><img fetchpriority=\"high\" width=\"1200\" height=\"672\" alt=\" 200 viviendas resultaron afectadas por la crecida del r\u00edo Amana en Matur\u00edn \" sizes=\"(max-width: 1200px) 100vw, 1200px\" srcset=\"https:\/\/eldiario.com\/nitropack_static\/DWpklAePbJBFiBKvuTtiGMLbtJlHUqWt\/assets\/images\/optimized\/rev-4610e21\/eldiario.com\/wp-content\/uploads\/2025\/10\/IMG-20251024-201803-1024x574-1-1200x672.jpg 1200w, https:\/\/eldiario.com\/nitropack_static\/DWpklAePbJBFiBKvuTtiGMLbtJlHUqWt\/assets\/images\/optimized\/rev-4610e21\/eldiario.com\/wp-content\/uploads\/2025\/10\/IMG-20251024-201803-1024x574-1-300x168.jpg 300w, https:\/\/eldiario.com\/nitropack_static\/DWpklAePbJBFiBKvuTtiGMLbtJlHUqWt\/assets\/images\/optimized\/rev-4610e21\/eldiario.com\/wp-content\/uploads\/2025\/10\/IMG-20251024-201803-1024x574-1-768x430.jpg 768w, https:\/\/eldiario.com\/nitropack_static\/DWpklAePbJBFiBKvuTtiGMLbtJlHUqWt\/assets\/images\/optimized\/rev-4610e21\/eldiario.com\/wp-content\/uploads\/2025\/10\/IMG-20251024-201803-1024x574-1-1536x860.jpg 1536w, https:\/\/eldiario.com\/nitropack_static\/DWpklAePbJBFiBKvuTtiGMLbtJlHUqWt\/assets\/images\/optimized\/rev-4610e21\/eldiario.com\/wp-content\/uploads\/2025\/10\/IMG-20251024-201803-1024x574-1-860x482.jpg 860w, https:\/\/eldiario.com\/nitropack_static\/DWpklAePbJBFiBKvuTtiGMLbtJlHUqWt\/assets\/images\/optimized\/rev-4610e21\/eldiario.com\/wp-content\/uploads\/2025\/10\/IMG-20251024-201803-1024x574-1-150x84.jpg 150w, https:\/\/eldiario.com\/nitropack_static\/DWpklAePbJBFiBKvuTtiGMLbtJlHUqWt\/assets\/images\/optimized\/rev-4610e21\/eldiario.com\/wp-content\/uploads\/2025\/10\/IMG-20251024-201803-1024x574-1.jpg 1700w\" src=\"https:\/\/eldiario.com\/nitropack_static\/DWpklAePbJBFiBKvuTtiGMLbtJlHUqWt\/assets\/images\/optimized\/rev-4610e21\/eldiario.com\/wp-content\/uploads\/2025\/10\/IMG-20251024-201803-1024x574-1-1200x672.jpg\" class=\"wp-image-824551 nitro-lazy\" decoding=\"async\" nitro-lazy-empty=\"\" id=\"ODIwOjEwNjg=-1\"\/><figcaption class=\"wp-element-caption\">Foto: Alcald\u00eda de Matur\u00edn<\/figcaption><\/figure>\n<p><strong>Para los habitantes de Amana Abajo la crecida del r\u00edo no es un evento excepcional, sino un problema recurrente. <\/strong>A pesar de que admiten haberse adaptado a ellos, lamentan la p\u00e9rdida y da\u00f1os de sus enseres. <\/p>\n<p>\u201cCuando veo que el r\u00edo se sale de su curso me voy a casa de unos familiares, pero al saber que empieza a bajar estoy inquieta por venirme\u201d, dijo Zaida Mar\u00edn, una de las vecinas afectadas, al <em>Periodico de Monagas. <\/em><\/p>\n<p>Pese a las molestias que les causan las inundaciones en el sector, <strong>muchos de los habitantes comparten la idea de no querer mudarse a otra zona de Matur\u00edn<\/strong>. Consideran que representar\u00eda perder su esfuerzo y comenzar desde cero. <\/p>\n<p>\u201cAqu\u00ed al menos tenemos un terrenito para sembrar y criar animales, pero en la ciudad no hay nada de eso y es iniciar desde abajo. Salir de Amana cuando tengo toda una vida viviendo aqu\u00ed es empezar de cero\u201d, explic\u00f3 Jos\u00e9 Ram\u00f3n Vegas, cuya vivienda est\u00e1 a aproximadamente 120 metros del r\u00edo.<\/p>\n<\/p><\/div>\n\n","protected":false},"excerpt":{"rendered":"<p>La crecida del r\u00edo Amana en Matur\u00edn, estado Monagas, afect\u00f3 al menos 200 viviendas durante el fin de semana del 25 y 26 de octubre. La comunidad de Amana Abajo fue una de las m\u00e1s afectadasdebido a que varios residentes perdieron sus cosechas y los servicios b\u00e1sicos fueron suspendidos temporalmente. \u201cSe nos meti\u00f3 ese r\u00edo &hellip;<\/p>\n","protected":false},"author":1,"featured_media":47609,"comment_status":"open","ping_status":"open","sticky":false,"template":"","format":"standard","meta":{"fifu_image_url":"https:\/\/eldiario.com\/wp-content\/uploads\/2025\/10\/AMANA-ABAJO-7.jpeg","fifu_image_alt":"","footnotes":""},"categories":[13],"tags":[],"class_list":["post-47607","post","type-post","status-publish","format-standard","has-post-thumbnail","","category-mundo"],"_links":{"self":[{"href":"https:\/\/noticiasveraces.com\/index.php?rest_route=\/wp\/v2\/posts\/47607","targetHints":{"allow":["GET"]}}],"collection":[{"href":"https:\/\/noticiasveraces.com\/index.php?rest_route=\/wp\/v2\/posts"}],"about":[{"href":"https:\/\/noticiasveraces.com\/index.php?rest_route=\/wp\/v2\/types\/post"}],"author":[{"embeddable":true,"href":"https:\/\/noticiasveraces.com\/index.php?rest_route=\/wp\/v2\/users\/1"}],"replies":[{"embeddable":true,"href":"https:\/\/noticiasveraces.com\/index.php?rest_route=%2Fwp%2Fv2%2Fcomments&post=47607"}],"version-history":[{"count":0,"href":"https:\/\/noticiasveraces.com\/index.php?rest_route=\/wp\/v2\/posts\/47607\/revisions"}],"wp:featuredmedia":[{"embeddable":true,"href":"https:\/\/noticiasveraces.com\/index.php?rest_route=\/wp\/v2\/media\/47609"}],"wp:attachment":[{"href":"https:\/\/noticiasveraces.com\/index.php?rest_route=%2Fwp%2Fv2%2Fmedia&parent=47607"}],"wp:term":[{"taxonomy":"category","embeddable":true,"href":"https:\/\/noticiasveraces.com\/index.php?rest_route=%2Fwp%2Fv2%2Fcategories&post=47607"},{"taxonomy":"post_tag","embeddable":true,"href":"https:\/\/noticiasveraces.com\/index.php?rest_route=%2Fwp%2Fv2%2Ftags&post=47607"}],"curies":[{"name":"wp","href":"https:\/\/api.w.org\/{rel}","templated":true}]}}