{"id":47575,"date":"2025-10-28T03:51:10","date_gmt":"2025-10-28T07:51:10","guid":{"rendered":"https:\/\/noticiasveraces.com\/?p=47575"},"modified":"2025-10-28T03:51:10","modified_gmt":"2025-10-28T07:51:10","slug":"fp11-j-2025-000857-correo-del-caroni","status":"publish","type":"post","link":"https:\/\/noticiasveraces.com\/?p=47575","title":{"rendered":"FP11-J-2025-000857 \u2013 Correo del Caron\u00ed"},"content":{"rendered":"<p> \n<\/p>\n<div data-id=\"32b8dfe8\" data-element_type=\"widget\" id=\"texto\" data-widget_type=\"theme-post-content.default\">\n<div class=\"elementor-widget-container\">\n<p class=\"has-text-align-center has-black-color has-text-color has-link-color wp-elements-b936d9c9589e8ad4449da2ec76c4480c\"><strong>REPUBLICA BOLIVARIANA DE VENEZUELA<\/strong><\/p>\n<figure class=\"wp-block-image aligncenter size-full is-resized\"><img fetchpriority=\"high\" decoding=\"async\" width=\"1000\" height=\"1081\" alt=\"\" class=\"wp-image-43040 ewww_webp\" style=\"width:134px;height:auto\" src-img=\"https:\/\/correodelcaroni.com\/wp-content\/uploads\/2021\/07\/Escudo_de_Armas_de_Venezuela_2006.png\" src-webp=\"https:\/\/correodelcaroni.com\/wp-content\/uploads\/2021\/07\/Escudo_de_Armas_de_Venezuela_2006.png.webp\" data-eio=\"j\"\/><img fetchpriority=\"high\" decoding=\"async\" width=\"1000\" height=\"1081\" src=\"https:\/\/correodelcaroni.com\/wp-content\/uploads\/2021\/07\/Escudo_de_Armas_de_Venezuela_2006.png\" alt=\"\" class=\"wp-image-43040\" style=\"width:134px;height:auto\"\/><\/figure>\n<p class=\"has-text-align-center has-black-color has-text-color has-link-color wp-elements-adace7152680f6f1e8c56449708b3142\"><strong>PODER JUDICIAL<\/strong><\/p>\n<p class=\"has-text-align-center has-black-color has-text-color has-link-color wp-elements-024d5c8db2d8df8d86fe256711d43c4f\">Tribunal Quinto de Mediaci\u00f3n, Sustanciaci\u00f3n y Ejecuci\u00f3n de Protecci\u00f3n de Ni\u00f1os, Ni\u00f1as y Adolescentes del Circuito Judicial del Estado Bol\u00edvar, Sede Puerto Ordaz<\/p>\n<p class=\"has-text-align-center has-black-color has-text-color has-link-color wp-elements-fcbae9c4938f95beb37c38ea71d47612\">Puerto Ordaz, 30 de junio de 2025<\/p>\n<p class=\"has-text-align-center has-black-color has-text-color has-link-color wp-elements-0d2474f4da8273d4ae9997581821987e\">A\u00f1os: 215\u00b0 y 166\u00b0<\/p>\n<p class=\"has-black-color has-text-color has-link-color wp-elements-1246804ab777be9437772c533667f099\">SUPUESTO PRINCIPAL: FP11-J-2025-000857<\/p>\n<p class=\"has-black-color has-text-color has-link-color wp-elements-1ebf2870174f363166986eea0778e0ff\">APARTAMENTO : FP11-J-2025-000857<\/p>\n<p class=\"has-text-align-center has-black-color has-text-color has-link-color wp-elements-dda64c6b3c7b74b8954318d7e5fd6a97\"><strong>CARTEL UNICO DE NOTIFICACION<\/strong><\/p>\n<p class=\"has-text-align-center has-black-color has-text-color has-link-color wp-elements-54f694e506086466ad0595a36ab087fb\"><strong>Se le hace saber:<\/strong><\/p>\n<p class=\"has-black-color has-text-color has-link-color wp-elements-792a15df5a6599c7b223ef1df528e72c\">Que con motivo de la Solicitud de <strong>RECTIFICACION DE PARTIDA DE NACIMIENTO<\/strong>presentada por el ciudadano: <strong>BLADIMIR DEL VALLE ASTUDILLO VELIZ<\/strong>venezolano, mayor de edad, titular de la cedula de identidad N\u00ba V-14.987.099, debidamente asistido por la abogada GERARDINA CAMPOS, Defensora Publica Auxiliar Tercera en materia de Protecci\u00f3n del Ni\u00f1o, Ni\u00f1a y del Adolescente, a beneficio de la adolescente: <strong>(Identidad omitida en virtud de lo dispuesto en el art\u00edculo 65 de la Ley Org\u00e1nica para la Protecci\u00f3n de Ni\u00f1os, Ni\u00f1as y Adolescentes)<\/strong>mediante la cual solicita <strong>RECTIFICACION DE PARTIDA DE NACIMIENTO<\/strong>por ante este Tribunal se ha acordado la Publicaci\u00f3n del presente CARTEL conforme al Articulo 461 de la Ley Org\u00e1nica para la Protecci\u00f3n de Ni\u00f1os, Ni\u00f1as y Adolescentes, a toda persona que tenga inter\u00e9s directo y manifiesto en la presente solicitud y puedan verse afectados sus derechos en la misma, a fin de que comparezcan a la Audiencia Preliminar, para formular sus oposiciones y defensas que ha bien tengan, en la referida audiencia, y que la Audiencia se proceder\u00e1 a fijar una vez conste en auto la notificaci\u00f3n del Fiscal del Ministerio Publico, y la constancia efectuada por el secretario en el presente juicio.-<\/p>\n<p class=\"has-black-color has-text-color has-link-color wp-elements-661f3a6ab5b4a8cb89992a32e634792e\">El presente cartel deber\u00e1 ser publicado en un diario de circulaci\u00f3n nacional y\/o local, de conformidad con lo dispuesto en el Art\u00edculo 516 en concordancia con el art\u00edculo 461 de la Ley Org\u00e1nica para la protecci\u00f3n de Ni\u00f1os, Ni\u00f1as y Adolescentes.<\/p>\n<p class=\"has-text-align-center has-black-color has-text-color has-link-color wp-elements-9943f938a46789d45ef2f89a6840279c\">(FDO. Y SELLADO)<\/p>\n<p class=\"has-text-align-center has-black-color has-text-color has-link-color wp-elements-fbedcf7f5b84dea77a0cb9811ad9f139\"><strong>ABG. OMARLIS SALAS<\/strong><\/p>\n<p class=\"has-text-align-center has-black-color has-text-color has-link-color wp-elements-c0330d18acc00ae81c9a923d4eb5abcf\">Jueza Provisoria del Tribunal Quinto de Primera Instancia de Mediaci\u00f3n, Sustanciaci\u00f3n y Ejecuci\u00f3n.-<\/p>\n<p class=\"has-black-color has-text-color has-link-color wp-elements-8a83d2552b5756a5723794dc3933dcaa\">OS\/tg. Cartel de Notificaci\u00f3n.<\/p>\n<p><iframe style=\"border: 0px none #ffffff;\" name=\"myiFrame\" width=\"800px\" height=\"650px\" marginwidth=\"0\" marginheight=\"0\" scrolling=\"no\" data-src=\"https:\/\/correodelcaroni.com\/wp-content\/uploads\/2025\/10\/Cartel_FP11-J2025000857_Web.pdf\" class=\"lazyload\"><\/iframe><\/p>\n<\/p><\/div>\n<\/p><\/div>\n\n","protected":false},"excerpt":{"rendered":"<p>REPUBLICA BOLIVARIANA DE VENEZUELA PODER JUDICIAL Tribunal Quinto de Mediaci\u00f3n, Sustanciaci\u00f3n y Ejecuci\u00f3n de Protecci\u00f3n de Ni\u00f1os, Ni\u00f1as y Adolescentes del Circuito Judicial del Estado Bol\u00edvar, Sede Puerto Ordaz Puerto Ordaz, 30 de junio de 2025 A\u00f1os: 215\u00b0 y 166\u00b0 SUPUESTO PRINCIPAL: FP11-J-2025-000857 APARTAMENTO : FP11-J-2025-000857 CARTEL UNICO DE NOTIFICACION Se le hace saber: Que &hellip;<\/p>\n","protected":false},"author":1,"featured_media":47577,"comment_status":"open","ping_status":"open","sticky":false,"template":"","format":"standard","meta":{"fifu_image_url":"https:\/\/correodelcaroni.com\/wp-content\/uploads\/2024\/01\/Imagen-Cartel-1.jpg","fifu_image_alt":"","footnotes":""},"categories":[4],"tags":[],"class_list":["post-47575","post","type-post","status-publish","format-standard","has-post-thumbnail","","category-historias-destacadas"],"_links":{"self":[{"href":"https:\/\/noticiasveraces.com\/index.php?rest_route=\/wp\/v2\/posts\/47575","targetHints":{"allow":["GET"]}}],"collection":[{"href":"https:\/\/noticiasveraces.com\/index.php?rest_route=\/wp\/v2\/posts"}],"about":[{"href":"https:\/\/noticiasveraces.com\/index.php?rest_route=\/wp\/v2\/types\/post"}],"author":[{"embeddable":true,"href":"https:\/\/noticiasveraces.com\/index.php?rest_route=\/wp\/v2\/users\/1"}],"replies":[{"embeddable":true,"href":"https:\/\/noticiasveraces.com\/index.php?rest_route=%2Fwp%2Fv2%2Fcomments&post=47575"}],"version-history":[{"count":0,"href":"https:\/\/noticiasveraces.com\/index.php?rest_route=\/wp\/v2\/posts\/47575\/revisions"}],"wp:featuredmedia":[{"embeddable":true,"href":"https:\/\/noticiasveraces.com\/index.php?rest_route=\/wp\/v2\/media\/47577"}],"wp:attachment":[{"href":"https:\/\/noticiasveraces.com\/index.php?rest_route=%2Fwp%2Fv2%2Fmedia&parent=47575"}],"wp:term":[{"taxonomy":"category","embeddable":true,"href":"https:\/\/noticiasveraces.com\/index.php?rest_route=%2Fwp%2Fv2%2Fcategories&post=47575"},{"taxonomy":"post_tag","embeddable":true,"href":"https:\/\/noticiasveraces.com\/index.php?rest_route=%2Fwp%2Fv2%2Ftags&post=47575"}],"curies":[{"name":"wp","href":"https:\/\/api.w.org\/{rel}","templated":true}]}}