{"id":47546,"date":"2025-10-27T23:08:11","date_gmt":"2025-10-28T03:08:11","guid":{"rendered":"https:\/\/noticiasveraces.com\/?p=47546"},"modified":"2025-10-27T23:08:11","modified_gmt":"2025-10-28T03:08:11","slug":"el-juez-decreta-secreto-de-sumario-en-la-investigacion-del-asesinato-de-ainhoa-el-ultimo-crimen-machista-sociedad","status":"publish","type":"post","link":"https:\/\/noticiasveraces.com\/?p=47546","title":{"rendered":"El juez decreta secreto de sumario en la investigaci\u00f3n del asesinato de Ainhoa, el \u00faltimo crimen machista | Sociedad"},"content":{"rendered":"<p> \n<br \/><img decoding=\"async\" src=\"https:\/\/imagenes.elpais.com\/resizer\/v2\/3ALZ7ZXZOFC33CE6VIRDXW32AQ.jpg?auth=88ef0800ad45a69c5a1ae40733f9c406683a0a28102b1e8d7781073392813b0f\" \/><\/p>\n<div data-dtm-region=\"articulo_cuerpo\">\n<p class=\"\">En las redes sociales del municipio de Librilla (en Murcia, y con unos 5.700 habitantes), este lunes, la imagen es un lazo negro. Este domingo, la Guardia Civil encontr\u00f3 el cad\u00e1ver de una joven de 19 a\u00f1os en el piso en el que viv\u00eda con su novio, de 27, y que fue detenido como sospechoso de este crimen del que, hasta el momento, ha trascendido muy poca informaci\u00f3n. Por el momento, las autoridades s\u00ed han confirmado que no exist\u00edan denuncias previas y que ni la mujer ni el presunto agresor estaban dentro del Sistema VioG\u00e9n, el de seguimiento de las v\u00edctimas de violencia machista. El juez ha decretado el secreto de sumario en la investigaci\u00f3n, seg\u00fan ha confirmado la alcaldesa de la localidad, Mar\u00eda del Mar Hern\u00e1ndez.<\/p>\n<p class=\"\">En un comunicado, tambi\u00e9n este lunes, el Ayuntamiento pon\u00eda nombre a la v\u00edctima: Ainhoa. \u201cCon motivo del tr\u00e1gico asesinato de nuestra vecina Ainhoa, v\u00edctima de violencia machista, el Ayuntamiento de Librilla, en nombre de todos sus vecinos y vecinas, quiere mostrar sus condolencias a familiares y amigos de la v\u00edctima, a la vez que expresamos nuestra repulsa hacia todo tipo de violencia contra la mujer\u201d. <\/p>\n<p class=\"\">V\u00edctima y agresor, ha explicado a los medios de comunicaci\u00f3n la alcaldesa, eran del pueblo, de familias \u201cmuy conocidas\u201d y que se encuentran en estado de <i>choque<\/i>. De hecho, los familiares del agresor, que fue detenido este domingo por la tarde, han necesitado ayuda psicol\u00f3gica y m\u00e9dica, seg\u00fan ha se\u00f1alado la dirigente, que ha decretado cinco d\u00edas de luto oficial en la localidad y un minuto de silencio el jueves a las 20 horas, coincidiendo con la celebraci\u00f3n del pleno municipal.<\/p>\n<p class=\"\">Hasta entonces, ha pedido \u201crespeto\u201d, ya que la investigaci\u00f3n del caso contin\u00faa abierta. La Delegaci\u00f3n del Gobierno para la Violencia de G\u00e9nero, que ya ha informado que est\u00e1 recabando datos sobre el crimen, a\u00fan no lo ha confirmado como asesinato machista. Cuando lo haga, ser\u00e1 el segundo crimen machista cometido este a\u00f1o en la Regi\u00f3n de Murcia, y el 33 en Espa\u00f1a. <\/p>\n<p class=\"\">Fuentes cercanas al caso han informado de que el agresor se encontraba en tratamiento psicol\u00f3gico. En cualquier caso, desde el Ayuntamiento de Librilla insisten en la necesidad de centrar la atenci\u00f3n en el apoyo y protecci\u00f3n al entorno de la v\u00edctima. \u201cSon hechos dif\u00edciles de entender y complicados de gestionar desde los sentimientos de quienes nos conocemos como vecinos\u201d, se\u00f1ala el Consistorio en el comunicado.<\/p>\n<p class=\"\">El presidente de la comunidad aut\u00f3noma, Fernando L\u00f3pez Miras, ha participado en un minuto de silencio en repulsa por este crimen convocado por el Ayuntamiento de San Javier, municipio en el que ten\u00eda la ma\u00f1ana de este lunes su agenda p\u00fablica, y ha condenado el crimen y trasladado el p\u00e9same a la familia de la v\u00edctima. \u201cQue todo el peso de la ley caiga sobre el responsable y que no tengamos que lamentar m\u00e1s sucesos como este\u201d, ha apuntado.<\/p>\n<p class=\"\">Por su parte, el delegado del Gobierno central en la comunidad aut\u00f3noma, Francisco Lucas, que esta ma\u00f1ana participaba en un acto en el instituto San Isidoro de Cartagena por su constituci\u00f3n como Punto Violeta, ha criticado tambi\u00e9n el \u201cbrutal crimen\u201d y ha puesto en valor el papel de la educaci\u00f3n como \u201cel mejor instrumento para transformar una sociedad libre de violencia de g\u00e9nero\u201d, por lo que ha llamado a toda la sociedad, instituciones y fuerzas pol\u00edticas a unirse contra este problema estructural extendido en todo el mundo.<\/p>\n<p class=\"\"><i>El tel\u00e9fono 016 atiende a las v\u00edctimas de violencia machista, a sus familias y a su entorno las 24 horas del d\u00eda, todos los d\u00edas del a\u00f1o, en 53 idiomas diferentes. El n\u00famero no queda registrado en la factura telef\u00f3nica, pero hay que borrar la llamada del dispositivo. Tambi\u00e9n se puede contactar a trav\u00e9s del correo electr\u00f3nico <\/i><i>016-online@igualdad.gob.es<\/i><i>  y por WhatsApp en el n\u00famero 600 000 016. Los menores pueden dirigirse al tel\u00e9fono de la Fundaci\u00f3n ANAR 900 20 20 10. Si es una situaci\u00f3n de emergencia, se puede llamar al 112 o a los tel\u00e9fonos de la Polic\u00eda Nacional (091) y de la Guardia Civil (062). Y en caso de no poder llamar, se puede recurrir a la aplicaci\u00f3n ALERTCOPS, desde la que se env\u00eda una se\u00f1al de alerta a la Polic\u00eda con geolocalizaci\u00f3n.<\/i><\/p>\n<\/div>\n\n","protected":false},"excerpt":{"rendered":"<p>En las redes sociales del municipio de Librilla (en Murcia, y con unos 5.700 habitantes), este lunes, la imagen es un lazo negro. Este domingo, la Guardia Civil encontr\u00f3 el cad\u00e1ver de una joven de 19 a\u00f1os en el piso en el que viv\u00eda con su novio, de 27, y que fue detenido como sospechoso &hellip;<\/p>\n","protected":false},"author":1,"featured_media":47548,"comment_status":"open","ping_status":"open","sticky":false,"template":"","format":"standard","meta":{"fifu_image_url":"https:\/\/imagenes.elpais.com\/resizer\/v2\/3ALZ7ZXZOFC33CE6VIRDXW32AQ.jpg?auth=88ef0800ad45a69c5a1ae40733f9c406683a0a28102b1e8d7781073392813b0f&width=1200","fifu_image_alt":"","footnotes":""},"categories":[11],"tags":[],"class_list":["post-47546","post","type-post","status-publish","format-standard","has-post-thumbnail","","category-viaje"],"_links":{"self":[{"href":"https:\/\/noticiasveraces.com\/index.php?rest_route=\/wp\/v2\/posts\/47546","targetHints":{"allow":["GET"]}}],"collection":[{"href":"https:\/\/noticiasveraces.com\/index.php?rest_route=\/wp\/v2\/posts"}],"about":[{"href":"https:\/\/noticiasveraces.com\/index.php?rest_route=\/wp\/v2\/types\/post"}],"author":[{"embeddable":true,"href":"https:\/\/noticiasveraces.com\/index.php?rest_route=\/wp\/v2\/users\/1"}],"replies":[{"embeddable":true,"href":"https:\/\/noticiasveraces.com\/index.php?rest_route=%2Fwp%2Fv2%2Fcomments&post=47546"}],"version-history":[{"count":0,"href":"https:\/\/noticiasveraces.com\/index.php?rest_route=\/wp\/v2\/posts\/47546\/revisions"}],"wp:featuredmedia":[{"embeddable":true,"href":"https:\/\/noticiasveraces.com\/index.php?rest_route=\/wp\/v2\/media\/47548"}],"wp:attachment":[{"href":"https:\/\/noticiasveraces.com\/index.php?rest_route=%2Fwp%2Fv2%2Fmedia&parent=47546"}],"wp:term":[{"taxonomy":"category","embeddable":true,"href":"https:\/\/noticiasveraces.com\/index.php?rest_route=%2Fwp%2Fv2%2Fcategories&post=47546"},{"taxonomy":"post_tag","embeddable":true,"href":"https:\/\/noticiasveraces.com\/index.php?rest_route=%2Fwp%2Fv2%2Ftags&post=47546"}],"curies":[{"name":"wp","href":"https:\/\/api.w.org\/{rel}","templated":true}]}}