{"id":47544,"date":"2025-10-27T22:20:10","date_gmt":"2025-10-28T02:20:10","guid":{"rendered":"https:\/\/noticiasveraces.com\/?p=47544"},"modified":"2025-10-27T22:20:10","modified_gmt":"2025-10-28T02:20:10","slug":"israel-recibe-cuerpo-de-rehen-secuestrado-en-gaza-por-hamas-dw-27-10-2025","status":"publish","type":"post","link":"https:\/\/noticiasveraces.com\/?p=47544","title":{"rendered":"Israel recibe cuerpo de reh\u00e9n secuestrado en Gaza por Ham\u00e1s \u2013 DW \u2013 27\/10\/2025"},"content":{"rendered":"<p> \n<\/p>\n<div data-tracking-name=\"rich-text\" data-tracking-skip=\"true\">\n<p>Israel anunci\u00f3 este lunes (27.10.2025) que la Cruz Roja le entreg\u00f3 el cad\u00e1ver de un reh\u00e9n a sus fuerzas desplegadas en la Franja de Gaza, en el marco del acuerdo de alto al fuego con el movimiento terrorista palestino Ham\u00e1s.<\/p>\n<p>La oficina del primer ministro israel\u00ed Benjamin Netanyahu declar\u00f3 en un comunicado que los restos ser\u00e1n enviados a Israel para su identificaci\u00f3n. Si esto se confirma, quedar\u00edan 12 cuerpos de rehenes israel\u00edes en el enclave.<\/p>\n<p>El Foro de Familias de Rehenes, principal asociaci\u00f3n de allegados de los cautivos israel\u00edes en Gaza, record\u00f3 que el pacto comprend\u00eda el regreso de todos los rehenes vivos y muertos para el 13 de octubre.<\/p>\n<h2><strong>La segunda fase del plan de paz de Trump enfrenta obst\u00e1culos<\/strong><\/h2>\n<p>Por ello, inst\u00f3 \u00abal gobierno israel\u00ed, a la administraci\u00f3n estadounidense y a los mediadores a no pasar a la siguiente fase\u00bb hasta que Ham\u00e1s \u00abhaya cumplido todas sus obligaciones\u00bb.<\/p>\n<p>La segunda fase del plan del presidente estadounidense Donald Trump para poner fin a dos a\u00f1os de conflicto en Gaza incluye principalmente, el desarme del grupo islamista y la amnist\u00eda o el exilio de sus combatientes, as\u00ed como la continuaci\u00f3n de la retirada del ej\u00e9rcito israel\u00ed del territorio, unos puntos que siguen siendo objeto de debate.<\/p>\n<p>afp\/Reuters<\/p>\n<\/div>\n\n","protected":false},"excerpt":{"rendered":"<p>Israel anunci\u00f3 este lunes (27.10.2025) que la Cruz Roja le entreg\u00f3 el cad\u00e1ver de un reh\u00e9n a sus fuerzas desplegadas en la Franja de Gaza, en el marco del acuerdo de alto al fuego con el movimiento terrorista palestino Ham\u00e1s. La oficina del primer ministro israel\u00ed Benjamin Netanyahu declar\u00f3 en un comunicado que los restos &hellip;<\/p>\n","protected":false},"author":1,"featured_media":47545,"comment_status":"open","ping_status":"open","sticky":false,"template":"","format":"standard","meta":{"fifu_image_url":"https:\/\/static.dw.com\/image\/74500770_6.jpg","fifu_image_alt":"","footnotes":""},"categories":[13],"tags":[],"class_list":["post-47544","post","type-post","status-publish","format-standard","has-post-thumbnail","","category-mundo"],"_links":{"self":[{"href":"https:\/\/noticiasveraces.com\/index.php?rest_route=\/wp\/v2\/posts\/47544","targetHints":{"allow":["GET"]}}],"collection":[{"href":"https:\/\/noticiasveraces.com\/index.php?rest_route=\/wp\/v2\/posts"}],"about":[{"href":"https:\/\/noticiasveraces.com\/index.php?rest_route=\/wp\/v2\/types\/post"}],"author":[{"embeddable":true,"href":"https:\/\/noticiasveraces.com\/index.php?rest_route=\/wp\/v2\/users\/1"}],"replies":[{"embeddable":true,"href":"https:\/\/noticiasveraces.com\/index.php?rest_route=%2Fwp%2Fv2%2Fcomments&post=47544"}],"version-history":[{"count":0,"href":"https:\/\/noticiasveraces.com\/index.php?rest_route=\/wp\/v2\/posts\/47544\/revisions"}],"wp:featuredmedia":[{"embeddable":true,"href":"https:\/\/noticiasveraces.com\/index.php?rest_route=\/wp\/v2\/media\/47545"}],"wp:attachment":[{"href":"https:\/\/noticiasveraces.com\/index.php?rest_route=%2Fwp%2Fv2%2Fmedia&parent=47544"}],"wp:term":[{"taxonomy":"category","embeddable":true,"href":"https:\/\/noticiasveraces.com\/index.php?rest_route=%2Fwp%2Fv2%2Fcategories&post=47544"},{"taxonomy":"post_tag","embeddable":true,"href":"https:\/\/noticiasveraces.com\/index.php?rest_route=%2Fwp%2Fv2%2Ftags&post=47544"}],"curies":[{"name":"wp","href":"https:\/\/api.w.org\/{rel}","templated":true}]}}