{"id":47523,"date":"2025-10-27T20:13:19","date_gmt":"2025-10-28T00:13:19","guid":{"rendered":"https:\/\/noticiasveraces.com\/?p=47523"},"modified":"2025-10-27T20:13:19","modified_gmt":"2025-10-28T00:13:19","slug":"asi-sera-la-primera-edicion-de-la-copa-valores-fides-panathlon-compensar-curiosidades-de-futbol","status":"publish","type":"post","link":"https:\/\/noticiasveraces.com\/?p=47523","title":{"rendered":"As\u00ed ser\u00e1 la primera edici\u00f3n de la \u201cCopa Valores\u201d FIDES \u2013 Panathl\u00f3n &#8211; Compensar | Curiosidades de f\u00fatbol"},"content":{"rendered":"<p> \n<br \/><img decoding=\"async\" src=\"https:\/\/www.futbolred.com\/files\/article_graphic\/uploads\/2025\/10\/27\/68ffb63da4376.jpeg\" \/><\/p>\n<div id=\"cuerpoArticulo\">\n<p class=\"texto intro cnx-companion-firstparagraph\" id=\"p257722-m662-661-663\">La cancha se convertir\u00e1 en un espacio de integraci\u00f3n, juego limpio y transformaci\u00f3n social con la primera edici\u00f3n de la \u201cCopa Valores\u201d FIDES \u2013 Panathl\u00f3n &#8211; Compensar 2025, un torneo que se llevar\u00e1 a cabo los pr\u00f3ximos 30 y 31 de octubre de 8:00 a.m. a 12:00 p.m., en el estadio de Compensar Av. 68, como parte del 13.\u00ba Encuentro Deportivo y de Artes Esc\u00e9nicas FIDES &#8211; Compensar.<\/p>\n<p>Durante dos d\u00edas, seis equipos conformados por j\u00f3venes entre 13 y 16 a\u00f1os con capacidades cognitivas diversas de los programas FIDES y del programa de f\u00fatbol infantil de Compensar, se reunir\u00e1n en torno a un mismo prop\u00f3sito: vivir y promover los valores del deporte como herramienta de inclusi\u00f3n y construcci\u00f3n de sociedad. <\/p>\n<p class=\"texto contenido-parrafo-articulo cnx-companion-paragraph\" id=\"p257722-m738-3-739\">\u201cEsta Copa es un s\u00edmbolo de respeto por la diferencia, de cooperaci\u00f3n y de trabajo en equipo. A trav\u00e9s del f\u00fatbol, queremos que ni\u00f1os y j\u00f3venes compartan experiencias significativas que fortalezcan la inclusi\u00f3n y evidencien el poder del deporte para transformar realidades. Esta iniciativa se enmarca en la apuesta de Compensar por un bienestar integral que fomenta el desarrollo humano a trav\u00e9s de la recreaci\u00f3n y el disfrute\u201d, afirm\u00f3 Constanza Vanegas, Gerente encargada de Recreaci\u00f3n, Deporte y Cultura de Compensar.<\/p>\n<p>El torneo contar\u00e1 con la participaci\u00f3n de reconocidos exdirectores t\u00e9cnicos como invitados especiales, quienes acompa\u00f1ar\u00e1n y motivar\u00e1n a los jugadores a lo largo de la jornada. Entre estas leyendas del f\u00fatbol colombiano que asumen su compromiso como Directores T\u00e9cnicos estar\u00e1n, Juan Antonio G\u00f3mez Voglino, \u00d3scar \u00abP\u00e1jaro\u00bb Ju\u00e1rez, Arnoldo Iguar\u00e1n, \u00c1lvaro Duarte, Nilton Bernal y Arturo Boyac\u00e1.<\/p>\n<p>Adem\u00e1s, se disputar\u00e1 en dos triangulares con semifinales y finales, bajo un reglamento dise\u00f1ado para asegurar la participaci\u00f3n equitativa de todos. En total, ser\u00e1n 6 equipos de 16 jugadores cada uno, conformados por 8 j\u00f3venes atletas FIDES y 8 futbolistas de las escuelas Compensar, en igualdad de n\u00famero entre hombres y mujeres.<\/p>\n<p>\u201cPara Panathl\u00f3n, participar en esta iniciativa junto a FIDES y Compensar es una oportunidad para impulsar una forma de vivir el deporte basada en el juego limpio, el respeto y la alegr\u00eda. Estamos convencidos de que este torneo ser\u00e1 un escenario inspirador para formar ni\u00f1os y j\u00f3venes que contribuyan activamente a construir comunidades m\u00e1s emp\u00e1ticas y solidarias. Nuestro evento demostrar\u00e1 c\u00f3mo el deporte construye sociedad y logra que el  lema de Panathl\u00f3n \u00abLudis iungit\u00bb       (el deporte une) se hace realidad.\u201d, expres\u00f3 Guillermo Gonz\u00e1lez L\u00f3pez, Presidente Panathl\u00f3n Club Colombia.<\/p>\n<p>La Copa se desarrollar\u00e1 en el marco del 13.\u00ba Encuentro Deportivo y de Artes Esc\u00e9nicas FIDES -Compensar, que se llevar\u00e1 a cabo del 28 al 31 de octubre de 8:00 a.m. a 1:00 p.m. en diversos escenarios de Compensar Av. 68, y reunir\u00e1 a 500 participantes de distintas instituciones aliadas a la Fundaci\u00f3n. Durante estos d\u00edas, los asistentes podr\u00e1n apreciar sus habilidades en disciplinas deportivas como gimnasia, f\u00fatbol, bolos, baloncesto y tenis de mesa, as\u00ed como en expresiones art\u00edsticas como danza, m\u00fasica y teatro.<\/p>\n<p>\u201cDurante 13 a\u00f1os hemos llevado a cabo este evento en el que los j\u00f3venes demuestran su potencial, fortalecen su autonom\u00eda y llenan de alegr\u00eda a quienes los rodean. Este camino ha sido posible gracias al compromiso de sus familias, cuidadores y tutores, quienes han acompa\u00f1ado cada etapa. Por eso, invitamos al p\u00fablico a sumarse a esta nueva edici\u00f3n, que durante toda la semana ofrecer\u00e1 presentaciones, exhibiciones y competencias, y en la que damos un paso m\u00e1s al integrar el arte y el deporte como un lenguaje universal que une, inspira y fortalece los lazos comunitarios\u201d, se\u00f1al\u00f3 Alejandro Escall\u00f3n Lloreda, presidente de FIDES.<\/p>\n<\/div>\n\n","protected":false},"excerpt":{"rendered":"<p>La cancha se convertir\u00e1 en un espacio de integraci\u00f3n, juego limpio y transformaci\u00f3n social con la primera edici\u00f3n de la \u201cCopa Valores\u201d FIDES \u2013 Panathl\u00f3n &#8211; Compensar 2025, un torneo que se llevar\u00e1 a cabo los pr\u00f3ximos 30 y 31 de octubre de 8:00 a.m. a 12:00 p.m., en el estadio de Compensar Av. 68, &hellip;<\/p>\n","protected":false},"author":1,"featured_media":47525,"comment_status":"open","ping_status":"open","sticky":false,"template":"","format":"standard","meta":{"fifu_image_url":"https:\/\/www.futbolred.com\/files\/og_thumbnail\/uploads\/2025\/10\/27\/68ffb63da4376.jpeg","fifu_image_alt":"","footnotes":""},"categories":[6],"tags":[],"class_list":["post-47523","post","type-post","status-publish","format-standard","has-post-thumbnail","","category-deportes"],"_links":{"self":[{"href":"https:\/\/noticiasveraces.com\/index.php?rest_route=\/wp\/v2\/posts\/47523","targetHints":{"allow":["GET"]}}],"collection":[{"href":"https:\/\/noticiasveraces.com\/index.php?rest_route=\/wp\/v2\/posts"}],"about":[{"href":"https:\/\/noticiasveraces.com\/index.php?rest_route=\/wp\/v2\/types\/post"}],"author":[{"embeddable":true,"href":"https:\/\/noticiasveraces.com\/index.php?rest_route=\/wp\/v2\/users\/1"}],"replies":[{"embeddable":true,"href":"https:\/\/noticiasveraces.com\/index.php?rest_route=%2Fwp%2Fv2%2Fcomments&post=47523"}],"version-history":[{"count":0,"href":"https:\/\/noticiasveraces.com\/index.php?rest_route=\/wp\/v2\/posts\/47523\/revisions"}],"wp:featuredmedia":[{"embeddable":true,"href":"https:\/\/noticiasveraces.com\/index.php?rest_route=\/wp\/v2\/media\/47525"}],"wp:attachment":[{"href":"https:\/\/noticiasveraces.com\/index.php?rest_route=%2Fwp%2Fv2%2Fmedia&parent=47523"}],"wp:term":[{"taxonomy":"category","embeddable":true,"href":"https:\/\/noticiasveraces.com\/index.php?rest_route=%2Fwp%2Fv2%2Fcategories&post=47523"},{"taxonomy":"post_tag","embeddable":true,"href":"https:\/\/noticiasveraces.com\/index.php?rest_route=%2Fwp%2Fv2%2Ftags&post=47523"}],"curies":[{"name":"wp","href":"https:\/\/api.w.org\/{rel}","templated":true}]}}