{"id":47520,"date":"2025-10-27T19:17:39","date_gmt":"2025-10-27T23:17:39","guid":{"rendered":"https:\/\/noticiasveraces.com\/?p=47520"},"modified":"2025-10-27T19:17:39","modified_gmt":"2025-10-27T23:17:39","slug":"el-ministro-de-educacion-ordeno-eliminar-el-minimo-comun-multiplo-en-matematicas","status":"publish","type":"post","link":"https:\/\/noticiasveraces.com\/?p=47520","title":{"rendered":"\u00bfEl ministro de Educaci\u00f3n orden\u00f3 eliminar el m\u00ednimo com\u00fan m\u00faltiplo en Matem\u00e1ticas?"},"content":{"rendered":"<p> \n<\/p>\n<div>\n<p><strong>Es falso. <\/strong>Recientemente, difundieron <strong>una noticia falsa <\/strong>en Facebook que aseguraba que el ministro de Educaci\u00f3n, H\u00e9ctor Rodr\u00edguez, hab\u00eda ordenado eliminar el contenido sobre m\u00ednimo com\u00fan m\u00faltiplo (MCM) de la materia de Matem\u00e1ticas, supuestamente porque la iniciales coincid\u00edan con el nombre de la dirigente opositora Mar\u00eda Corina Machado. <\/p>\n<p>\u201c\u00a1Barbarie Pedag\u00f3gica! \u00a1Nos costaba creerlo pero es verdad! Malandro H\u00e9ctor Rodr\u00edguez ordena eliminar de los contenidos de Matem\u00e1tica en MPPE, el M\u00ednimo Com\u00fan M\u00faltiplo, empleando las iniciales MCM, porque coinciden con el nombre de la ganadora del Nobel de la Paz, Mar\u00eda Corina Machado\u201d, dice el texto<strong> con informaci\u00f3n falsa <\/strong>que se ha difundido en redes sociales.<\/p>\n<p>Luego de hacer una b\u00fasqueda en Google, el equipo de <strong>El Diario <\/strong>constat\u00f3 que <strong>no hay informaci\u00f3n ver\u00eddica sobre este supuesto anuncio<\/strong>. Tampoco el ministro ha realizado una publicaci\u00f3n oficial con esta noticia. <\/p>\n<figure class=\"wp-block-image size-large\"><img fetchpriority=\"high\" decoding=\"async\" width=\"1200\" height=\"900\" src=\"https:\/\/eldiario.com\/wp-content\/uploads\/2025\/10\/ED-CHEQUEALO-FALSO-5-1200x900.jpg\" alt=\"\u00bfEl ministro de Educaci\u00f3n orden\u00f3 eliminar el m\u00ednimo com\u00fan m\u00faltiplo en Matem\u00e1ticas?\" class=\"wp-image-824462\" srcset=\"https:\/\/eldiario.com\/wp-content\/uploads\/2025\/10\/ED-CHEQUEALO-FALSO-5-1200x900.jpg 1200w, https:\/\/eldiario.com\/wp-content\/uploads\/2025\/10\/ED-CHEQUEALO-FALSO-5-300x225.jpg 300w, https:\/\/eldiario.com\/wp-content\/uploads\/2025\/10\/ED-CHEQUEALO-FALSO-5-768x576.jpg 768w, https:\/\/eldiario.com\/wp-content\/uploads\/2025\/10\/ED-CHEQUEALO-FALSO-5-1536x1152.jpg 1536w, https:\/\/eldiario.com\/wp-content\/uploads\/2025\/10\/ED-CHEQUEALO-FALSO-5-860x645.jpg 860w, https:\/\/eldiario.com\/wp-content\/uploads\/2025\/10\/ED-CHEQUEALO-FALSO-5-150x113.jpg 150w, https:\/\/eldiario.com\/wp-content\/uploads\/2025\/10\/ED-CHEQUEALO-FALSO-5.jpg 1600w\" sizes=\"(max-width: 1200px) 100vw, 1200px\"\/><\/figure>\n<p>Por su parte, el medio <em>Cotejo Info<\/em>dedicado a verificar informaci\u00f3n, precis\u00f3 en una publicaci\u00f3n que <strong>el contenido falso<\/strong> acumula m\u00e1s de 4.200 reacciones, 2.090 comentarios y ha sido compartido casi 500 veces por usuarios en Facebook. <\/p>\n<h2 class=\"wp-block-heading\" id=\"h-informacion-publicada-en-chiguire-bipolar\"><strong>Informaci\u00f3n publicada en<\/strong><strong><em>  Chiguire Bipolar<\/em><\/strong><\/h2>\n<p>En los buscadores de Google se detect\u00f3 en el portal <em>Chiguire Bipolar<\/em> una publicaci\u00f3n del 14 de octubre de 2025 titulada \u201cMinisterio de Educaci\u00f3n proh\u00edbe las matem\u00e1ticas para que no se ense\u00f1e el MCM\u201d. Sin embargo, esta noticia forma parte del <strong>contenido sat\u00edrico que suele realizar esta p\u00e1gina web<\/strong>. <\/p>\n<p>De hecho, en su portal, el <em>Chiguire Bipolar <\/em>aclara que la informaci\u00f3n que publica son \u201cnoticias parciales y sin veracidad\u201d.<\/p>\n<figure class=\"wp-block-image size-large\"><picture decoding=\"async\" class=\"wp-image-796738\"><source type=\"image\/webp\" srcset=\"https:\/\/eldiario.com\/wp-content\/uploads\/2025\/06\/Hector-Rodriguez-1200x800.jpg.webp 1200w, https:\/\/eldiario.com\/wp-content\/uploads\/2025\/06\/Hector-Rodriguez-300x200.jpg.webp 300w, https:\/\/eldiario.com\/wp-content\/uploads\/2025\/06\/Hector-Rodriguez-768x512.jpg.webp 768w, https:\/\/eldiario.com\/wp-content\/uploads\/2025\/06\/Hector-Rodriguez-1536x1024.jpg.webp 1536w, https:\/\/eldiario.com\/wp-content\/uploads\/2025\/06\/Hector-Rodriguez-330x220.jpg.webp 330w, https:\/\/eldiario.com\/wp-content\/uploads\/2025\/06\/Hector-Rodriguez-420x280.jpg.webp 420w, https:\/\/eldiario.com\/wp-content\/uploads\/2025\/06\/Hector-Rodriguez-615x410.jpg.webp 615w, https:\/\/eldiario.com\/wp-content\/uploads\/2025\/06\/Hector-Rodriguez-860x574.jpg.webp 860w, https:\/\/eldiario.com\/wp-content\/uploads\/2025\/06\/Hector-Rodriguez-150x100.jpg.webp 150w, https:\/\/eldiario.com\/wp-content\/uploads\/2025\/06\/Hector-Rodriguez.jpg.webp 1600w\" sizes=\"(max-width: 1200px) 100vw, 1200px\"\/><img loading=\"lazy\" decoding=\"async\" width=\"1200\" height=\"800\" src=\"https:\/\/eldiario.com\/wp-content\/uploads\/2025\/06\/Hector-Rodriguez-1200x800.jpg\" alt=\"Ministerio de Educaci\u00f3n no autoriza contratar &quot;Paquetes de grado&quot;: estas son las razones\" srcset=\"https:\/\/eldiario.com\/wp-content\/uploads\/2025\/06\/Hector-Rodriguez-1200x800.jpg 1200w, https:\/\/eldiario.com\/wp-content\/uploads\/2025\/06\/Hector-Rodriguez-300x200.jpg 300w, https:\/\/eldiario.com\/wp-content\/uploads\/2025\/06\/Hector-Rodriguez-768x512.jpg 768w, https:\/\/eldiario.com\/wp-content\/uploads\/2025\/06\/Hector-Rodriguez-1536x1024.jpg 1536w, https:\/\/eldiario.com\/wp-content\/uploads\/2025\/06\/Hector-Rodriguez-330x220.jpg 330w, https:\/\/eldiario.com\/wp-content\/uploads\/2025\/06\/Hector-Rodriguez-420x280.jpg 420w, https:\/\/eldiario.com\/wp-content\/uploads\/2025\/06\/Hector-Rodriguez-615x410.jpg 615w, https:\/\/eldiario.com\/wp-content\/uploads\/2025\/06\/Hector-Rodriguez-860x574.jpg 860w, https:\/\/eldiario.com\/wp-content\/uploads\/2025\/06\/Hector-Rodriguez-150x100.jpg 150w, https:\/\/eldiario.com\/wp-content\/uploads\/2025\/06\/Hector-Rodriguez.jpg 1600w\" sizes=\"auto, (max-width: 1200px) 100vw, 1200px\"\/>\n<\/picture><figcaption class=\"wp-element-caption\">H\u00e9ctor Rodr\u00edguez | Foto: mppeducacion<br \/>\n<\/figcaption><\/figure>\n<p>La publicaci\u00f3n sobre el MCM pudo haber sido tomada desde este portal y sacado de contexto <strong>para luego difundir la noticia falsa en redes sociales<\/strong>. <em>Cotejo Info <\/em>menciona en su p\u00e1gina web que esta no es la primera vez que una noticia falsa publicada en <em>Chiguire Bipolar<\/em> es difundida como si fuera real, generando desinformaci\u00f3n en las plataformas digitales. <\/p>\n<p><!-- CONTENT END 1 -->\n<\/div>\n\n","protected":false},"excerpt":{"rendered":"<p>Es falso. Recientemente, difundieron una noticia falsa en Facebook que aseguraba que el ministro de Educaci\u00f3n, H\u00e9ctor Rodr\u00edguez, hab\u00eda ordenado eliminar el contenido sobre m\u00ednimo com\u00fan m\u00faltiplo (MCM) de la materia de Matem\u00e1ticas, supuestamente porque la iniciales coincid\u00edan con el nombre de la dirigente opositora Mar\u00eda Corina Machado. \u201c\u00a1Barbarie Pedag\u00f3gica! \u00a1Nos costaba creerlo pero es &hellip;<\/p>\n","protected":false},"author":1,"featured_media":47522,"comment_status":"open","ping_status":"open","sticky":false,"template":"","format":"standard","meta":{"fifu_image_url":"https:\/\/eldiario.com\/wp-content\/uploads\/2025\/10\/ED-CHEQUEALO-FALSO-4.jpg","fifu_image_alt":"","footnotes":""},"categories":[13],"tags":[],"class_list":["post-47520","post","type-post","status-publish","format-standard","has-post-thumbnail","","category-mundo"],"_links":{"self":[{"href":"https:\/\/noticiasveraces.com\/index.php?rest_route=\/wp\/v2\/posts\/47520","targetHints":{"allow":["GET"]}}],"collection":[{"href":"https:\/\/noticiasveraces.com\/index.php?rest_route=\/wp\/v2\/posts"}],"about":[{"href":"https:\/\/noticiasveraces.com\/index.php?rest_route=\/wp\/v2\/types\/post"}],"author":[{"embeddable":true,"href":"https:\/\/noticiasveraces.com\/index.php?rest_route=\/wp\/v2\/users\/1"}],"replies":[{"embeddable":true,"href":"https:\/\/noticiasveraces.com\/index.php?rest_route=%2Fwp%2Fv2%2Fcomments&post=47520"}],"version-history":[{"count":0,"href":"https:\/\/noticiasveraces.com\/index.php?rest_route=\/wp\/v2\/posts\/47520\/revisions"}],"wp:featuredmedia":[{"embeddable":true,"href":"https:\/\/noticiasveraces.com\/index.php?rest_route=\/wp\/v2\/media\/47522"}],"wp:attachment":[{"href":"https:\/\/noticiasveraces.com\/index.php?rest_route=%2Fwp%2Fv2%2Fmedia&parent=47520"}],"wp:term":[{"taxonomy":"category","embeddable":true,"href":"https:\/\/noticiasveraces.com\/index.php?rest_route=%2Fwp%2Fv2%2Fcategories&post=47520"},{"taxonomy":"post_tag","embeddable":true,"href":"https:\/\/noticiasveraces.com\/index.php?rest_route=%2Fwp%2Fv2%2Ftags&post=47520"}],"curies":[{"name":"wp","href":"https:\/\/api.w.org\/{rel}","templated":true}]}}