{"id":47496,"date":"2025-10-27T14:12:06","date_gmt":"2025-10-27T18:12:06","guid":{"rendered":"https:\/\/noticiasveraces.com\/?p=47496"},"modified":"2025-10-27T14:12:06","modified_gmt":"2025-10-27T18:12:06","slug":"dani-alves-sorprende-al-mundo-por-radical-cambio-de-ser-acusado-por-abuso-sexual-a-ser-predicador-curiosidades-de-futbol","status":"publish","type":"post","link":"https:\/\/noticiasveraces.com\/?p=47496","title":{"rendered":"Dani Alves sorprende al mundo por radical cambio: de ser acusado por abuso sexual a ser predicador | Curiosidades de f\u00fatbol"},"content":{"rendered":"<p> \n<br \/><img decoding=\"async\" src=\"https:\/\/www.futbolred.com\/files\/article_graphic\/uploads\/2024\/03\/25\/66019d38a0007.png\" \/><\/p>\n<div id=\"cuerpoArticulo\">\n<p class=\"texto intro cnx-companion-firstparagraph\" id=\"p257727-m930-929-931\">Dani Alves volvi\u00f3 a ver la libertad el pasado mes de marzo, cuando fue absuelto por el\u00a0Tribunal Superior de Justicia de Catalu\u00f1a, luego de determinar que no exist\u00edan pruebas contundentes respecto al delito por presunto abuso sexual. <\/p>\n<p>Ahora, el recordado jugador del Barcelona y la Selecci\u00f3n de Brasil, vive un nuevo cap\u00edtulo, al lado de Joana Sanz, con quien recientemente tuvo su primera hija. <\/p>\n<p class=\"texto contenido-parrafo-articulo cnx-companion-paragraph\" id=\"p257727-m1006-3-1007\">Al mismo tiempo, se refugi\u00f3 en la religi\u00f3n. O as\u00ed lo reporta la prensa internacional y varios videos difundidos en las redes sociales, donde se observa al exfutbolista hacer presencia en una iglesia e incluso, hablar ante los feligreses. <\/p>\n<p class=\"texto contenido-parrafo-articulo cnx-companion-paragraph\" id=\"p257727-m1018-5-1019\">\u00abLleva una vida completamente distinta, alejada de los medios y del f\u00fatbol profesional (&#8230;) Se le ve predicando en una iglesia de Girona, concretamente en la Iglesia Elim Girona\u00bb, indic\u00f3 el diario Marca de Espa\u00f1a. <\/p>\n<p>Precisamente en estas publicaciones, el brasile\u00f1o indica que: \u00abEn medio de las turbulencias, en medio de la tempestad, siempre hay un mensajero de Dios. Y ese mensajero, en el peor momento de mi vida, me recogi\u00f3, me llev\u00f3 para la Iglesia para el camino y hoy yo estoy en el camino gracias a ellos\u201d.<\/p>\n<div id=\"p257727-m1024-6-1025\" class=\"\">\n<blockquote class=\"twitter-tweet\" data-media-max-width=\"560\">\n<p lang=\"es\" dir=\"ltr\">\u271d\ufe0f\ud83d\ude4f El giro radical de Dani Alves: se convierte en predicador en una iglesia de Girona tras hacer \u00abun pacto con Dios\u00bb<\/p>\n<p>\ud83d\udc49El exfutbolista del Bar\u00e7a, absuelto de la acusaci\u00f3n de agresi\u00f3n sexual, ha encontrado refugio en la fe cristiana evang\u00e9lica <a href=\"https:\/\/t.co\/uhQp7lmRvq\">pic.twitter.com\/uhQp7lmRvq<\/a><\/p>\n<p>\u2014 EL ESPA\u00d1OL (@elespanolcom) <a href=\"https:\/\/twitter.com\/elespanolcom\/status\/1982772932058456569?ref_src=twsrc%5Etfw\">27 de octubre de 2025<\/a><\/p><\/blockquote><\/div>\n<p class=\"texto contenido-parrafo-articulo cnx-companion-paragraph\" id=\"p257727-m1036-8-1037\">Otra muestra de esto, es que en su cuenta oficial de Instagram realiz\u00f3 diferentes publicaciones que conten\u00edan vers\u00edculos b\u00edblicos y diversos mensajes relacionados a la religi\u00f3n. \u201cDisc\u00edpulo de Cristo Jes\u00fas\u00bb, se lee en su perfil.<\/p>\n<p>As\u00ed las cosas, Alves se encuentra viviendo un estilo totalmente diferente al de a\u00f1os anteriores junto a su pareja.<\/p>\n<\/div>\n<p><script async src=\"https:\/\/platform.twitter.com\/widgets.js\" charset=\"utf-8\"><\/script><br \/>\n<br \/>\n","protected":false},"excerpt":{"rendered":"<p>Dani Alves volvi\u00f3 a ver la libertad el pasado mes de marzo, cuando fue absuelto por el\u00a0Tribunal Superior de Justicia de Catalu\u00f1a, luego de determinar que no exist\u00edan pruebas contundentes respecto al delito por presunto abuso sexual. Ahora, el recordado jugador del Barcelona y la Selecci\u00f3n de Brasil, vive un nuevo cap\u00edtulo, al lado de &hellip;<\/p>\n","protected":false},"author":1,"featured_media":47498,"comment_status":"open","ping_status":"open","sticky":false,"template":"","format":"standard","meta":{"fifu_image_url":"https:\/\/www.futbolred.com\/files\/og_thumbnail\/uploads\/2024\/03\/25\/66019d38a0007.png","fifu_image_alt":"","footnotes":""},"categories":[6],"tags":[],"class_list":["post-47496","post","type-post","status-publish","format-standard","has-post-thumbnail","","category-deportes"],"_links":{"self":[{"href":"https:\/\/noticiasveraces.com\/index.php?rest_route=\/wp\/v2\/posts\/47496","targetHints":{"allow":["GET"]}}],"collection":[{"href":"https:\/\/noticiasveraces.com\/index.php?rest_route=\/wp\/v2\/posts"}],"about":[{"href":"https:\/\/noticiasveraces.com\/index.php?rest_route=\/wp\/v2\/types\/post"}],"author":[{"embeddable":true,"href":"https:\/\/noticiasveraces.com\/index.php?rest_route=\/wp\/v2\/users\/1"}],"replies":[{"embeddable":true,"href":"https:\/\/noticiasveraces.com\/index.php?rest_route=%2Fwp%2Fv2%2Fcomments&post=47496"}],"version-history":[{"count":0,"href":"https:\/\/noticiasveraces.com\/index.php?rest_route=\/wp\/v2\/posts\/47496\/revisions"}],"wp:featuredmedia":[{"embeddable":true,"href":"https:\/\/noticiasveraces.com\/index.php?rest_route=\/wp\/v2\/media\/47498"}],"wp:attachment":[{"href":"https:\/\/noticiasveraces.com\/index.php?rest_route=%2Fwp%2Fv2%2Fmedia&parent=47496"}],"wp:term":[{"taxonomy":"category","embeddable":true,"href":"https:\/\/noticiasveraces.com\/index.php?rest_route=%2Fwp%2Fv2%2Fcategories&post=47496"},{"taxonomy":"post_tag","embeddable":true,"href":"https:\/\/noticiasveraces.com\/index.php?rest_route=%2Fwp%2Fv2%2Ftags&post=47496"}],"curies":[{"name":"wp","href":"https:\/\/api.w.org\/{rel}","templated":true}]}}