{"id":47469,"date":"2025-10-27T11:07:11","date_gmt":"2025-10-27T15:07:11","guid":{"rendered":"https:\/\/noticiasveraces.com\/?p=47469"},"modified":"2025-10-27T11:07:11","modified_gmt":"2025-10-27T15:07:11","slug":"la-semana-empieza-con-tiempo-estable-antes-de-la-llegada-de-borrascas-atlanticas-con-lluvias-en-el-oeste-y-sur-el-tiempo-hoy-en-espana-y-en-el-mundo","status":"publish","type":"post","link":"https:\/\/noticiasveraces.com\/?p=47469","title":{"rendered":"La semana empieza con tiempo estable antes de la llegada de borrascas atl\u00e1nticas con lluvias en el oeste y sur | El tiempo hoy en Espa\u00f1a y en el mundo"},"content":{"rendered":"<p> \n<br \/><img decoding=\"async\" src=\"https:\/\/imagenes.elpais.com\/resizer\/v2\/DKYJF7ELJ5FXVJJCBIYFLATDYE.jpg?auth=fa99d0b3d8d1c4e9a5dae861ac7fb9b8496b45d8dbad8786a0377f9578b9e6f5\" \/><\/p>\n<div data-dtm-region=\"articulo_cuerpo\">\n<p class=\"\">La jornada de este lunes estar\u00e1 marcada por los chubascos localmente fuertes y alguna tormenta en el suroeste peninsular, junto con rachas muy intensas de viento en el bajo Ebro y en las cumbres centrales de Tenerife, seg\u00fan la predicci\u00f3n de la Agencia Estatal de Meteorolog\u00eda (Aemet). Son los fen\u00f3menos m\u00e1s destacados de un d\u00eda en el que la estabilidad aumentar\u00e1 en el norte de la Pen\u00ednsula, aunque con abundante nubosidad baja durante la ma\u00f1ana. \u201cLa semana comienza con tiempo relativamente estable, aunque a partir del martes la llegada de borrascas atl\u00e1nticas dar\u00e1 lugar a lluvias m\u00e1s abundantes en el oeste de la Pen\u00ednsula, especialmente en Andaluc\u00eda, Extremadura y el sur de Galicia\u201d, explica el portavoz de la Aemet, Rub\u00e9n del Campo.<\/p>\n<div id=\"sum_twitter\" data-oembed-type=\"twitter\" class=\"a_em _df\">\n<blockquote class=\"twitter-tweet\">\n<p lang=\"es\" dir=\"ltr\">Predicci\u00f3n semanal:<\/p>\n<p>Hoy: chubascos en el suroeste peninsular, algunos de fuerte intensidad y acompa\u00f1ados de tormenta.<\/p>\n<p>Martes por la tarde  y mi\u00e9rcoles: en la mitad oeste peninsular lluvias, en el centro y suroeste ser\u00e1n persistentes y con importantes acumulaciones.<\/p>\n<p>\ud83e\uddf5(1\/3) <a href=\"https:\/\/t.co\/xKjORENX8m\">pic.twitter.com\/xKjORENX8m<\/a><\/p>\n<p>\u2014 AEMET (@AEMET_Esp) <a href=\"https:\/\/twitter.com\/AEMET_Esp\/status\/1982748554126078071?ref_src=twsrc%5Etfw\">27 de octubre de 2025<\/a><\/p><\/blockquote>\n<\/div>\n<p class=\"\">Seg\u00fan Del Campo, este lunes ser\u00e1 una jornada en general tranquila, aunque con lluvias en Andaluc\u00eda, el sur de Extremadura y puntos de la Regi\u00f3n de Murcia. Las temperaturas subir\u00e1n en los tercios norte y este, con valores que superar\u00e1n los 25 grados en ciudades como Sevilla, C\u00f3rdoba o M\u00e1laga. En el extremo oriental del Cant\u00e1brico y el norte de Navarra se mantendr\u00e1n los cielos m\u00e1s cubiertos, con posibilidad de lluvias o lloviznas d\u00e9biles.<\/p>\n<p class=\"\">La Aemet prev\u00e9 que en el centro peninsular predominen los cielos poco nubosos, y en el resto del sur las lluvias ser\u00e1n m\u00e1s d\u00e9biles y tender\u00e1n a remitir al final del d\u00eda, dejando paso a nubosidad baja cerca de los litorales. En Canarias se espera un predominio de nubes medias y altas, con algunas nubes bajas por la ma\u00f1ana.<\/p>\n<p class=\"\">Podr\u00e1n formarse bancos de niebla matinales en zonas bajas del centro de Castilla y Le\u00f3n y en \u00e1reas de La Mancha, de acuerdo con la informaci\u00f3n de la agencia de meteorolog\u00eda. Las temperaturas m\u00e1ximas descender\u00e1n en la costa sur de Andaluc\u00eda y en los interiores del nordeste peninsular, mientras que subir\u00e1n ligeramente o de forma moderada en el resto del pa\u00eds y en Baleares. Las m\u00ednimas bajar\u00e1n levemente en el tercio sur y de forma m\u00e1s acusada en el resto y en el archipi\u00e9lago balear. En Canarias, las temperaturas tender\u00e1n a subir ligeramente. Se prev\u00e9n heladas d\u00e9biles en los Pirineos, zonas altas del norte y puntualmente en la meseta norte.<\/p>\n<p class=\"\">Los vientos soplar\u00e1n flojos en general en la pen\u00ednsula y Baleares, con predominio de componentes norte en el norte atl\u00e1ntico y de sur y este en el sur. <\/p>\n<h3 class=\"\">Las borrascas atl\u00e1nticas marcar\u00e1n el tiempo de la semana<\/h3>\n<p class=\"\">El martes comenzar\u00e1 con tiempo estable, pero la aproximaci\u00f3n de una borrasca desde el Atl\u00e1ntico provocar\u00e1 un aumento de la nubosidad y lluvias en el suroeste peninsular, \u201csobre todo en Andaluc\u00eda occidental y Extremadura, donde ir\u00e1n a m\u00e1s y a \u00faltimas horas podr\u00e1n ser persistentes y tormentosas\u201d, informa Del Campo. Estas precipitaciones se extender\u00e1n tambi\u00e9n al sur de Galicia, al oeste de Castilla y Le\u00f3n y a la zona centro, alcanzando el oeste de la Comunidad de Madrid y de Castilla-La Mancha.<\/p>\n<div id=\"sum_twitter\" data-oembed-type=\"twitter\" class=\"a_em _df\">\n<blockquote class=\"twitter-tweet\">\n<p lang=\"es\" dir=\"ltr\">\u2614\ufe0f La llegada de frentes asociados a borrascas atl\u00e1nticas dar\u00e1 lugar a lluvias a partir del martes 28, que ser\u00e1n abundantes en el oeste peninsular.<\/p>\n<p>\ud83c\udf21\ufe0fSer\u00e1 una situaci\u00f3n de vientos \u00e1bregos, humedos y templados, por lo que las temperaturas ser\u00e1n suaves en general. <a href=\"https:\/\/t.co\/PrwqnkVBFh\">pic.twitter.com\/PrwqnkVBFh<\/a><\/p>\n<p>\u2014 AEMET (@AEMET_Esp) <a href=\"https:\/\/twitter.com\/AEMET_Esp\/status\/1982464200300491180?ref_src=twsrc%5Etfw\">26 de octubre de 2025<\/a><\/p><\/blockquote>\n<\/div>\n<p class=\"\">El portavoz de la Aemet indica que las temperaturas seguir\u00e1n subiendo tanto de d\u00eda como de noche. En ciudades del norte como Zamora, Valladolid o Soria, las m\u00ednimas bajar\u00e1n hasta los 2 o 3 grados, mientras que en Murcia, Huelva o Badajoz se alcanzar\u00e1n los 25 durante el d\u00eda.<\/p>\n<p class=\"\">El mi\u00e9rcoles y el jueves ser\u00e1n dos jornadas lluviosas en buena parte del pa\u00eds. En las comunidades cant\u00e1bricas, Levante y Baleares, las precipitaciones ser\u00e1n m\u00e1s d\u00e9biles, pero \u201clas m\u00e1s abundantes se registrar\u00e1n en el sur de Castilla y Le\u00f3n, Extremadura, sur de Galicia y tambi\u00e9n en el sur y oeste de Andaluc\u00eda\u201d, se\u00f1ala Del Campo. El jueves tambi\u00e9n podr\u00edan ser significativas en el entorno del Pirineo aragon\u00e9s.<\/p>\n<p class=\"\">Durante el viernes y el fin de semana, la previsi\u00f3n indica que continuar\u00e1 la llegada de frentes asociados a borrascas atl\u00e1nticas, con lluvias en el oeste y centro peninsular, que llegar\u00e1n m\u00e1s debilitadas al \u00e1rea mediterr\u00e1nea y a Baleares. Las temperaturas experimentar\u00e1n algunos altibajos, pero se mantendr\u00e1n suaves en general.<\/p>\n<\/div>\n<p><script async src=\"https:\/\/platform.twitter.com\/widgets.js\" charset=\"utf-8\"><\/script><br \/>\n<br \/>\n","protected":false},"excerpt":{"rendered":"<p>La jornada de este lunes estar\u00e1 marcada por los chubascos localmente fuertes y alguna tormenta en el suroeste peninsular, junto con rachas muy intensas de viento en el bajo Ebro y en las cumbres centrales de Tenerife, seg\u00fan la predicci\u00f3n de la Agencia Estatal de Meteorolog\u00eda (Aemet). Son los fen\u00f3menos m\u00e1s destacados de un d\u00eda &hellip;<\/p>\n","protected":false},"author":1,"featured_media":47471,"comment_status":"open","ping_status":"open","sticky":false,"template":"","format":"standard","meta":{"fifu_image_url":"https:\/\/imagenes.elpais.com\/resizer\/v2\/DKYJF7ELJ5FXVJJCBIYFLATDYE.jpg?auth=fa99d0b3d8d1c4e9a5dae861ac7fb9b8496b45d8dbad8786a0377f9578b9e6f5&width=1200","fifu_image_alt":"","footnotes":""},"categories":[11],"tags":[],"class_list":["post-47469","post","type-post","status-publish","format-standard","has-post-thumbnail","","category-viaje"],"_links":{"self":[{"href":"https:\/\/noticiasveraces.com\/index.php?rest_route=\/wp\/v2\/posts\/47469","targetHints":{"allow":["GET"]}}],"collection":[{"href":"https:\/\/noticiasveraces.com\/index.php?rest_route=\/wp\/v2\/posts"}],"about":[{"href":"https:\/\/noticiasveraces.com\/index.php?rest_route=\/wp\/v2\/types\/post"}],"author":[{"embeddable":true,"href":"https:\/\/noticiasveraces.com\/index.php?rest_route=\/wp\/v2\/users\/1"}],"replies":[{"embeddable":true,"href":"https:\/\/noticiasveraces.com\/index.php?rest_route=%2Fwp%2Fv2%2Fcomments&post=47469"}],"version-history":[{"count":0,"href":"https:\/\/noticiasveraces.com\/index.php?rest_route=\/wp\/v2\/posts\/47469\/revisions"}],"wp:featuredmedia":[{"embeddable":true,"href":"https:\/\/noticiasveraces.com\/index.php?rest_route=\/wp\/v2\/media\/47471"}],"wp:attachment":[{"href":"https:\/\/noticiasveraces.com\/index.php?rest_route=%2Fwp%2Fv2%2Fmedia&parent=47469"}],"wp:term":[{"taxonomy":"category","embeddable":true,"href":"https:\/\/noticiasveraces.com\/index.php?rest_route=%2Fwp%2Fv2%2Fcategories&post=47469"},{"taxonomy":"post_tag","embeddable":true,"href":"https:\/\/noticiasveraces.com\/index.php?rest_route=%2Fwp%2Fv2%2Ftags&post=47469"}],"curies":[{"name":"wp","href":"https:\/\/api.w.org\/{rel}","templated":true}]}}