{"id":47450,"date":"2025-10-27T08:09:28","date_gmt":"2025-10-27T12:09:28","guid":{"rendered":"https:\/\/noticiasveraces.com\/?p=47450"},"modified":"2025-10-27T08:09:28","modified_gmt":"2025-10-27T12:09:28","slug":"milei-logra-una-decisiva-victoria-en-las-elecciones-de-mitad-de-periodo-en-argentina-contra-la-oposicion","status":"publish","type":"post","link":"https:\/\/noticiasveraces.com\/?p=47450","title":{"rendered":"Milei logra una decisiva victoria en las elecciones de mitad de per\u00edodo en Argentina contra la oposici\u00f3n"},"content":{"rendered":"<p> \n<\/p>\n<div>\n<div id=\"beyondwords-wrapper\" class=\"beyondwords-wrapper\">\n<p><span class=\"label-bg\">NUEVO<\/span>\u00a1Ahora puedes escuchar los art\u00edculos de Fox News!\n  <\/p>\n<\/div>\n<p class=\"speakable\">El presidente argentino, Javier Milei, obtuvo una victoria decisiva el domingo en las elecciones de mitad de per\u00edodo, ampliando su control del Congreso y dando a su gobierno un nuevo impulso para seguir adelante con profundos recortes del gasto y amplias reformas de libre mercado.<\/p>\n<p class=\"speakable\">El resultado da un impulso al movimiento libertario de Milei y marca otro giro brusco para una de las econom\u00edas m\u00e1s grandes y vol\u00e1tiles de Am\u00e9rica Latina.<\/p>\n<p>El partido de Milei, La Libertad Avanza, obtuvo alrededor del 41,5% de los votos en la provincia de Buenos Aires, un rev\u00e9s hist\u00f3rico en una regi\u00f3n dominada durante mucho tiempo por la oposici\u00f3n peronista. La coalici\u00f3n rival se qued\u00f3 con el 40,8%, seg\u00fan cifras citadas por Reuters y The Associated Press.<\/p>\n<p><strong>LA DURA LECCI\u00d3N DE GRECIA PARA NUEVA YORK: CUIDADO CON LOS L\u00cdDERES QUE PROMETEN AL MUNDO<\/strong><\/p>\n<div class=\"image-ct inline\">\n<div class=\"m\"><picture><source media=\"(max-width: 767px)\" srcset=\"https:\/\/a57.foxnews.com\/static.foxnews.com\/foxnews.com\/content\/uploads\/2024\/05\/343\/192\/Javier-Milei.png?ve=1&amp;tl=1, https:\/\/a57.foxnews.com\/static.foxnews.com\/foxnews.com\/content\/uploads\/2024\/05\/686\/384\/Javier-Milei.png?ve=1&amp;tl=1 2x\" height=\"192\" width=\"343\"><source media=\"(min-width: 768px) and (max-width: 1023px)\" srcset=\"https:\/\/a57.foxnews.com\/static.foxnews.com\/foxnews.com\/content\/uploads\/2024\/05\/672\/378\/Javier-Milei.png?ve=1&amp;tl=1, https:\/\/a57.foxnews.com\/static.foxnews.com\/foxnews.com\/content\/uploads\/2024\/05\/1344\/756\/Javier-Milei.png?ve=1&amp;tl=1 2x\" height=\"378\" width=\"672\"><source media=\"(min-width: 1024px) and (max-width: 1279px)\" srcset=\"https:\/\/a57.foxnews.com\/static.foxnews.com\/foxnews.com\/content\/uploads\/2024\/05\/931\/523\/Javier-Milei.png?ve=1&amp;tl=1, https:\/\/a57.foxnews.com\/static.foxnews.com\/foxnews.com\/content\/uploads\/2024\/05\/1862\/1046\/Javier-Milei.png?ve=1&amp;tl=1 2x\" height=\"523\" width=\"931\"><source media=\"(min-width: 1280px)\" srcset=\"https:\/\/a57.foxnews.com\/static.foxnews.com\/foxnews.com\/content\/uploads\/2024\/05\/720\/405\/Javier-Milei.png?ve=1&amp;tl=1, https:\/\/a57.foxnews.com\/static.foxnews.com\/foxnews.com\/content\/uploads\/2024\/05\/1440\/810\/Javier-Milei.png?ve=1&amp;tl=1 2x\" height=\"405\" width=\"720\"><img loading=\"lazy\" decoding=\"async\" src=\"https:\/\/a57.foxnews.com\/static.foxnews.com\/foxnews.com\/content\/uploads\/2024\/05\/1200\/675\/Javier-Milei.png?ve=1&amp;tl=1\" alt=\"JavierMiley\" width=\"1200\" height=\"675\"\/><\/source><\/source><\/source><\/source><\/picture><\/div>\n<div class=\"info\">\n<div class=\"caption\">\n<p><span>El presidente de Argentina, Javier Milei, hace un gesto mientras pronuncia un discurso en el escenario.<\/span> <span>(Foto AP\/Manu Fern\u00e1ndez, Archivo)<\/span><\/p>\n<\/div>\n<\/div>\n<\/div>\n<p>A nivel nacional, La Libertad Avanza aument\u00f3 sus esca\u00f1os en la c\u00e1mara baja de 37 a 64, posicionando a Milei para defender m\u00e1s f\u00e1cilmente sus vetos y decretos ejecutivos que han definido su agenda econ\u00f3mica.<\/p>\n<p>\u00abEl resultado es mejor de lo que incluso los partidarios m\u00e1s optimistas de Milei esperaban\u00bb, dijo Marcelo Garc\u00eda, director para las Am\u00e9ricas de la firma de an\u00e1lisis de riesgos Horizon Engage, en comentarios reportados por Reuters. \u00abCon este resultado, Milei podr\u00e1 defender f\u00e1cilmente sus decretos y vetos en el Congreso\u00bb.<\/p>\n<p>El consultor pol\u00edtico Gustavo C\u00f3rdoba dijo a Reuters que el resultado reflejaba un optimismo cauteloso entre los votantes que parecen dispuestos a darle m\u00e1s tiempo a las pol\u00edticas econ\u00f3micas de Milei.<\/p>\n<div class=\"image-ct inline\">\n<div class=\"m\"><picture><source media=\"(max-width: 767px)\" srcset=\"https:\/\/a57.foxnews.com\/static.foxnews.com\/foxnews.com\/content\/uploads\/2024\/05\/343\/192\/Argentina-Milei.jpg?ve=1&amp;tl=1, https:\/\/a57.foxnews.com\/static.foxnews.com\/foxnews.com\/content\/uploads\/2024\/05\/686\/384\/Argentina-Milei.jpg?ve=1&amp;tl=1 2x\" height=\"192\" width=\"343\"><source media=\"(min-width: 768px) and (max-width: 1023px)\" srcset=\"https:\/\/a57.foxnews.com\/static.foxnews.com\/foxnews.com\/content\/uploads\/2024\/05\/672\/378\/Argentina-Milei.jpg?ve=1&amp;tl=1, https:\/\/a57.foxnews.com\/static.foxnews.com\/foxnews.com\/content\/uploads\/2024\/05\/1344\/756\/Argentina-Milei.jpg?ve=1&amp;tl=1 2x\" height=\"378\" width=\"672\"><source media=\"(min-width: 1024px) and (max-width: 1279px)\" srcset=\"https:\/\/a57.foxnews.com\/static.foxnews.com\/foxnews.com\/content\/uploads\/2024\/05\/931\/523\/Argentina-Milei.jpg?ve=1&amp;tl=1, https:\/\/a57.foxnews.com\/static.foxnews.com\/foxnews.com\/content\/uploads\/2024\/05\/1862\/1046\/Argentina-Milei.jpg?ve=1&amp;tl=1 2x\" height=\"523\" width=\"931\"><source media=\"(min-width: 1280px)\" srcset=\"https:\/\/a57.foxnews.com\/static.foxnews.com\/foxnews.com\/content\/uploads\/2024\/05\/720\/405\/Argentina-Milei.jpg?ve=1&amp;tl=1, https:\/\/a57.foxnews.com\/static.foxnews.com\/foxnews.com\/content\/uploads\/2024\/05\/1440\/810\/Argentina-Milei.jpg?ve=1&amp;tl=1 2x\" height=\"405\" width=\"720\"><img loading=\"lazy\" decoding=\"async\" src=\"https:\/\/a57.foxnews.com\/static.foxnews.com\/foxnews.com\/content\/uploads\/2024\/05\/1200\/675\/Argentina-Milei.jpg?ve=1&amp;tl=1\" alt=\"Argentina-Milei\" width=\"1200\" height=\"675\"\/><\/source><\/source><\/source><\/source><\/picture><\/div>\n<div class=\"info\">\n<div class=\"caption\">\n<p><span>El presidente argentino, Javier Milei, habla durante una ceremonia para conmemorar el D\u00eda del Holocausto y el Hero\u00edsmo, en Buenos Aires, Argentina, el mi\u00e9rcoles 8 de mayo de 2024. <\/span> <span>(Foto AP\/Natacha Pisarenko)<\/span><\/p>\n<\/div>\n<\/div>\n<\/div>\n<p>\u00abMuchas personas estaban dispuestas a darle otra oportunidad al gobierno\u00bb, dijo C\u00f3rdoba. \u00abEl triunfo es inobjetable, incuestionable\u00bb.<\/p>\n<p><strong>CASA DEM DECLARA QUE ES UNA &#8216;GUATEMALA ORGULLOSA&#8217; ANTE ESTADOUNIDENSE EN CONFERENCIA INTERNACIONAL PROGRESISTA<\/strong><\/p>\n<p>Reuters inform\u00f3 que la inflaci\u00f3n ha ca\u00eddo del 12,8% antes de la toma de posesi\u00f3n de Milei al 2,1% el mes pasado. Su gobierno tambi\u00e9n registr\u00f3 un super\u00e1vit fiscal e impuls\u00f3 amplias medidas de desregulaci\u00f3n, un rev\u00e9s dram\u00e1tico despu\u00e9s de a\u00f1os de turbulencia econ\u00f3mica.<\/p>\n<p>Seg\u00fan The Associated Press, el gobierno estadounidense del presidente Donald Trump ofreci\u00f3 a Argentina un paquete de ayuda de 40 mil millones de d\u00f3lares, incluido un canje de divisas de 20 mil millones de d\u00f3lares y una propuesta de facilidad de inversi\u00f3n de deuda de 20 mil millones de d\u00f3lares, despu\u00e9s de vincular el apoyo futuro de Estados Unidos al desempe\u00f1o de Milei en las elecciones intermedias.<\/p>\n<div class=\"image-ct inline\">\n<div class=\"m\"><picture><source media=\"(max-width: 767px)\" srcset=\"https:\/\/a57.foxnews.com\/static.foxnews.com\/foxnews.com\/content\/uploads\/2025\/01\/343\/192\/donald-trump-presidential-inauguration-day-washington-dc_107.jpg?ve=1&amp;tl=1, https:\/\/a57.foxnews.com\/static.foxnews.com\/foxnews.com\/content\/uploads\/2025\/01\/686\/384\/donald-trump-presidential-inauguration-day-washington-dc_107.jpg?ve=1&amp;tl=1 2x\" height=\"192\" width=\"343\"><source media=\"(min-width: 768px) and (max-width: 1023px)\" srcset=\"https:\/\/a57.foxnews.com\/static.foxnews.com\/foxnews.com\/content\/uploads\/2025\/01\/672\/378\/donald-trump-presidential-inauguration-day-washington-dc_107.jpg?ve=1&amp;tl=1, https:\/\/a57.foxnews.com\/static.foxnews.com\/foxnews.com\/content\/uploads\/2025\/01\/1344\/756\/donald-trump-presidential-inauguration-day-washington-dc_107.jpg?ve=1&amp;tl=1 2x\" height=\"378\" width=\"672\"><source media=\"(min-width: 1024px) and (max-width: 1279px)\" srcset=\"https:\/\/a57.foxnews.com\/static.foxnews.com\/foxnews.com\/content\/uploads\/2025\/01\/931\/523\/donald-trump-presidential-inauguration-day-washington-dc_107.jpg?ve=1&amp;tl=1, https:\/\/a57.foxnews.com\/static.foxnews.com\/foxnews.com\/content\/uploads\/2025\/01\/1862\/1046\/donald-trump-presidential-inauguration-day-washington-dc_107.jpg?ve=1&amp;tl=1 2x\" height=\"523\" width=\"931\"><source media=\"(min-width: 1280px)\" srcset=\"https:\/\/a57.foxnews.com\/static.foxnews.com\/foxnews.com\/content\/uploads\/2025\/01\/720\/405\/donald-trump-presidential-inauguration-day-washington-dc_107.jpg?ve=1&amp;tl=1, https:\/\/a57.foxnews.com\/static.foxnews.com\/foxnews.com\/content\/uploads\/2025\/01\/1440\/810\/donald-trump-presidential-inauguration-day-washington-dc_107.jpg?ve=1&amp;tl=1 2x\" height=\"405\" width=\"720\"><img loading=\"lazy\" decoding=\"async\" src=\"https:\/\/a57.foxnews.com\/static.foxnews.com\/foxnews.com\/content\/uploads\/2025\/01\/1200\/675\/donald-trump-presidential-inauguration-day-washington-dc_107.jpg?ve=1&amp;tl=1\" alt=\"Primer Ministro italiano en la toma de posesi\u00f3n del presidente Donald Trump\" width=\"1200\" height=\"675\"\/><\/source><\/source><\/source><\/source><\/picture><\/div>\n<div class=\"info\">\n<div class=\"caption\">\n<p><span>La primera ministra italiana, Giorgia Meloni, y el presidente argentino, Javier Milei, comparten una broma cuando llegan a la toma de posesi\u00f3n presidencial de Donald Trump en la rotonda del Capitolio de los Estados Unidos en Washington, DC, el 20 de enero de 2025. <\/span> <span>(Evelyn Hockstein\/Reuters)<\/span><\/p>\n<\/div>\n<\/div>\n<\/div>\n<p>El presidente Donald Trump felicit\u00f3 a Milei por Truth Social el domingo por la noche y escribi\u00f3: \u00abFelicitaciones al presidente Javier Milei por su aplastante victoria en Argentina. \u00a1Est\u00e1 haciendo un trabajo maravilloso! Nuestra confianza en \u00e9l fue justificada por el pueblo de Argentina\u00bb.<\/p>\n<p><strong>HAGA CLIC AQU\u00cd PARA DESCARGAR LA APLICACI\u00d3N FOX NEWS<\/strong><\/p>\n<p>Los inversores reaccionaron positivamente a los resultados. Reuters inform\u00f3 que se espera que los bonos y acciones argentinos se recuperen a medida que la mano m\u00e1s fuerte de Milei en el Congreso le d\u00e9 el capital pol\u00edtico para acelerar sus reformas.<\/p>\n<p>Milei calific\u00f3 las elecciones como \u00abun punto de inflexi\u00f3n para Argentina\u00bb, seg\u00fan AFP a trav\u00e9s del Times of Israel.<\/p>\n<p> <!----> <\/div>\n\n","protected":false},"excerpt":{"rendered":"<p>NUEVO\u00a1Ahora puedes escuchar los art\u00edculos de Fox News! El presidente argentino, Javier Milei, obtuvo una victoria decisiva el domingo en las elecciones de mitad de per\u00edodo, ampliando su control del Congreso y dando a su gobierno un nuevo impulso para seguir adelante con profundos recortes del gasto y amplias reformas de libre mercado. El resultado &hellip;<\/p>\n","protected":false},"author":1,"featured_media":47452,"comment_status":"open","ping_status":"open","sticky":false,"template":"","format":"standard","meta":{"fifu_image_url":"https:\/\/static.foxnews.com\/foxnews.com\/content\/uploads\/2024\/05\/Javier-Milei.png","fifu_image_alt":"","footnotes":""},"categories":[13],"tags":[],"class_list":["post-47450","post","type-post","status-publish","format-standard","has-post-thumbnail","","category-mundo"],"_links":{"self":[{"href":"https:\/\/noticiasveraces.com\/index.php?rest_route=\/wp\/v2\/posts\/47450","targetHints":{"allow":["GET"]}}],"collection":[{"href":"https:\/\/noticiasveraces.com\/index.php?rest_route=\/wp\/v2\/posts"}],"about":[{"href":"https:\/\/noticiasveraces.com\/index.php?rest_route=\/wp\/v2\/types\/post"}],"author":[{"embeddable":true,"href":"https:\/\/noticiasveraces.com\/index.php?rest_route=\/wp\/v2\/users\/1"}],"replies":[{"embeddable":true,"href":"https:\/\/noticiasveraces.com\/index.php?rest_route=%2Fwp%2Fv2%2Fcomments&post=47450"}],"version-history":[{"count":0,"href":"https:\/\/noticiasveraces.com\/index.php?rest_route=\/wp\/v2\/posts\/47450\/revisions"}],"wp:featuredmedia":[{"embeddable":true,"href":"https:\/\/noticiasveraces.com\/index.php?rest_route=\/wp\/v2\/media\/47452"}],"wp:attachment":[{"href":"https:\/\/noticiasveraces.com\/index.php?rest_route=%2Fwp%2Fv2%2Fmedia&parent=47450"}],"wp:term":[{"taxonomy":"category","embeddable":true,"href":"https:\/\/noticiasveraces.com\/index.php?rest_route=%2Fwp%2Fv2%2Fcategories&post=47450"},{"taxonomy":"post_tag","embeddable":true,"href":"https:\/\/noticiasveraces.com\/index.php?rest_route=%2Fwp%2Fv2%2Ftags&post=47450"}],"curies":[{"name":"wp","href":"https:\/\/api.w.org\/{rel}","templated":true}]}}