{"id":47437,"date":"2025-10-27T05:16:02","date_gmt":"2025-10-27T09:16:02","guid":{"rendered":"https:\/\/noticiasveraces.com\/?p=47437"},"modified":"2025-10-27T05:16:02","modified_gmt":"2025-10-27T09:16:02","slug":"anunciaron-jornada-de-certificacion-para-personas-con-discapacidad-en-la-casa-museo-jose-gregorio-hernandez","status":"publish","type":"post","link":"https:\/\/noticiasveraces.com\/?p=47437","title":{"rendered":"Anunciaron jornada de certificaci\u00f3n para personas con discapacidad en la Casa Museo Jos\u00e9 Gregorio Hern\u00e1ndez"},"content":{"rendered":"<p> \n<\/p>\n<div>\n<p>Las autoridades <strong>realizar\u00e1n el lunes 27 de octubre<\/strong> una jornada de certificaci\u00f3n para personas con discapacidad en la Casa Museo Jos\u00e9 Gregorio Hern\u00e1ndez, ubicada en <strong>La Pastora, municipio Libertador<\/strong>.<\/p>\n<div class=\"ruby-table-contents rbtoc table-fw\">\n<ul class=\"toc-content h5\">\n<li>\u00bfQu\u00e9 requisitos se necesitan para la jornada?<\/li>\n<li>Los beneficios del certificado para personas con discapacidad<\/li>\n<\/ul>\n<\/div>\n<p>El horario de atenci\u00f3n para esta jornada ser\u00e1 <strong>de 8:30 am a 4:00 pm<\/strong>seg\u00fan precis\u00f3 una publicaci\u00f3n de Instagram del museo difundida este domingo <strong>26 de octubre<\/strong>.<\/p>\n<p>El Consejo Nacional para las Personas con Discapacidad (<strong>Conapdis<\/strong>) destaca en su p\u00e1gina web que el objetivo de esta certificaci\u00f3n es garantizar el \u201c<strong>mantenimiento y actualizaci\u00f3n permanente de la data en el territorio nacional<\/strong>\u201d.<\/p>\n<p>Adem\u00e1s, busca <strong>facilitar la postulaci\u00f3n laboral<\/strong> de las personas con discapacidad a trav\u00e9s del registro y reconocimiento oficial de su condici\u00f3n.<\/p>\n<h2 id=\"que-requisitos-se-necesitan-para-la-jornada\" class=\"rb-heading-index-0-824230 wp-block-heading\"><strong>\u00bfQu\u00e9 requisitos se necesitan para la jornada?<\/strong><\/h2>\n<p>Las personas interesadas en obtener la certificaci\u00f3n deber\u00e1n presentar los siguientes <strong>documentos<\/strong>:<\/p>\n<p>Grupo sangu\u00edneo, peso, talla y si posee <strong>alergias a productos qu\u00edmicos, medicamentos o alimentos<\/strong>.<\/p>\n<p>C\u00e9dula de identidad laminada.<\/p>\n<p>Acta de nacimiento (en el caso de menores de 9 a\u00f1os de edad).<\/p>\n<p>Informe de clasificaci\u00f3n y calificaci\u00f3n de funcionamiento y discapacidad.<\/p>\n<figure class=\"wp-block-image size-large\"><img fetchpriority=\"high\" width=\"1200\" height=\"900\" alt=\"Anunciaron jornada de certificaci\u00f3n para personas con discapacidad en la Casa Museo Jos\u00e9 Gregorio Hern\u00e1ndez\" sizes=\"(max-width: 1200px) 100vw, 1200px\" srcset=\"https:\/\/eldiario.com\/nitropack_static\/DWpklAePbJBFiBKvuTtiGMLbtJlHUqWt\/assets\/images\/optimized\/rev-4610e21\/eldiario.com\/wp-content\/uploads\/2025\/10\/jornada-de-certificacion-1200x900.jpg 1200w, https:\/\/eldiario.com\/nitropack_static\/DWpklAePbJBFiBKvuTtiGMLbtJlHUqWt\/assets\/images\/optimized\/rev-4610e21\/eldiario.com\/wp-content\/uploads\/2025\/10\/jornada-de-certificacion-300x225.jpg 300w, https:\/\/eldiario.com\/nitropack_static\/DWpklAePbJBFiBKvuTtiGMLbtJlHUqWt\/assets\/images\/optimized\/rev-4610e21\/eldiario.com\/wp-content\/uploads\/2025\/10\/jornada-de-certificacion-768x576.jpg 768w, https:\/\/eldiario.com\/nitropack_static\/DWpklAePbJBFiBKvuTtiGMLbtJlHUqWt\/assets\/images\/optimized\/rev-4610e21\/eldiario.com\/wp-content\/uploads\/2025\/10\/jornada-de-certificacion-1536x1152.jpg 1536w, https:\/\/eldiario.com\/nitropack_static\/DWpklAePbJBFiBKvuTtiGMLbtJlHUqWt\/assets\/images\/optimized\/rev-4610e21\/eldiario.com\/wp-content\/uploads\/2025\/10\/jornada-de-certificacion-860x645.jpg 860w, https:\/\/eldiario.com\/nitropack_static\/DWpklAePbJBFiBKvuTtiGMLbtJlHUqWt\/assets\/images\/optimized\/rev-4610e21\/eldiario.com\/wp-content\/uploads\/2025\/10\/jornada-de-certificacion-150x113.jpg 150w, https:\/\/eldiario.com\/nitropack_static\/DWpklAePbJBFiBKvuTtiGMLbtJlHUqWt\/assets\/images\/optimized\/rev-4610e21\/eldiario.com\/wp-content\/uploads\/2025\/10\/jornada-de-certificacion.jpg 1600w\" src=\"https:\/\/eldiario.com\/nitropack_static\/DWpklAePbJBFiBKvuTtiGMLbtJlHUqWt\/assets\/images\/optimized\/rev-4610e21\/eldiario.com\/wp-content\/uploads\/2025\/10\/jornada-de-certificacion-1200x900.jpg\" class=\"wp-image-824236 nitro-lazy\" decoding=\"async\" nitro-lazy-empty=\"\" id=\"ODI3OjEwNTA=-1\"\/><figcaption class=\"wp-element-caption\">Foto: Captura de pantalla<\/figcaption><\/figure>\n<h2 id=\"los-beneficios-del-certificado-para-personas-con-discapacidad\" class=\"rb-heading-index-1-824230 wp-block-heading\"><strong>Los beneficios del certificado para personas con discapacidad<\/strong><\/h2>\n<p>De acuerdo con la p\u00e1gina web de <strong>Conapdis<\/strong>esta certificaci\u00f3n les permite acceder a los siguientes beneficios:<\/p>\n<p>-Trato preferencial.<\/p>\n<p>-Exoneraci\u00f3n o descuento de pasajes.<\/p>\n<p>-Inclusi\u00f3n Laboral.<\/p>\n<p>-Entrega de ayudas humanas (dispositivos y herramientas t\u00e9cnicas).<\/p>\n<p>-Asesor\u00eda Legal.<\/p>\n<p>-Derecho a la educaci\u00f3n y\u00a0 al trabajo.<\/p>\n<figure class=\"wp-block-image size-large\"><picture loading=\"lazy\" decoding=\"async\" class=\"wp-image-793812\"><source type=\"image\/webp\" sizes=\"(max-width: 1200px) 100vw, 1200px\" nitro-lazy-srcset=\"https:\/\/eldiario.com\/nitropack_static\/DWpklAePbJBFiBKvuTtiGMLbtJlHUqWt\/assets\/images\/optimized\/rev-4610e21\/eldiario.com\/wp-content\/uploads\/2025\/05\/silla-ruedas-1200x800.jpg.webp 1200w, https:\/\/eldiario.com\/nitropack_static\/DWpklAePbJBFiBKvuTtiGMLbtJlHUqWt\/assets\/images\/optimized\/rev-4610e21\/eldiario.com\/wp-content\/uploads\/2025\/05\/silla-ruedas-300x200.jpg.webp 300w, https:\/\/eldiario.com\/nitropack_static\/DWpklAePbJBFiBKvuTtiGMLbtJlHUqWt\/assets\/images\/optimized\/rev-4610e21\/eldiario.com\/wp-content\/uploads\/2025\/05\/silla-ruedas-768x512.jpg.webp 768w, https:\/\/eldiario.com\/nitropack_static\/DWpklAePbJBFiBKvuTtiGMLbtJlHUqWt\/assets\/images\/optimized\/rev-4610e21\/eldiario.com\/wp-content\/uploads\/2025\/05\/silla-ruedas-1536x1024.jpg.webp 1536w, https:\/\/eldiario.com\/nitropack_static\/DWpklAePbJBFiBKvuTtiGMLbtJlHUqWt\/assets\/images\/optimized\/rev-4610e21\/eldiario.com\/wp-content\/uploads\/2025\/05\/silla-ruedas-330x220.jpg.webp 330w, https:\/\/eldiario.com\/nitropack_static\/DWpklAePbJBFiBKvuTtiGMLbtJlHUqWt\/assets\/images\/optimized\/rev-4610e21\/eldiario.com\/wp-content\/uploads\/2025\/05\/silla-ruedas-420x280.jpg.webp 420w, https:\/\/eldiario.com\/nitropack_static\/DWpklAePbJBFiBKvuTtiGMLbtJlHUqWt\/assets\/images\/optimized\/rev-4610e21\/eldiario.com\/wp-content\/uploads\/2025\/05\/silla-ruedas-615x410.jpg.webp 615w, https:\/\/eldiario.com\/nitropack_static\/DWpklAePbJBFiBKvuTtiGMLbtJlHUqWt\/assets\/images\/optimized\/rev-4610e21\/eldiario.com\/wp-content\/uploads\/2025\/05\/silla-ruedas-860x574.jpg.webp 860w, https:\/\/eldiario.com\/nitropack_static\/DWpklAePbJBFiBKvuTtiGMLbtJlHUqWt\/assets\/images\/optimized\/rev-4610e21\/eldiario.com\/wp-content\/uploads\/2025\/05\/silla-ruedas-150x100.jpg.webp 150w, https:\/\/eldiario.com\/nitropack_static\/DWpklAePbJBFiBKvuTtiGMLbtJlHUqWt\/assets\/images\/optimized\/rev-4610e21\/eldiario.com\/wp-content\/uploads\/2025\/05\/silla-ruedas.jpg.webp 1600w\" nitro-lazy-empty=\"\" id=\"ODY0OjkxNQ==-1\" srcset=\"data:image\/svg+xml;nitro-empty-id=ODY0OjkxNQ==-1;base64,PHN2ZyB2aWV3Qm94PSIwIDAgMTIwMCA4MDAiIHdpZHRoPSIxMjAwIiBoZWlnaHQ9IjgwMCIgeG1sbnM9Imh0dHA6Ly93d3cudzMub3JnLzIwMDAvc3ZnIj48L3N2Zz4=\"\/><img loading=\"lazy\" width=\"1200\" height=\"800\" alt=\"Un paciente parapl\u00e9jico vuelve a andar gracias a la neuroestimulaci\u00f3n de la m\u00e9dula\" sizes=\"auto, (max-width: 1200px) 100vw, 1200px\" srcset=\"https:\/\/eldiario.com\/nitropack_static\/DWpklAePbJBFiBKvuTtiGMLbtJlHUqWt\/assets\/images\/optimized\/rev-4610e21\/eldiario.com\/wp-content\/uploads\/2025\/05\/silla-ruedas-1200x800.jpg 1200w, https:\/\/eldiario.com\/nitropack_static\/DWpklAePbJBFiBKvuTtiGMLbtJlHUqWt\/assets\/images\/optimized\/rev-4610e21\/eldiario.com\/wp-content\/uploads\/2025\/05\/silla-ruedas-300x200.jpg 300w, https:\/\/eldiario.com\/nitropack_static\/DWpklAePbJBFiBKvuTtiGMLbtJlHUqWt\/assets\/images\/optimized\/rev-4610e21\/eldiario.com\/wp-content\/uploads\/2025\/05\/silla-ruedas-768x512.jpg 768w, https:\/\/eldiario.com\/nitropack_static\/DWpklAePbJBFiBKvuTtiGMLbtJlHUqWt\/assets\/images\/optimized\/rev-4610e21\/eldiario.com\/wp-content\/uploads\/2025\/05\/silla-ruedas-1536x1024.jpg 1536w, https:\/\/eldiario.com\/nitropack_static\/DWpklAePbJBFiBKvuTtiGMLbtJlHUqWt\/assets\/images\/optimized\/rev-4610e21\/eldiario.com\/wp-content\/uploads\/2025\/05\/silla-ruedas-330x220.jpg 330w, https:\/\/eldiario.com\/nitropack_static\/DWpklAePbJBFiBKvuTtiGMLbtJlHUqWt\/assets\/images\/optimized\/rev-4610e21\/eldiario.com\/wp-content\/uploads\/2025\/05\/silla-ruedas-420x280.jpg 420w, https:\/\/eldiario.com\/nitropack_static\/DWpklAePbJBFiBKvuTtiGMLbtJlHUqWt\/assets\/images\/optimized\/rev-4610e21\/eldiario.com\/wp-content\/uploads\/2025\/05\/silla-ruedas-615x410.jpg 615w, https:\/\/eldiario.com\/nitropack_static\/DWpklAePbJBFiBKvuTtiGMLbtJlHUqWt\/assets\/images\/optimized\/rev-4610e21\/eldiario.com\/wp-content\/uploads\/2025\/05\/silla-ruedas-860x574.jpg 860w, https:\/\/eldiario.com\/nitropack_static\/DWpklAePbJBFiBKvuTtiGMLbtJlHUqWt\/assets\/images\/optimized\/rev-4610e21\/eldiario.com\/wp-content\/uploads\/2025\/05\/silla-ruedas-150x100.jpg 150w, https:\/\/eldiario.com\/nitropack_static\/DWpklAePbJBFiBKvuTtiGMLbtJlHUqWt\/assets\/images\/optimized\/rev-4610e21\/eldiario.com\/wp-content\/uploads\/2025\/05\/silla-ruedas.jpg 1600w\" src=\"https:\/\/eldiario.com\/nitropack_static\/DWpklAePbJBFiBKvuTtiGMLbtJlHUqWt\/assets\/images\/optimized\/rev-4610e21\/eldiario.com\/wp-content\/uploads\/2025\/05\/silla-ruedas-1200x800.jpg\" class=\"nitro-lazy\" decoding=\"async\" nitro-lazy-empty=\"\" id=\"ODY1OjEwNzQ=-1\"\/> <\/picture><figcaption class=\"wp-element-caption\">Imagen de Steve Buissinne<\/figcaption><\/figure>\n<\/p><\/div>\n\n","protected":false},"excerpt":{"rendered":"<p>Las autoridades realizar\u00e1n el lunes 27 de octubre una jornada de certificaci\u00f3n para personas con discapacidad en la Casa Museo Jos\u00e9 Gregorio Hern\u00e1ndez, ubicada en La Pastora, municipio Libertador. \u00bfQu\u00e9 requisitos se necesitan para la jornada? Los beneficios del certificado para personas con discapacidad El horario de atenci\u00f3n para esta jornada ser\u00e1 de 8:30 am &hellip;<\/p>\n","protected":false},"author":1,"featured_media":47439,"comment_status":"open","ping_status":"open","sticky":false,"template":"","format":"standard","meta":{"fifu_image_url":"https:\/\/eldiario.com\/wp-content\/uploads\/2025\/10\/conapdis-certificado.jpg","fifu_image_alt":"","footnotes":""},"categories":[13],"tags":[],"class_list":["post-47437","post","type-post","status-publish","format-standard","has-post-thumbnail","","category-mundo"],"_links":{"self":[{"href":"https:\/\/noticiasveraces.com\/index.php?rest_route=\/wp\/v2\/posts\/47437","targetHints":{"allow":["GET"]}}],"collection":[{"href":"https:\/\/noticiasveraces.com\/index.php?rest_route=\/wp\/v2\/posts"}],"about":[{"href":"https:\/\/noticiasveraces.com\/index.php?rest_route=\/wp\/v2\/types\/post"}],"author":[{"embeddable":true,"href":"https:\/\/noticiasveraces.com\/index.php?rest_route=\/wp\/v2\/users\/1"}],"replies":[{"embeddable":true,"href":"https:\/\/noticiasveraces.com\/index.php?rest_route=%2Fwp%2Fv2%2Fcomments&post=47437"}],"version-history":[{"count":0,"href":"https:\/\/noticiasveraces.com\/index.php?rest_route=\/wp\/v2\/posts\/47437\/revisions"}],"wp:featuredmedia":[{"embeddable":true,"href":"https:\/\/noticiasveraces.com\/index.php?rest_route=\/wp\/v2\/media\/47439"}],"wp:attachment":[{"href":"https:\/\/noticiasveraces.com\/index.php?rest_route=%2Fwp%2Fv2%2Fmedia&parent=47437"}],"wp:term":[{"taxonomy":"category","embeddable":true,"href":"https:\/\/noticiasveraces.com\/index.php?rest_route=%2Fwp%2Fv2%2Fcategories&post=47437"},{"taxonomy":"post_tag","embeddable":true,"href":"https:\/\/noticiasveraces.com\/index.php?rest_route=%2Fwp%2Fv2%2Ftags&post=47437"}],"curies":[{"name":"wp","href":"https:\/\/api.w.org\/{rel}","templated":true}]}}