{"id":47434,"date":"2025-10-27T04:15:09","date_gmt":"2025-10-27T08:15:09","guid":{"rendered":"https:\/\/noticiasveraces.com\/?p=47434"},"modified":"2025-10-27T04:15:09","modified_gmt":"2025-10-27T08:15:09","slug":"santidad-y-valores-el-nacional","status":"publish","type":"post","link":"https:\/\/noticiasveraces.com\/?p=47434","title":{"rendered":"Santidad y valores &#8211; EL NACIONAL"},"content":{"rendered":"<p> \n<\/p>\n<div id=\"\">\n<div class=\"image-featured\">\n<img src=\"data:image\/png;base64,iVBORw0KGgoAAAANSUhEUgAABQAAAAOEAQAAAADWbqGuAAAAAnRSTlMAAHaTzTgAAACjSURBVHja7cExAQAAAMKg9U9tDQ+gAAAAAAAAAAAAAAAAAAAAAAAAAAAAAAAAAAAAAAAAAAAAAAAAAAAAAAAAAAAAAAAAAAAAAAAAAAAAAAAAAAAAAAAAAAAAAAAAAAAAAAAAAAAAAAAAAAAAAAAAAAAAAAAAAAAAAAAAAAAAAAAAAAAAAAAAAAAAAAAAAAAAAAAAAAAAAAAAAAAAAAAAAAB4NzYiAAEO6z8yAAAAAElFTkSuQmCC\" alt=\"La programaci\u00f3n en Caracas por la canonizaci\u00f3n de Carmen Rendiles y Jos\u00e9 Gregorio Hern\u00e1ndez\" data-src=\"https:\/\/elnacional-uploads.nyc3.digitaloceanspaces.com\/wp-content\/uploads\/2025\/10\/15092937\/jose-gregorio-hernandez-madre-rendiles--1280x900.jpg\" decoding=\"async\" class=\"lazyload\" data-eio-rwidth=\"1280\" data-eio-rheight=\"900\"\/><img decoding=\"async\" src=\"https:\/\/elnacional-uploads.nyc3.digitaloceanspaces.com\/wp-content\/uploads\/2025\/10\/15092937\/jose-gregorio-hernandez-madre-rendiles--1280x900.jpg\" alt=\"La programaci\u00f3n en Caracas por la canonizaci\u00f3n de Carmen Rendiles y Jos\u00e9 Gregorio Hern\u00e1ndez\" data-eio=\"l\"\/><figcaption>Foto: AFP<\/figcaption><\/div>\n<p>La canonizaci\u00f3n de Jos\u00e9 Gregorio Hern\u00e1ndez y de la madre Carmen Rendiles ha tenido la virtud de ofrecer a los venezolanos un motivo de satisfacci\u00f3n compartida. Ha sido no solo la oportunidad para exaltar el valor de unas vidas marcadas por la virtud, sino para reconocer en ellos valores que nos identifican y que importa tanto traerlos permanentemente a la reflexi\u00f3n y a la conciencia ciudadana.<\/p>\n<p>Hemos visto a Jos\u00e9 Gregorio fundamentalmente como el \u201cm\u00e9dico de los pobres\u201d. Su biograf\u00eda nos muestra algo m\u00e1s: su actitud positiva ante la vida, su dedicaci\u00f3n a los estudios dentro y fuera del pa\u00eds, su condici\u00f3n de investigador, su generosidad, su solidaridad, su valoraci\u00f3n de lo social, su constancia, su apego a la \u00e9tica, la confluencia en \u00e9l de la modernidad y del af\u00e1n cient\u00edfico con una profunda religiosidad. <\/p>\n<p>Los investigadores Roberto Brice\u00f1o-Le\u00f3n y Alberto Camardiel explican que el lugar privilegiado que ocupa Jos\u00e9 Gregorio Hern\u00e1ndez es el resultado de la fusi\u00f3n en su persona de la modernidad cient\u00edfica con la religiosidad trascendental, de la empat\u00eda activa con la solidaridad. Esa misma confluencia, afirman, es la que le otorga gran fuerza de atracci\u00f3n a Jos\u00e9 Gregorio Hern\u00e1ndez, pues permite en el intercambio la expresi\u00f3n de empat\u00eda, solidaridad y compasi\u00f3n que condensa su imagen como m\u00e9dico de los pobres, como auxilio de los desamparados, que retoma una ense\u00f1anza b\u00e1sica del evangelio de la caridad y la convierte en su praxis cotidiana. Ya los obispos venezolanos hab\u00edan se\u00f1alado, en el documento del Concilio Plenario de Venezuela del a\u00f1o 2006, que \u201cla religiosidad popular no<strong> <\/strong>se trata s\u00f3lo de expresiones religiosas, son tambi\u00e9n de valores, criterios, conductas y actitudes que nacen del dogma cat\u00f3lico y constituyen la sabidur\u00eda de nuestro pueblo\u201d.<strong> <\/strong><\/p>\n<p>Mucho antes de ser elevado a los altares, el fervor popular en Venezuela y en otros pa\u00edses de Am\u00e9rica Latina hab\u00edan consagrado ya a Jos\u00e9 Gregorio como un santo popular. Como afirman Brice\u00f1o-Le\u00f3n y Camardiel, ese reconocimiento y la veneraci\u00f3n por el nuevo santo cat\u00f3lico superaba al de otras figuras de culto popular en la sociedad venezolana. En su investigaci\u00f3n para conocer la creencia en la santidad de Jos\u00e9 Gregorio Hern\u00e1ndez comparada con otras figuras de culto popular, concluyen que m\u00e1s de 70% de los entrevistados y en todos los grupos sociales y etarios coincid\u00edan en el conocimiento y veneraci\u00f3n de Jos\u00e9 Gregorio Hern\u00e1ndez. Esta extendida aceptaci\u00f3n, dicen, \u201cse debe a que su imagen de m\u00e9dico y santo que socorre los enfermos representa la fusi\u00f3n de cientificidad, religiosidad y solidaridad social propia de la modernidad mestiza\u201d. Antes de haber sido elevado formalmente a los altares, su imagen estaba ya en las estampas o las esculturas, en los objetos religiosos del hogar, en la artesan\u00eda, en la imagener\u00eda popular, en la atenci\u00f3n y la devoci\u00f3n de los venezolanos. <\/p>\n<p>Menos conocida, pero igualmente valiosa y ejemplar, es la vida de la madre Carmen Rendiles, la santa \u201cvaliente\u201d de Venezuela,<strong> <\/strong>fundadora de la Congregaci\u00f3n de Siervas de Jes\u00fas de Venezuela. Sus hermanas religiosas dan testimonio de su cercan\u00eda, su alegr\u00eda, su sencillez, su generosidad, su enfoque al servicio del pr\u00f3jimo, su independencia, su ejercicio de la autoridad y esp\u00edritu de liderazgo positivo. Tambi\u00e9n de su valor, dadas las dificultades de salud que hubo de sobrellevar desde su nacimiento. Con especial \u00e9nfasis se refieren a su labor educativa como fundadora de los colegios Betania, Santa Ana, Bel\u00e9n y Nuestra Se\u00f1ora del Rosario.<\/p>\n<p>Unidos en el acto de canonizaci\u00f3n, el papa Le\u00f3n XIV subray\u00f3 la autenticidad como la cualidad humana que los identifica. No son, dijo, \u00abh\u00e9roes ni paladines de un ideal cualquiera, sino hombres y mujeres aut\u00e9nticos. Convertidos en un s\u00edmbolo en Venezuela, han servido para renovar el orgullo nacional y la esperanza, pero tambi\u00e9n para recordar los valores de una sociedad, muy especialmente los de la amistad, la generosidad, la familia, el sentido del deber.<\/p>\n<p><span class=\"__cf_email__\" data-cfemail=\"9af4ffe9f5f5e8abaadafdf7fbf3f6b4f9f5f7\">[email\u00a0protected]<\/span><\/p>\n<\/div>\n\n","protected":false},"excerpt":{"rendered":"<p>Foto: AFP La canonizaci\u00f3n de Jos\u00e9 Gregorio Hern\u00e1ndez y de la madre Carmen Rendiles ha tenido la virtud de ofrecer a los venezolanos un motivo de satisfacci\u00f3n compartida. Ha sido no solo la oportunidad para exaltar el valor de unas vidas marcadas por la virtud, sino para reconocer en ellos valores que nos identifican y &hellip;<\/p>\n","protected":false},"author":1,"featured_media":47436,"comment_status":"open","ping_status":"open","sticky":false,"template":"","format":"standard","meta":{"fifu_image_url":"https:\/\/elnacional-uploads.nyc3.digitaloceanspaces.com\/wp-content\/uploads\/2025\/10\/15092937\/jose-gregorio-hernandez-madre-rendiles-.jpg","fifu_image_alt":"","footnotes":""},"categories":[13],"tags":[],"class_list":["post-47434","post","type-post","status-publish","format-standard","has-post-thumbnail","","category-mundo"],"_links":{"self":[{"href":"https:\/\/noticiasveraces.com\/index.php?rest_route=\/wp\/v2\/posts\/47434","targetHints":{"allow":["GET"]}}],"collection":[{"href":"https:\/\/noticiasveraces.com\/index.php?rest_route=\/wp\/v2\/posts"}],"about":[{"href":"https:\/\/noticiasveraces.com\/index.php?rest_route=\/wp\/v2\/types\/post"}],"author":[{"embeddable":true,"href":"https:\/\/noticiasveraces.com\/index.php?rest_route=\/wp\/v2\/users\/1"}],"replies":[{"embeddable":true,"href":"https:\/\/noticiasveraces.com\/index.php?rest_route=%2Fwp%2Fv2%2Fcomments&post=47434"}],"version-history":[{"count":0,"href":"https:\/\/noticiasveraces.com\/index.php?rest_route=\/wp\/v2\/posts\/47434\/revisions"}],"wp:featuredmedia":[{"embeddable":true,"href":"https:\/\/noticiasveraces.com\/index.php?rest_route=\/wp\/v2\/media\/47436"}],"wp:attachment":[{"href":"https:\/\/noticiasveraces.com\/index.php?rest_route=%2Fwp%2Fv2%2Fmedia&parent=47434"}],"wp:term":[{"taxonomy":"category","embeddable":true,"href":"https:\/\/noticiasveraces.com\/index.php?rest_route=%2Fwp%2Fv2%2Fcategories&post=47434"},{"taxonomy":"post_tag","embeddable":true,"href":"https:\/\/noticiasveraces.com\/index.php?rest_route=%2Fwp%2Fv2%2Ftags&post=47434"}],"curies":[{"name":"wp","href":"https:\/\/api.w.org\/{rel}","templated":true}]}}