{"id":47431,"date":"2025-10-27T03:15:01","date_gmt":"2025-10-27T07:15:01","guid":{"rendered":"https:\/\/noticiasveraces.com\/?p=47431"},"modified":"2025-10-27T03:15:01","modified_gmt":"2025-10-27T07:15:01","slug":"ivan-cepeda-sera-el-candidato-presidencial-del-pacto-historico","status":"publish","type":"post","link":"https:\/\/noticiasveraces.com\/?p=47431","title":{"rendered":"Iv\u00e1n Cepeda ser\u00e1 el candidato presidencial del Pacto Hist\u00f3rico"},"content":{"rendered":"<p> \n<\/p>\n<div>\n<p>En medio de una jornada de consulta interna hist\u00f3rica en Colombia, en que se define\u00a0el candidato presidencial de la coalici\u00f3n del Pacto Hist\u00f3rico para las elecciones generales del pr\u00f3ximo a\u00f1o, el senador colombiano Iv\u00e1n Cepeda Castro se confirm\u00f3 como ganador del proceso con una tendencia que ya es irreversible de acuerdo con el Bolet\u00edn 17 de la Registradur\u00eda nacional, entidad encargada de organizar los comicios.<\/p>\n<p>Con 34 puntos de diferencia respecto a la segunda candidata m\u00e1s votada, Carolina Corcho, Cepeda se confirma como el candidato de la coalici\u00f3n Pacto Hist\u00f3rico,\u00a0conformada por el Polo Democr\u00e1tico, la Uni\u00f3n Patri\u00f3tica, el Partido Comunista Colombiano\u00a0y otras fuerzas pol\u00edticas.<\/p>\n<p>Con un total de 15.958 mesas procesadas de las m\u00e1s de 19.000 instaladas durante la jornada, seg\u00fan cifras ofrecidas por la Registradur\u00eda y un total de 1.428.648 votantes, el senador acopia el 64,02%, lo que equivale a un total de 800.839 de votos.<\/p>\n<p>Tras darse a conocer los resultados, el mandatario colombiano, Gustavo Petro, celebr\u00f3 los resultados con un mensaje en sus redes sociales: \u00abSe impone la democracia y hay que obedecerla.\u00a0El pueblo ha elegido libre. Y ahora es lo que la sociedad colombiana quiera, si para atr\u00e1s o para adelante\u00ab.<\/p>\n<p>Pese a todos los sabotajes que se han confirmado en la jornada con los numerosos fallos presentados durante el proceso, la coalici\u00f3n de izquierdas recibi\u00f3 un amplio respaldo popular, expresado en la masividad de votantes que acudi\u00f3 a las mesas instaladas.<\/p>\n<figure class=\"wp-block-image size-full\"><img decoding=\"async\" data-attachment-id=\"3005534\" data-permalink=\"https:\/\/ultimasnoticias.com.ve\/mundo\/ivan-cepeda-sera-el-candidato-presidencial-del-pacto-historico\/attachment\/colombia-82\/\" data-orig-file=\"https:\/\/ultimasnoticias.com.ve\/wp-content\/uploads\/2025\/10\/Colombia.webp\" data-orig-size=\"1024,580\" data-comments-opened=\"1\" data-image-meta=\"{&quot;aperture&quot;:&quot;0&quot;,&quot;credit&quot;:&quot;&quot;,&quot;camera&quot;:&quot;&quot;,&quot;caption&quot;:&quot;&quot;,&quot;created_timestamp&quot;:&quot;0&quot;,&quot;copyright&quot;:&quot;&quot;,&quot;focal_length&quot;:&quot;0&quot;,&quot;iso&quot;:&quot;0&quot;,&quot;shutter_speed&quot;:&quot;0&quot;,&quot;title&quot;:&quot;&quot;,&quot;orientation&quot;:&quot;0&quot;}\" data-image-title=\"Colombia\" data-image-description=\"\" data-image-caption=\"\" data-medium-file=\"https:\/\/ultimasnoticias.com.ve\/wp-content\/uploads\/2025\/10\/Colombia-300x170.webp\" data-large-file=\"https:\/\/ultimasnoticias.com.ve\/wp-content\/uploads\/2025\/10\/Colombia.webp\" src=\"https:\/\/ultimasnoticias.com.ve\/wp-content\/uploads\/2025\/10\/Colombia.webp\" alt=\"\" class=\"wp-image-3005534 lazyload\"\/><img fetchpriority=\"high\" decoding=\"async\" width=\"1024\" height=\"580\" data-attachment-id=\"3005534\" data-permalink=\"https:\/\/ultimasnoticias.com.ve\/mundo\/ivan-cepeda-sera-el-candidato-presidencial-del-pacto-historico\/attachment\/colombia-82\/\" data-orig-file=\"https:\/\/ultimasnoticias.com.ve\/wp-content\/uploads\/2025\/10\/Colombia.webp\" data-orig-size=\"1024,580\" data-comments-opened=\"1\" data-image-meta=\"{&quot;aperture&quot;:&quot;0&quot;,&quot;credit&quot;:&quot;&quot;,&quot;camera&quot;:&quot;&quot;,&quot;caption&quot;:&quot;&quot;,&quot;created_timestamp&quot;:&quot;0&quot;,&quot;copyright&quot;:&quot;&quot;,&quot;focal_length&quot;:&quot;0&quot;,&quot;iso&quot;:&quot;0&quot;,&quot;shutter_speed&quot;:&quot;0&quot;,&quot;title&quot;:&quot;&quot;,&quot;orientation&quot;:&quot;0&quot;}\" data-image-title=\"Colombia\" data-image-description=\"\" data-image-caption=\"\" data-medium-file=\"https:\/\/ultimasnoticias.com.ve\/wp-content\/uploads\/2025\/10\/Colombia-300x170.webp\" data-large-file=\"https:\/\/ultimasnoticias.com.ve\/wp-content\/uploads\/2025\/10\/Colombia.webp\" src=\"https:\/\/ultimasnoticias.com.ve\/wp-content\/uploads\/2025\/10\/Colombia.webp\" alt=\"\" class=\"wp-image-3005534 lazyload\" srcset=\"https:\/\/ultimasnoticias.com.ve\/wp-content\/uploads\/2025\/10\/Colombia.webp 1024w, https:\/\/ultimasnoticias.com.ve\/wp-content\/uploads\/2025\/10\/Colombia-300x170.webp 300w, https:\/\/ultimasnoticias.com.ve\/wp-content\/uploads\/2025\/10\/Colombia-768x435.webp 768w, https:\/\/ultimasnoticias.com.ve\/wp-content\/uploads\/2025\/10\/Colombia-150x85.webp 150w, https:\/\/ultimasnoticias.com.ve\/wp-content\/uploads\/2025\/10\/Colombia-696x394.webp 696w\" sizes=\"(max-width: 1024px) 100vw, 1024px\"\/><\/figure>\n<p>En un encuentro con simpatizantes del Pacto Hist\u00f3rico, tras darse a conocer los primeros resultados irreversibles, el ahora candidato a la Presidencia de la Rep\u00fablica agradeci\u00f3 a los m\u00e1s de dos millones de colombianos y colombianas que le dieron su voto.<\/p>\n<p>En especial\u00a0hizo llegar su gratitud a las y los campesions, los pueblos ind\u00edgenas, a las comunidades afrodescendientes, a las barriadas populares\u00a0que lograron votar hoy, pese a todas las dificultades que permiti\u00f3 la Registradur\u00eda en los comicios.<\/p>\n<p>Destac\u00f3 que\u00a0estas elecciones reafirmaron al Pacto Hist\u00f3rico como la fuerza m\u00e1s pujante por la democracia en el pa\u00eds: \u00abHemos demostrado que somos una fuerza esencialmente democr\u00e1tica, que no le teme a la democracia y\u00a0se ha medido en las urnas con las y los ciudadanos\u00ab. Debo mi gratitud a ese grupo humano v\u00edctima de la violencia en el pa\u00eds. Asimismo, agradeci\u00f3 al mandatario nacional y a sus compa\u00f1eros de coalici\u00f3n y equipo de trabajo.<\/p>\n<\/div>\n\n","protected":false},"excerpt":{"rendered":"<p>En medio de una jornada de consulta interna hist\u00f3rica en Colombia, en que se define\u00a0el candidato presidencial de la coalici\u00f3n del Pacto Hist\u00f3rico para las elecciones generales del pr\u00f3ximo a\u00f1o, el senador colombiano Iv\u00e1n Cepeda Castro se confirm\u00f3 como ganador del proceso con una tendencia que ya es irreversible de acuerdo con el Bolet\u00edn 17 &hellip;<\/p>\n","protected":false},"author":1,"featured_media":47433,"comment_status":"open","ping_status":"open","sticky":false,"template":"","format":"standard","meta":{"fifu_image_url":"https:\/\/ultimasnoticias.com.ve\/wp-content\/uploads\/2025\/08\/Yvan-Cepeda.jpg","fifu_image_alt":"","footnotes":""},"categories":[4],"tags":[],"class_list":["post-47431","post","type-post","status-publish","format-standard","has-post-thumbnail","","category-historias-destacadas"],"_links":{"self":[{"href":"https:\/\/noticiasveraces.com\/index.php?rest_route=\/wp\/v2\/posts\/47431","targetHints":{"allow":["GET"]}}],"collection":[{"href":"https:\/\/noticiasveraces.com\/index.php?rest_route=\/wp\/v2\/posts"}],"about":[{"href":"https:\/\/noticiasveraces.com\/index.php?rest_route=\/wp\/v2\/types\/post"}],"author":[{"embeddable":true,"href":"https:\/\/noticiasveraces.com\/index.php?rest_route=\/wp\/v2\/users\/1"}],"replies":[{"embeddable":true,"href":"https:\/\/noticiasveraces.com\/index.php?rest_route=%2Fwp%2Fv2%2Fcomments&post=47431"}],"version-history":[{"count":0,"href":"https:\/\/noticiasveraces.com\/index.php?rest_route=\/wp\/v2\/posts\/47431\/revisions"}],"wp:featuredmedia":[{"embeddable":true,"href":"https:\/\/noticiasveraces.com\/index.php?rest_route=\/wp\/v2\/media\/47433"}],"wp:attachment":[{"href":"https:\/\/noticiasveraces.com\/index.php?rest_route=%2Fwp%2Fv2%2Fmedia&parent=47431"}],"wp:term":[{"taxonomy":"category","embeddable":true,"href":"https:\/\/noticiasveraces.com\/index.php?rest_route=%2Fwp%2Fv2%2Fcategories&post=47431"},{"taxonomy":"post_tag","embeddable":true,"href":"https:\/\/noticiasveraces.com\/index.php?rest_route=%2Fwp%2Fv2%2Ftags&post=47431"}],"curies":[{"name":"wp","href":"https:\/\/api.w.org\/{rel}","templated":true}]}}