{"id":47407,"date":"2025-10-26T23:27:01","date_gmt":"2025-10-27T03:27:01","guid":{"rendered":"https:\/\/noticiasveraces.com\/?p=47407"},"modified":"2025-10-26T23:27:01","modified_gmt":"2025-10-27T03:27:01","slug":"tras-aplastante-victoria-milei-dice-que-ahora-comienza-la-construccion-de-la-argentina-grande","status":"publish","type":"post","link":"https:\/\/noticiasveraces.com\/?p=47407","title":{"rendered":"Tras aplastante victoria, Milei dice que ahora comienza \u00abla construcci\u00f3n de la Argentina grande\u00bb"},"content":{"rendered":"<p> \n<\/p>\n<div>\n<p> <span rel=\"author\" class=\"fn\">con una pala<\/span><\/p>\n<p> <time class=\"entry-date published updated\" datetime=\"2025-10-26T21:46:05-04:00\">octubre 26 2025, 9:46 pm<\/time> <span class=\"spot-im-replies-count\" data-post-id=\"5820640\"\/><\/p>\n<figure id=\"attachment_5820641\" aria-describedby=\"caption-attachment-5820641\" style=\"width: 1920px\" class=\"wp-caption alignnone\"><img fetchpriority=\"high\" decoding=\"async\" onerror=\"this.onerror=null;this.src=\" https:=\"\" class=\"size-full wp-image-5820641\" src=\"https:\/\/sandia.datanubex.uk\/wp-content\/uploads\/2025\/10\/Javier-Milei-Argentina-2.jpg\" alt=\"\" width=\"1920\" height=\"1280\"\/><figcaption id=\"caption-attachment-5820641\" class=\"wp-caption-text\">EFE<\/figcaption><\/figure>\n<\/p>\n<p>El presidente argentino, Javier Milei, anticip\u00f3 este domingo, tras el triunfo en los comicios legislativos de su partido, La Libertad Avanza (LLA), que \u00abel nuevo Congreso ser\u00e1 fundamental para asegurar el cambio de rumbo\u00bb y anunci\u00f3 que har\u00e1 importantes reformas.<\/p>\n<p>\u00abDurante los pr\u00f3ximos dos a\u00f1os tenemos que avanzar el camino reformista que emprendimos\u00bb, dijo el mandatario ultraderechista, al destacar que los proyectos que impulsar\u00e1 son necesarios para \u00abconsolidar el crecimiento y el despegue de la Argentina\u00bb.<\/p>\n<p><!-- Begin Mailchimp Signup Form --><\/p>\n<div id=\"mc_embed_signup\">\n<p><label for=\"mce-EMAIL\">  \u00a1\u00danete al club ahora! Suscr\u00edbete al bolet\u00edn m\u00e1s importante de Venezuela <\/label><iframe data-test-id=\"beehiiv-embed\" height=\"52\" frameborder=\"0\" scrolling=\"no\" style=\"margin: 0; border-radius: 0px !important; &#10; background-color: transparent;\" data-src=\"https:\/\/embeds.beehiiv.com\/cdab9503-16ae-4689-ad4f-1408c727a83a?slim=true\" class=\"lazyload\"><\/iframe><\/p>\n<\/div>\n<p><!--End mc_embed_signup 2--><\/p>\n<p>\u00abA partir del 10 de diciembre tendremos sin lugar a dudas el Congreso m\u00e1s reformista de la historia argentina\u00bb, a\u00f1adi\u00f3, poco despu\u00e9s de conocerse que su partido gan\u00f3 las elecciones con el 39 % de los votos y obtuvo una amplia diferencia respecto a la peronista Fuerza Patria y sus aliados, con el 29,4 %.<\/p>\n<p>Milei se mostr\u00f3 exultante ante el grupo de seguidores que lo acompa\u00f1aba en el b\u00fanker de LLA en la ciudad de Buenos Aires y consider\u00f3 que el Gobierno pas\u00f3 \u00abel punto bisagra\u00bb y comenzar\u00e1 ahora \u00abla construcci\u00f3n de la Argentina grande\u00bb.<\/p>\n<p>\u00abNo solo vamos a defender las reformas ya hechas sino que adem\u00e1s vamos a impulsar las reformas que a\u00fan faltan\u00bb, agreg\u00f3 el mandatario, que antes de los comicios hab\u00eda anticipado su voluntad de avanzar con importantes reformas, principalmente en el plano laboral y fiscal, como parte de su plan de ajuste.<\/p>\n<p>\u00abHoy claramente ha sido un d\u00eda hist\u00f3rico para la Argentina\u00bb, consider\u00f3 el presidente, que celebr\u00f3 que parte importante de la poblaci\u00f3n escogiera \u00abpersistir en el camino de la libertad, el progreso y el crecimiento\u00bb.<\/p>\n<p>Con el resultado de este domingo, el oficialismo alcanzar\u00e1 el objetivo de un tercio de la C\u00e1mara Baja trazado por el propio Gobierno con el fin de sacar adelante sus proyectos y contrarrestar los intentos de la oposici\u00f3n para bloquear decretos presidenciales.<\/p>\n<p>En el Senado, La Libertad Avanza triunf\u00f3 en seis de los ocho distritos que renovaban esca\u00f1os en la C\u00e1mara Alta y triplic\u00f3 as\u00ed la cantidad de esca\u00f1os que pose\u00eda, aunque sin llegar al tercio.<\/p>\n<p><strong>EFE<\/strong><\/p>\n<p>  <!-- CONTENT END 2 --><\/div>\n\n","protected":false},"excerpt":{"rendered":"<p>con una pala octubre 26 2025, 9:46 pm EFE El presidente argentino, Javier Milei, anticip\u00f3 este domingo, tras el triunfo en los comicios legislativos de su partido, La Libertad Avanza (LLA), que \u00abel nuevo Congreso ser\u00e1 fundamental para asegurar el cambio de rumbo\u00bb y anunci\u00f3 que har\u00e1 importantes reformas. \u00abDurante los pr\u00f3ximos dos a\u00f1os tenemos &hellip;<\/p>\n","protected":false},"author":1,"featured_media":47409,"comment_status":"open","ping_status":"open","sticky":false,"template":"","format":"standard","meta":{"fifu_image_url":"https:\/\/sandia.datanubex.uk\/wp-content\/uploads\/2025\/10\/Javier-Milei-Argentina-2.jpg","fifu_image_alt":"","footnotes":""},"categories":[13],"tags":[],"class_list":["post-47407","post","type-post","status-publish","format-standard","has-post-thumbnail","","category-mundo"],"_links":{"self":[{"href":"https:\/\/noticiasveraces.com\/index.php?rest_route=\/wp\/v2\/posts\/47407","targetHints":{"allow":["GET"]}}],"collection":[{"href":"https:\/\/noticiasveraces.com\/index.php?rest_route=\/wp\/v2\/posts"}],"about":[{"href":"https:\/\/noticiasveraces.com\/index.php?rest_route=\/wp\/v2\/types\/post"}],"author":[{"embeddable":true,"href":"https:\/\/noticiasveraces.com\/index.php?rest_route=\/wp\/v2\/users\/1"}],"replies":[{"embeddable":true,"href":"https:\/\/noticiasveraces.com\/index.php?rest_route=%2Fwp%2Fv2%2Fcomments&post=47407"}],"version-history":[{"count":0,"href":"https:\/\/noticiasveraces.com\/index.php?rest_route=\/wp\/v2\/posts\/47407\/revisions"}],"wp:featuredmedia":[{"embeddable":true,"href":"https:\/\/noticiasveraces.com\/index.php?rest_route=\/wp\/v2\/media\/47409"}],"wp:attachment":[{"href":"https:\/\/noticiasveraces.com\/index.php?rest_route=%2Fwp%2Fv2%2Fmedia&parent=47407"}],"wp:term":[{"taxonomy":"category","embeddable":true,"href":"https:\/\/noticiasveraces.com\/index.php?rest_route=%2Fwp%2Fv2%2Fcategories&post=47407"},{"taxonomy":"post_tag","embeddable":true,"href":"https:\/\/noticiasveraces.com\/index.php?rest_route=%2Fwp%2Fv2%2Ftags&post=47407"}],"curies":[{"name":"wp","href":"https:\/\/api.w.org\/{rel}","templated":true}]}}