{"id":47390,"date":"2025-10-26T21:11:10","date_gmt":"2025-10-27T01:11:10","guid":{"rendered":"https:\/\/noticiasveraces.com\/?p=47390"},"modified":"2025-10-26T21:11:10","modified_gmt":"2025-10-27T01:11:10","slug":"cev-se-solidarizo-con-el-cardenal-baltazar-porras-ante-los-impedimentos-para-llegar-a-isnotu","status":"publish","type":"post","link":"https:\/\/noticiasveraces.com\/?p=47390","title":{"rendered":"CEV se solidariz\u00f3 con el cardenal Baltazar Porras ante los impedimentos para llegar a Isnot\u00fa"},"content":{"rendered":"<p> \n<\/p>\n<div>\n<p><strong>La Conferencia Episcopal Venezolana (CEV)<\/strong> expres\u00f3 el 26 de octubre su respaldo al cardenal <strong>Baltazar Porras<\/strong> ante el impedimento de su traslado a Isnot\u00fa, estado Trujillo, para los actos de celebraci\u00f3n de la canonizaci\u00f3n del santo Jos\u00e9 Gregorio Hern\u00e1ndez.<\/p>\n<div class=\"ruby-table-contents rbtoc table-fw\">\n<ul class=\"toc-content h5\">\n<li>Impidieron al cardenal Baltazar Porras llegar a Isnot\u00fa<\/li>\n<li>Cardenal Baltazar Porras abog\u00f3 por los presos pol\u00edticos en Roma<\/li>\n<\/ul>\n<\/div>\n<p>\u201cLamentamos profundamente los incidentes que le impidieron trasladarse ayer (25 de octubre) a Isnot\u00fa para presidir la <strong>santa misa<\/strong> en honor a San Jos\u00e9 Gregorio Hern\u00e1ndez\u201d, se\u00f1al\u00f3 la instituci\u00f3n en el comunicado difundido en su cuenta de Instagram.<\/p>\n<p>Asimismo, reconoci\u00f3 el papel <strong>\u00abfundamental\u00bb<\/strong> que tuvo este religioso venezolano durante el proceso que llev\u00f3 a Jos\u00e9 Gregorio Hern\u00e1ndez y Carmen Rendiles a convertirse en los primeros santos venezolanos.<\/p>\n<p>La CEV tambi\u00e9n hizo un llamado a los distintos sectores venezolanos a no utilizar los s\u00edmbolos de fe, la devoci\u00f3n popular ni las figuras de los santos con fines <strong>proselitistas o partidistas<\/strong>.<\/p>\n<p>\u201cLa fe es un camino de unidad, no de divisi\u00f3n. Mantengamos viva la devoci\u00f3n en el respeto y la caridad\u201d, <strong>subray\u00f3 la instituci\u00f3n eclesi\u00e1stica<\/strong>.<\/p>\n<blockquote data-service=\"instagram\" data-category=\"marketing\" data-placeholder-image=\"https:\/\/eldiario.com\/wp-content\/plugins\/complianz-gdpr\/assets\/images\/placeholders\/instagram-minimal.jpg\" class=\"cmplz-placeholder-element instagram-media\" data-instgrm-captioned=\"\" data-instgrm-permalink=\"https:\/\/www.instagram.com\/p\/DQR5wjrkQHX\/?utm_source=ig_embed&amp;utm_campaign=loading\" data-instgrm-version=\"14\" style=\"background:#fff;border:0;border-radius:3px;margin:1px;max-width:540px;min-width:326px;padding:0;width:99.375%;width:-webkit-calc(100% - 2px);width:calc(100% - 2px);\"\/>\n<h2 id=\"impidieron-al-cardenal-baltazar-porras-llegar-a-isnotu\" class=\"rb-heading-index-0-824291 wp-block-heading\"><strong>Impidieron al cardenal Baltazar Porras llegar a Isnot\u00fa<\/strong><\/h2>\n<p>En un video de la Arquidi\u00f3cesis de Caracas, el cardenal <strong>Baltazar Porras inform\u00f3<\/strong> el s\u00e1bado 25 de octubre que no le permitieron abordar el avi\u00f3n de Conviasa para viajar hasta Trujillo.<\/p>\n<p>\u201cRecibimos una llamada del viceministro de Culto a la CEV diciendo de la inconveniencia de que mi persona se hiciera presente en Isnot\u00fa porque ten\u00edan noticias de disturbios y cosas que se iban a hacer all\u00ed\u201d, cont\u00f3 en el video.<\/p>\n<p>Adem\u00e1s, indic\u00f3 que le notificaron a su <strong>correo y WhatsApp<\/strong> sobre la suspensi\u00f3n de su vuelo de Conviasa a Valera. Sin embargo, precis\u00f3 que el avi\u00f3n \u201clleg\u00f3 de forma correcta\u201d hasta su destino.<\/p>\n<p>Porras se\u00f1al\u00f3 que, ante los impedimentos, decidieron salir en un <strong>vuelo privado<\/strong> desde el Aeropuerto Nacional de Maiquet\u00eda. Sin embargo, le informaron a los pilotos que deb\u00edan aterrizar en Barquisimeto, estado Lara, por supuestos vientos fuertes en Valera.<\/p>\n<p>\u201cEl aeropuerto de Valera no estaba cerrado; segu\u00edan llegando los diferentes vuelos. Llam\u00f3 la atenci\u00f3n la <strong>militarizaci\u00f3n<\/strong>\u201d, a\u00f1adi\u00f3.<\/p>\n<p>Ante esta situaci\u00f3n, decidieron contratar una <strong>camioneta van<\/strong> para poder viajar por tierra a Isnot\u00fa. Sin embargo, el cardenal explic\u00f3 que \u201cla fuerza p\u00fablica\u201d les vet\u00f3. Por esta raz\u00f3n, debieron regresar a Caracas.<\/p>\n<figure class=\"wp-block-embed is-type-rich is-provider-twitter wp-block-embed-twitter\">\n<div class=\"wp-block-embed__wrapper\">\n<blockquote data-service=\"twitter\" data-category=\"marketing\" data-placeholder-image=\"https:\/\/eldiario.com\/wp-content\/plugins\/complianz-gdpr\/assets\/images\/placeholders\/twitter-minimal.jpg\" class=\"cmplz-placeholder-element twitter-tweet\" data-width=\"550\" data-dnt=\"true\">\n<p lang=\"es\" dir=\"ltr\">\ud83d\udd34 ATENCI\u00d3N: La narcotiran\u00eda de Maduro impidi\u00f3 al Cardenal Baltazar Porras llegar al santuario del Dr. Jos\u00e9 Gregorio Hern\u00e1ndez en Isnot\u00fa. <\/p>\n<p>\u2013 No le permitieron tomar el vuelo de Conviasa a Trujillo.<br \/>\u2013 Despeg\u00f3 en un avi\u00f3n privado y lo obligaron a aterrizar en Barquisimeto.<br \/>\u2013 Luego\u2026 <a href=\"https:\/\/t.co\/BhWGWD9flO\">pic.twitter.com\/BhWGWD9flO<\/a><\/p>\n<p>\u2014 Gabriel Bastidas (@Gbastidas) <a href=\"https:\/\/twitter.com\/Gbastidas\/status\/1982208237215924466?ref_src=twsrc%5Etfw\">25 de octubre de 2025<\/a><\/p><\/blockquote><\/div>\n<\/figure>\n<h2 id=\"cardenal-baltazar-porras-abogo-por-los-presos-politicos-en-roma\" class=\"rb-heading-index-1-824291 wp-block-heading\"><strong>Cardenal Baltazar Porras abog\u00f3 por los presos pol\u00edticos en Roma<\/strong><\/h2>\n<p>El 18 de octubre, el cardenal venezolano <strong>Baltazar Porras se refiri\u00f3 a <\/strong><strong>la situaci\u00f3n de los presos pol\u00edticos en Venezuela<\/strong> durante un evento en Roma, Italia, en el que particip\u00f3 como parte de las actividades previas a la canonizaci\u00f3n de Jos\u00e9 Gregorio Hernandez y Carmen Rendiles. <\/p>\n<p>Antes de abordar el tema de los presos pol\u00edticos, <strong>Porras denunci\u00f3 varios aspectos que afectan a los venezolanos.<\/strong> <\/p>\n<p>\u201cLa merma del ejercicio de la libertad ciudadana, el crecimiento de la pobreza, <strong>la militarizaci\u00f3n como forma de gobierno que excita la violencia, la corrupci\u00f3n y la falta de autonom\u00eda de los poderes p\u00fablicos\u201d,<\/strong> se\u00f1al\u00f3 Porras en una alocuci\u00f3n en la Universidad Lateranense de Roma.<\/p>\n<figure class=\"wp-block-image size-full\"><img fetchpriority=\"high\" width=\"1600\" height=\"900\" alt=\"Cardenal Baltazar Porras denunci\u00f3 la situaci\u00f3n de los presos pol\u00edticos en Venezuela\" sizes=\"(max-width: 1600px) 100vw, 1600px\" srcset=\"https:\/\/eldiario.com\/nitropack_static\/DWpklAePbJBFiBKvuTtiGMLbtJlHUqWt\/assets\/images\/optimized\/rev-4610e21\/eldiario.com\/wp-content\/uploads\/2025\/10\/baltazar-porras.jpg 1600w, https:\/\/eldiario.com\/nitropack_static\/DWpklAePbJBFiBKvuTtiGMLbtJlHUqWt\/assets\/images\/optimized\/rev-4610e21\/eldiario.com\/wp-content\/uploads\/2025\/10\/baltazar-porras-300x169.jpg 300w, https:\/\/eldiario.com\/nitropack_static\/DWpklAePbJBFiBKvuTtiGMLbtJlHUqWt\/assets\/images\/optimized\/rev-4610e21\/eldiario.com\/wp-content\/uploads\/2025\/10\/baltazar-porras-1200x675.jpg 1200w, https:\/\/eldiario.com\/nitropack_static\/DWpklAePbJBFiBKvuTtiGMLbtJlHUqWt\/assets\/images\/optimized\/rev-4610e21\/eldiario.com\/wp-content\/uploads\/2025\/10\/baltazar-porras-768x432.jpg 768w, https:\/\/eldiario.com\/nitropack_static\/DWpklAePbJBFiBKvuTtiGMLbtJlHUqWt\/assets\/images\/optimized\/rev-4610e21\/eldiario.com\/wp-content\/uploads\/2025\/10\/baltazar-porras-1536x864.jpg 1536w, https:\/\/eldiario.com\/nitropack_static\/DWpklAePbJBFiBKvuTtiGMLbtJlHUqWt\/assets\/images\/optimized\/rev-4610e21\/eldiario.com\/wp-content\/uploads\/2025\/10\/baltazar-porras-860x484.jpg 860w, https:\/\/eldiario.com\/nitropack_static\/DWpklAePbJBFiBKvuTtiGMLbtJlHUqWt\/assets\/images\/optimized\/rev-4610e21\/eldiario.com\/wp-content\/uploads\/2025\/10\/baltazar-porras-150x84.jpg 150w\" src=\"https:\/\/eldiario.com\/nitropack_static\/DWpklAePbJBFiBKvuTtiGMLbtJlHUqWt\/assets\/images\/optimized\/rev-4610e21\/eldiario.com\/wp-content\/uploads\/2025\/10\/baltazar-porras.jpg\" class=\"wp-image-822869 nitro-lazy\" decoding=\"async\" nitro-lazy-empty=\"\" id=\"ODY1Ojk0Mg==-1\"\/><figcaption class=\"wp-element-caption\">Foto: EFE<\/figcaption><\/figure>\n<p>En cuanto al tema de los<strong> \u201cpresos privados de libertad por razones no siempre claras\u201d, <\/strong>insisti\u00f3 en que esta situaci\u00f3n <strong>\u201crompe la unidad familiar y sufren todos\u201d<\/strong>.<\/p>\n<p>El cardenal advirti\u00f3 que este panorama <strong>\u201cno ayuda a la convivencia pac\u00edfica ni a superar las carencias estructurales de la sociedad\u201d.<\/strong><\/p>\n<\/p><\/div>\n<p><script async src=\"https:\/\/platform.twitter.com\/widgets.js\" charset=\"utf-8\"><\/script><script async src=\"\/\/www.instagram.com\/embed.js\"><\/script><br \/>\n<br \/>\n","protected":false},"excerpt":{"rendered":"<p>La Conferencia Episcopal Venezolana (CEV) expres\u00f3 el 26 de octubre su respaldo al cardenal Baltazar Porras ante el impedimento de su traslado a Isnot\u00fa, estado Trujillo, para los actos de celebraci\u00f3n de la canonizaci\u00f3n del santo Jos\u00e9 Gregorio Hern\u00e1ndez. Impidieron al cardenal Baltazar Porras llegar a Isnot\u00fa Cardenal Baltazar Porras abog\u00f3 por los presos pol\u00edticos &hellip;<\/p>\n","protected":false},"author":1,"featured_media":47392,"comment_status":"open","ping_status":"open","sticky":false,"template":"","format":"standard","meta":{"fifu_image_url":"https:\/\/eldiario.com\/wp-content\/uploads\/2025\/10\/conferencia-1.jpg","fifu_image_alt":"","footnotes":""},"categories":[4],"tags":[],"class_list":["post-47390","post","type-post","status-publish","format-standard","has-post-thumbnail","","category-historias-destacadas"],"_links":{"self":[{"href":"https:\/\/noticiasveraces.com\/index.php?rest_route=\/wp\/v2\/posts\/47390","targetHints":{"allow":["GET"]}}],"collection":[{"href":"https:\/\/noticiasveraces.com\/index.php?rest_route=\/wp\/v2\/posts"}],"about":[{"href":"https:\/\/noticiasveraces.com\/index.php?rest_route=\/wp\/v2\/types\/post"}],"author":[{"embeddable":true,"href":"https:\/\/noticiasveraces.com\/index.php?rest_route=\/wp\/v2\/users\/1"}],"replies":[{"embeddable":true,"href":"https:\/\/noticiasveraces.com\/index.php?rest_route=%2Fwp%2Fv2%2Fcomments&post=47390"}],"version-history":[{"count":0,"href":"https:\/\/noticiasveraces.com\/index.php?rest_route=\/wp\/v2\/posts\/47390\/revisions"}],"wp:featuredmedia":[{"embeddable":true,"href":"https:\/\/noticiasveraces.com\/index.php?rest_route=\/wp\/v2\/media\/47392"}],"wp:attachment":[{"href":"https:\/\/noticiasveraces.com\/index.php?rest_route=%2Fwp%2Fv2%2Fmedia&parent=47390"}],"wp:term":[{"taxonomy":"category","embeddable":true,"href":"https:\/\/noticiasveraces.com\/index.php?rest_route=%2Fwp%2Fv2%2Fcategories&post=47390"},{"taxonomy":"post_tag","embeddable":true,"href":"https:\/\/noticiasveraces.com\/index.php?rest_route=%2Fwp%2Fv2%2Ftags&post=47390"}],"curies":[{"name":"wp","href":"https:\/\/api.w.org\/{rel}","templated":true}]}}