{"id":47367,"date":"2025-10-26T17:45:10","date_gmt":"2025-10-26T21:45:10","guid":{"rendered":"https:\/\/noticiasveraces.com\/?p=47367"},"modified":"2025-10-26T17:45:10","modified_gmt":"2025-10-26T21:45:10","slug":"colombia-la-izquierda-elige-a-su-candidato-para-las-elecciones-presidenciales-de-2026","status":"publish","type":"post","link":"https:\/\/noticiasveraces.com\/?p=47367","title":{"rendered":"Colombia: la izquierda elige a su candidato para las elecciones presidenciales de 2026"},"content":{"rendered":"<p> \n<\/p>\n<div data-article-content=\"\">\n<div class=\"t-content__main-media\" data-media-video-130694cc-f4df-4943-a05f-cd1f5e743a97=\"\" data-wrapper-video-player=\"\" data-show-hidden-video-player=\"130694CC-F4DF-4943-A05F-CD1F5E743A97\" data-autoplay-video-link=\"\" data-youtube-script=\"\">\n<div class=\"o-em-consent \">\n<div class=\"o-em-consent__content\">\n<p class=\"o-em-consent__content__text\">Para mostrar este contenido de YouTube, debe autorizar las cookies de medici\u00f3n de audiencia y publicidad.<\/p>\n<p>        <button class=\"a-master-button a-master-button--dark\" data-action=\"accept\">Aceptar<i class=\"a-svg a-svg--icon-check\"\/><\/button><br \/>\n        <button class=\"a-link\" data-action=\"manage\">Gestionar mis opciones<i class=\"a-svg a-svg--icon-edit\"\/><\/button>\n    <\/div>\n<\/div>\n<div class=\"o-em-adblock\" data-adblock-content=\"\">\n<div class=\"o-em-adblock__content\">\n<p class=\"o-em-adblock__content__text\">Una extensi\u00f3n de tu navegador parece estar bloqueando la carga del reproductor de video. Para poder ver este contenido, debes desactivarla en este sitio.<\/p>\n<p>            <button class=\"a-master-button a-master-button--dark\" data-action=\"reload\">Reintentar<\/button>\n    <\/div>\n<\/div>\n<figure class=\"m-item-image m-item-image--16x9 m-item-image--has-caption\">\n<picture class=\"a-picture a-picture--16x9\"><source type=\"image\/webp\" srcset=\"https:\/\/s.france24.com\/media\/display\/e8c44c30-b29a-11f0-9262-005056bfb2b6\/w:388\/p:16x9\/b98ee421b2e1da00ba74087c190742f5a9b36220.webp 388w,https:\/\/s.france24.com\/media\/display\/e8c44c30-b29a-11f0-9262-005056bfb2b6\/w:720\/p:16x9\/b98ee421b2e1da00ba74087c190742f5a9b36220.webp 720w,https:\/\/s.france24.com\/media\/display\/e8c44c30-b29a-11f0-9262-005056bfb2b6\/w:1024\/p:16x9\/b98ee421b2e1da00ba74087c190742f5a9b36220.webp 1024w,https:\/\/s.france24.com\/media\/display\/e8c44c30-b29a-11f0-9262-005056bfb2b6\/w:1280\/p:16x9\/b98ee421b2e1da00ba74087c190742f5a9b36220.webp 1280w\" sizes=\"(max-width: 1076px) 100vw, 1012px\"><img decoding=\"async\" fetchpriority=\"high\" src=\"https:\/\/s.france24.com\/media\/display\/e8c44c30-b29a-11f0-9262-005056bfb2b6\/w:1280\/p:16x9\/b98ee421b2e1da00ba74087c190742f5a9b36220.jpg\" srcset=\"https:\/\/s.france24.com\/media\/display\/e8c44c30-b29a-11f0-9262-005056bfb2b6\/w:388\/p:16x9\/b98ee421b2e1da00ba74087c190742f5a9b36220.jpg 388w,https:\/\/s.france24.com\/media\/display\/e8c44c30-b29a-11f0-9262-005056bfb2b6\/w:720\/p:16x9\/b98ee421b2e1da00ba74087c190742f5a9b36220.jpg 720w,https:\/\/s.france24.com\/media\/display\/e8c44c30-b29a-11f0-9262-005056bfb2b6\/w:1024\/p:16x9\/b98ee421b2e1da00ba74087c190742f5a9b36220.jpg 1024w,https:\/\/s.france24.com\/media\/display\/e8c44c30-b29a-11f0-9262-005056bfb2b6\/w:1280\/p:16x9\/b98ee421b2e1da00ba74087c190742f5a9b36220.jpg 1280w\" sizes=\"(max-width: 1076px) 100vw, 1012px\" width=\"1280\" height=\"720\" alt=\"Revisamos las implicaciones de la consulta del Pacto Hist\u00f3rico en Colombia de cara a las elecciones de 2026.\" loading=\"eager\" class=\"a-img \"\/><\/source><\/picture><figcaption class=\"a-figcaption\">\n                <span>Revisamos las implicaciones de la consulta del Pacto Hist\u00f3rico en Colombia de cara a las elecciones de 2026.<\/span>                <span>EFE &#8211; Mauricio Due\u00f1as Casta\u00f1eda<\/span>            <\/figcaption><\/figure>\n<\/p><\/div>\n<div class=\"t-content__metadata\">\n<div class=\"t-content__dates\">\n<p class=\"m-pub-dates\"><span class=\"m-pub-dates__date\">Primera modificaci\u00f3n: <time datetime=\"2025-10-26T20:13:02+00:00\" pubdate=\"pubdate\">26\/10\/2025 &#8211; 21:13<\/time><\/span><\/p>\n<\/p><\/div>\n<p>\n                            <span class=\"a-svg a-svg--icon-replay\"\/><\/p>\n<p>                            05:59 minutos\n                        <\/p>\n<\/p><\/div>\n<p>Viene del show<\/p>\n<p>                        <i class=\"a-svg a-svg--icon-caret-right\"\/><\/p>\n<picture class=\"a-picture a-picture--original\">\n    <img decoding=\"async\" fetchpriority=\"low\" src=\"https:\/\/s.france24.com\/media\/display\/e2e4c82a-57f1-11f0-957f-005056a97e36\/ES-En-contexto-1.svg\" srcset=\"https:\/\/s.france24.com\/media\/display\/e2e4c82a-57f1-11f0-957f-005056a97e36\/ES-En-contexto-1.svg\" alt=\"En Contexto\" loading=\"lazy\" class=\"a-img  a-img--svg\"\/><\/picture>\n<p>\n                        <span class=\"a-svg a-svg--icon-clock\"\/><br \/>\n                        <span class=\"t-content__reading-time__label\">Tiempo de lectura<\/span><br \/>\n                        1 minuto<\/p>\n<p class=\"t-content__chapo\">\n<p>                                                Este domingo 26 de octubre, el Pacto Hist\u00f3rico, el partido pol\u00edtico del presidente colombiano, Gustavo Petro, realiza la consulta para definir qui\u00e9n ser\u00e1 su candidato \u00fanico de cara a las elecciones presidenciales que se llevar\u00e1n a cabo en 2026. Revisamos el contexto en el que se da la jornada y la incidencia de las crecientes tensiones con Estados Unidos.                    <\/p>\n<\/p><\/div>\n\n","protected":false},"excerpt":{"rendered":"<p>Para mostrar este contenido de YouTube, debe autorizar las cookies de medici\u00f3n de audiencia y publicidad. Aceptar Gestionar mis opciones Una extensi\u00f3n de tu navegador parece estar bloqueando la carga del reproductor de video. Para poder ver este contenido, debes desactivarla en este sitio. Reintentar Revisamos las implicaciones de la consulta del Pacto Hist\u00f3rico en &hellip;<\/p>\n","protected":false},"author":1,"featured_media":47369,"comment_status":"open","ping_status":"open","sticky":false,"template":"","format":"standard","meta":{"fifu_image_url":"https:\/\/s.france24.com\/media\/display\/e8c44c30-b29a-11f0-9262-005056bfb2b6\/w:1280\/p:16x9\/b98ee421b2e1da00ba74087c190742f5a9b36220.jpg","fifu_image_alt":"","footnotes":""},"categories":[13],"tags":[],"class_list":["post-47367","post","type-post","status-publish","format-standard","has-post-thumbnail","","category-mundo"],"_links":{"self":[{"href":"https:\/\/noticiasveraces.com\/index.php?rest_route=\/wp\/v2\/posts\/47367","targetHints":{"allow":["GET"]}}],"collection":[{"href":"https:\/\/noticiasveraces.com\/index.php?rest_route=\/wp\/v2\/posts"}],"about":[{"href":"https:\/\/noticiasveraces.com\/index.php?rest_route=\/wp\/v2\/types\/post"}],"author":[{"embeddable":true,"href":"https:\/\/noticiasveraces.com\/index.php?rest_route=\/wp\/v2\/users\/1"}],"replies":[{"embeddable":true,"href":"https:\/\/noticiasveraces.com\/index.php?rest_route=%2Fwp%2Fv2%2Fcomments&post=47367"}],"version-history":[{"count":0,"href":"https:\/\/noticiasveraces.com\/index.php?rest_route=\/wp\/v2\/posts\/47367\/revisions"}],"wp:featuredmedia":[{"embeddable":true,"href":"https:\/\/noticiasveraces.com\/index.php?rest_route=\/wp\/v2\/media\/47369"}],"wp:attachment":[{"href":"https:\/\/noticiasveraces.com\/index.php?rest_route=%2Fwp%2Fv2%2Fmedia&parent=47367"}],"wp:term":[{"taxonomy":"category","embeddable":true,"href":"https:\/\/noticiasveraces.com\/index.php?rest_route=%2Fwp%2Fv2%2Fcategories&post=47367"},{"taxonomy":"post_tag","embeddable":true,"href":"https:\/\/noticiasveraces.com\/index.php?rest_route=%2Fwp%2Fv2%2Ftags&post=47367"}],"curies":[{"name":"wp","href":"https:\/\/api.w.org\/{rel}","templated":true}]}}