{"id":47362,"date":"2025-10-26T15:35:11","date_gmt":"2025-10-26T19:35:11","guid":{"rendered":"https:\/\/noticiasveraces.com\/?p=47362"},"modified":"2025-10-26T15:35:11","modified_gmt":"2025-10-26T19:35:11","slug":"varios-sospechosos-arrestados-por-el-robo-de-joyas-de-la-corona-por-valor-de-102-millones-de-dolares-en-el-louvre-de-paris","status":"publish","type":"post","link":"https:\/\/noticiasveraces.com\/?p=47362","title":{"rendered":"Varios sospechosos arrestados por el robo de joyas de la corona por valor de 102 millones de d\u00f3lares en el Louvre de Par\u00eds"},"content":{"rendered":"<p> \n<\/p>\n<div>\n<div id=\"beyondwords-wrapper\" class=\"beyondwords-wrapper\">\n<p><span class=\"label-bg\">NUEVO<\/span>\u00a1Ahora puedes escuchar los art\u00edculos de Fox News!\n  <\/p>\n<\/div>\n<p class=\"speakable\">Varios sospechosos han sido arrestados en relaci\u00f3n con el robo de las joyas de la corona del Museo del Louvre en Par\u00eds el fin de semana pasado, dijeron el domingo funcionarios franceses.<\/p>\n<p class=\"speakable\">La fiscal de Par\u00eds, Laure Beccuau, dijo que los investigadores realizaron los arrestos el s\u00e1bado por la noche, incluido un hombre que fue detenido cuando estaba a punto de abandonar el pa\u00eds desde el aeropuerto Charles de Gaulle.<\/p>\n<p>Beccuau no confirm\u00f3 el n\u00famero de arrestos, aunque los medios franceses BFM TV y el peri\u00f3dico Le Parisien informaron anteriormente que dos sospechosos hab\u00edan sido arrestados y puestos bajo custodia. No dijo si las joyas hab\u00edan sido recuperadas.<\/p>\n<p>Los ladrones tardaron menos de ocho minutos en robar joyas valoradas en 88 millones de euros (102 millones de d\u00f3lares), un atraco de alto perfil que provoc\u00f3 un ajuste de cuentas nacional y sorprendi\u00f3 al mundo. <\/p>\n<p><strong>EL EQUIPO DE ROBOS DEL LOUVRE DE BRAZEN PUEDE HABER SIDO CONTRATADO POR UN COLECCIONISTA, DICE EL FISCADOR<\/strong><\/p>\n<div class=\"image-ct inline\">\n<div class=\"m\"><picture><source media=\"(max-width: 767px)\" srcset=\"https:\/\/a57.foxnews.com\/static.foxnews.com\/foxnews.com\/content\/uploads\/2025\/10\/343\/192\/paris-louvre-paris-car-museum.jpg?ve=1&amp;tl=1, https:\/\/a57.foxnews.com\/static.foxnews.com\/foxnews.com\/content\/uploads\/2025\/10\/686\/384\/paris-louvre-paris-car-museum.jpg?ve=1&amp;tl=1 2x\" height=\"192\" width=\"343\"><source media=\"(min-width: 768px) and (max-width: 1023px)\" srcset=\"https:\/\/a57.foxnews.com\/static.foxnews.com\/foxnews.com\/content\/uploads\/2025\/10\/672\/378\/paris-louvre-paris-car-museum.jpg?ve=1&amp;tl=1, https:\/\/a57.foxnews.com\/static.foxnews.com\/foxnews.com\/content\/uploads\/2025\/10\/1344\/756\/paris-louvre-paris-car-museum.jpg?ve=1&amp;tl=1 2x\" height=\"378\" width=\"672\"><source media=\"(min-width: 1024px) and (max-width: 1279px)\" srcset=\"https:\/\/a57.foxnews.com\/static.foxnews.com\/foxnews.com\/content\/uploads\/2025\/10\/931\/523\/paris-louvre-paris-car-museum.jpg?ve=1&amp;tl=1, https:\/\/a57.foxnews.com\/static.foxnews.com\/foxnews.com\/content\/uploads\/2025\/10\/1862\/1046\/paris-louvre-paris-car-museum.jpg?ve=1&amp;tl=1 2x\" height=\"523\" width=\"931\"><source media=\"(min-width: 1280px)\" srcset=\"https:\/\/a57.foxnews.com\/static.foxnews.com\/foxnews.com\/content\/uploads\/2025\/10\/720\/405\/paris-louvre-paris-car-museum.jpg?ve=1&amp;tl=1, https:\/\/a57.foxnews.com\/static.foxnews.com\/foxnews.com\/content\/uploads\/2025\/10\/1440\/810\/paris-louvre-paris-car-museum.jpg?ve=1&amp;tl=1 2x\" height=\"405\" width=\"720\"><img loading=\"lazy\" decoding=\"async\" src=\"https:\/\/a57.foxnews.com\/static.foxnews.com\/foxnews.com\/content\/uploads\/2025\/10\/1200\/675\/paris-louvre-paris-car-museum.jpg?ve=1&amp;tl=1\" alt=\"Coche de polic\u00eda estacionado afuera del Museo del Louvre.\" width=\"1200\" height=\"675\"\/><\/source><\/source><\/source><\/source><\/picture><\/div>\n<div class=\"info\">\n<div class=\"caption\">\n<p><span>Un coche de polic\u00eda aparca en el patio del Museo del Louvre, una semana despu\u00e9s del robo, el domingo 26 de octubre de 2025 en Par\u00eds.<\/span> <span>(Foto AP\/Thomas Padilla)<\/span><\/p>\n<\/div>\n<\/div>\n<\/div>\n<p>El grupo de ladrones utiliz\u00f3 una cesta elevadora para escalar la fachada del Louvre, forz\u00f3 una ventana, rompi\u00f3 vitrinas y huy\u00f3, seg\u00fan funcionarios franceses. El director del Louvre, Laurence des Cars, reconoci\u00f3 que hubo un \u00abterrible fallo\u00bb en la seguridad del museo.<\/p>\n<p>Beccuau dijo que los investigadores de una unidad policial especial a cargo de robos a mano armada, robos graves y robos de arte realizaron los arrestos. La filtraci\u00f3n prematura de informaci\u00f3n podr\u00eda obstaculizar el trabajo de m\u00e1s de 100 investigadores \u00abmovilizados para recuperar las joyas robadas y detener a todos los autores\u00bb, afirm\u00f3. <\/p>\n<p>Beccuau dijo que se revelar\u00e1n m\u00e1s detalles una vez que finalice el per\u00edodo de custodia de los sospechosos.<\/p>\n<div class=\"image-ct inline\">\n<div class=\"m\"><picture><source media=\"(max-width: 767px)\" srcset=\"https:\/\/a57.foxnews.com\/static.foxnews.com\/foxnews.com\/content\/uploads\/2025\/10\/343\/192\/louvre-ladder.jpg?ve=1&amp;tl=1, https:\/\/a57.foxnews.com\/static.foxnews.com\/foxnews.com\/content\/uploads\/2025\/10\/686\/384\/louvre-ladder.jpg?ve=1&amp;tl=1 2x\" height=\"192\" width=\"343\"><source media=\"(min-width: 768px) and (max-width: 1023px)\" srcset=\"https:\/\/a57.foxnews.com\/static.foxnews.com\/foxnews.com\/content\/uploads\/2025\/10\/672\/378\/louvre-ladder.jpg?ve=1&amp;tl=1, https:\/\/a57.foxnews.com\/static.foxnews.com\/foxnews.com\/content\/uploads\/2025\/10\/1344\/756\/louvre-ladder.jpg?ve=1&amp;tl=1 2x\" height=\"378\" width=\"672\"><source media=\"(min-width: 1024px) and (max-width: 1279px)\" srcset=\"https:\/\/a57.foxnews.com\/static.foxnews.com\/foxnews.com\/content\/uploads\/2025\/10\/931\/523\/louvre-ladder.jpg?ve=1&amp;tl=1, https:\/\/a57.foxnews.com\/static.foxnews.com\/foxnews.com\/content\/uploads\/2025\/10\/1862\/1046\/louvre-ladder.jpg?ve=1&amp;tl=1 2x\" height=\"523\" width=\"931\"><source media=\"(min-width: 1280px)\" srcset=\"https:\/\/a57.foxnews.com\/static.foxnews.com\/foxnews.com\/content\/uploads\/2025\/10\/720\/405\/louvre-ladder.jpg?ve=1&amp;tl=1, https:\/\/a57.foxnews.com\/static.foxnews.com\/foxnews.com\/content\/uploads\/2025\/10\/1440\/810\/louvre-ladder.jpg?ve=1&amp;tl=1 2x\" height=\"405\" width=\"720\"><img loading=\"lazy\" decoding=\"async\" src=\"https:\/\/a57.foxnews.com\/static.foxnews.com\/foxnews.com\/content\/uploads\/2025\/10\/1200\/675\/louvre-ladder.jpg?ve=1&amp;tl=1\" alt=\"La polic\u00eda y un ascensor m\u00f3vil frente al Museo del Louvre tras el robo de una joya en Par\u00eds.\" width=\"1200\" height=\"675\"\/><\/source><\/source><\/source><\/source><\/picture><\/div>\n<div class=\"info\">\n<div class=\"caption\">\n<p><span>La polic\u00eda asegur\u00f3 la semana pasada el \u00e1rea afuera del Museo del Louvre en Par\u00eds, donde los ladrones utilizaron un ascensor m\u00f3vil montado en un cami\u00f3n para llegar a una ventana del segundo piso y robar joyas reales valoradas en m\u00e1s de 100 millones de d\u00f3lares.<\/span> <span>(Dimitar Dilkoff\/AFP v\u00eda Getty Images)<\/span><\/p>\n<\/div>\n<\/div>\n<\/div>\n<p><strong>EL DIRECTOR DEL LOUVRE SE ENCUENTRA EN ESPECTACULARES FALLAS DE SEGURIDAD, INCLUYENDO UNA C\u00c1MARA QUE APUNTA LEJOS DEL BALC\u00d3N CLAVE<\/strong><\/p>\n<p>El ministro del Interior franc\u00e9s, Laurent N\u00fa\u00f1ez, elogi\u00f3 a los investigadores por su incansable trabajo y a\u00f1adi\u00f3 que siempre tuvieron su \u00abplena confianza\u00bb.<\/p>\n<div class=\"image-ct inline\">\n<div class=\"m\"><picture><source media=\"(max-width: 767px)\" srcset=\"https:\/\/a57.foxnews.com\/static.foxnews.com\/foxnews.com\/content\/uploads\/2025\/10\/343\/192\/louvre-heist-police-investigating2.jpg?ve=1&amp;tl=1, https:\/\/a57.foxnews.com\/static.foxnews.com\/foxnews.com\/content\/uploads\/2025\/10\/686\/384\/louvre-heist-police-investigating2.jpg?ve=1&amp;tl=1 2x\" height=\"192\" width=\"343\"><source media=\"(min-width: 768px) and (max-width: 1023px)\" srcset=\"https:\/\/a57.foxnews.com\/static.foxnews.com\/foxnews.com\/content\/uploads\/2025\/10\/672\/378\/louvre-heist-police-investigating2.jpg?ve=1&amp;tl=1, https:\/\/a57.foxnews.com\/static.foxnews.com\/foxnews.com\/content\/uploads\/2025\/10\/1344\/756\/louvre-heist-police-investigating2.jpg?ve=1&amp;tl=1 2x\" height=\"378\" width=\"672\"><source media=\"(min-width: 1024px) and (max-width: 1279px)\" srcset=\"https:\/\/a57.foxnews.com\/static.foxnews.com\/foxnews.com\/content\/uploads\/2025\/10\/931\/523\/louvre-heist-police-investigating2.jpg?ve=1&amp;tl=1, https:\/\/a57.foxnews.com\/static.foxnews.com\/foxnews.com\/content\/uploads\/2025\/10\/1862\/1046\/louvre-heist-police-investigating2.jpg?ve=1&amp;tl=1 2x\" height=\"523\" width=\"931\"><source media=\"(min-width: 1280px)\" srcset=\"https:\/\/a57.foxnews.com\/static.foxnews.com\/foxnews.com\/content\/uploads\/2025\/10\/720\/405\/louvre-heist-police-investigating2.jpg?ve=1&amp;tl=1, https:\/\/a57.foxnews.com\/static.foxnews.com\/foxnews.com\/content\/uploads\/2025\/10\/1440\/810\/louvre-heist-police-investigating2.jpg?ve=1&amp;tl=1 2x\" height=\"405\" width=\"720\"><img loading=\"lazy\" decoding=\"async\" src=\"https:\/\/a57.foxnews.com\/static.foxnews.com\/foxnews.com\/content\/uploads\/2025\/10\/1200\/675\/louvre-heist-police-investigating2.jpg?ve=1&amp;tl=1\" alt=\"Oficiales de polic\u00eda uniformados parados afuera del Louvre\" width=\"1200\" height=\"675\"\/><\/source><\/source><\/source><\/source><\/picture><\/div>\n<div class=\"info\">\n<div class=\"caption\">\n<p><span>Agentes de polic\u00eda se encuentran cerca de la pir\u00e1mide del Museo del Louvre despu\u00e9s del robo de las joyas de la corona el 19 de octubre de 2025.<\/span> <span>(Gonzalo Fuentes\/Reuters)<\/span><\/p>\n<\/div>\n<\/div>\n<\/div>\n<p>Los ladrones se escaparon con un total de ocho objetos, entre ellos una diadema de zafiro, un collar y un pendiente \u00fanico de un conjunto vinculado a las reinas del siglo XIX Marie-Am\u00e9lie y Hortense. Tambi\u00e9n robaron un collar y unos pendientes de esmeraldas atados a la emperatriz Mar\u00eda Luisa, segunda esposa de Napole\u00f3n Bonaparte, y un broche relicario. La diadema de diamantes de la emperatriz Eugenia y su gran broche con forma de lazo, un conjunto imperial de rara artesan\u00eda, tambi\u00e9n formaron parte del bot\u00edn.<\/p>\n<p>La corona imperial de Eug\u00e9nie, engastada en esmeraldas y con m\u00e1s de 1.300 diamantes, fue encontrada m\u00e1s tarde fuera del museo, da\u00f1ada pero recuperable.<\/p>\n<p><strong><u>HAGA CLIC AQU\u00cd PARA OBTENER LA APLICACI\u00d3N FOX NEWS<\/u><\/strong><\/p>\n<p><i>Esta es una noticia de \u00faltima hora; Vuelva a consultar las actualizaciones.<\/i><\/p>\n<p><i>La Prensa Asociada contribuy\u00f3 a este informe.<\/i><\/p>\n<p> <!----> <\/div>\n\n","protected":false},"excerpt":{"rendered":"<p>NUEVO\u00a1Ahora puedes escuchar los art\u00edculos de Fox News! Varios sospechosos han sido arrestados en relaci\u00f3n con el robo de las joyas de la corona del Museo del Louvre en Par\u00eds el fin de semana pasado, dijeron el domingo funcionarios franceses. La fiscal de Par\u00eds, Laure Beccuau, dijo que los investigadores realizaron los arrestos el s\u00e1bado &hellip;<\/p>\n","protected":false},"author":1,"featured_media":47364,"comment_status":"open","ping_status":"open","sticky":false,"template":"","format":"standard","meta":{"fifu_image_url":"https:\/\/static.foxnews.com\/foxnews.com\/content\/uploads\/2025\/10\/paris-louvre-paris-car-museum.jpg","fifu_image_alt":"","footnotes":""},"categories":[13],"tags":[],"class_list":["post-47362","post","type-post","status-publish","format-standard","has-post-thumbnail","","category-mundo"],"_links":{"self":[{"href":"https:\/\/noticiasveraces.com\/index.php?rest_route=\/wp\/v2\/posts\/47362","targetHints":{"allow":["GET"]}}],"collection":[{"href":"https:\/\/noticiasveraces.com\/index.php?rest_route=\/wp\/v2\/posts"}],"about":[{"href":"https:\/\/noticiasveraces.com\/index.php?rest_route=\/wp\/v2\/types\/post"}],"author":[{"embeddable":true,"href":"https:\/\/noticiasveraces.com\/index.php?rest_route=\/wp\/v2\/users\/1"}],"replies":[{"embeddable":true,"href":"https:\/\/noticiasveraces.com\/index.php?rest_route=%2Fwp%2Fv2%2Fcomments&post=47362"}],"version-history":[{"count":0,"href":"https:\/\/noticiasveraces.com\/index.php?rest_route=\/wp\/v2\/posts\/47362\/revisions"}],"wp:featuredmedia":[{"embeddable":true,"href":"https:\/\/noticiasveraces.com\/index.php?rest_route=\/wp\/v2\/media\/47364"}],"wp:attachment":[{"href":"https:\/\/noticiasveraces.com\/index.php?rest_route=%2Fwp%2Fv2%2Fmedia&parent=47362"}],"wp:term":[{"taxonomy":"category","embeddable":true,"href":"https:\/\/noticiasveraces.com\/index.php?rest_route=%2Fwp%2Fv2%2Fcategories&post=47362"},{"taxonomy":"post_tag","embeddable":true,"href":"https:\/\/noticiasveraces.com\/index.php?rest_route=%2Fwp%2Fv2%2Ftags&post=47362"}],"curies":[{"name":"wp","href":"https:\/\/api.w.org\/{rel}","templated":true}]}}