{"id":47323,"date":"2025-10-26T09:43:02","date_gmt":"2025-10-26T13:43:02","guid":{"rendered":"https:\/\/noticiasveraces.com\/?p=47323"},"modified":"2025-10-26T09:43:02","modified_gmt":"2025-10-26T13:43:02","slug":"la-huella-eterna-de-juan-pablo-ii-correo-del-caroni","status":"publish","type":"post","link":"https:\/\/noticiasveraces.com\/?p=47323","title":{"rendered":"La huella eterna de Juan Pablo II \u2013 Correo del Caron\u00ed"},"content":{"rendered":"<p> \n<\/p>\n<div data-id=\"494a3404\" data-element_type=\"widget\" id=\"texto\" data-widget_type=\"theme-post-content.default\">\n<div class=\"elementor-widget-container\">\n<p>La instituci\u00f3n papal tiene siglos de historia, pero no todos los prelados han dejado una huella tan profunda como Juan Pablo II. Su papado le dio un giro al devenir hist\u00f3rico de la humanidad, al marcar un antes y un despu\u00e9s, no s\u00f3lo en lo religioso sino tambi\u00e9n en lo cultural y en lo pol\u00edtico. No se limit\u00f3 a dictar enc\u00edclicas, su activismo tuvo eco e impacto hasta en el m\u00e1s apartado villorrio del m\u00e1s lejano pa\u00eds de los cinco continentes. Si hoy se hiciera una encuesta para medir la perpetuidad de una imagen, de una voz y de los resultados de un pontificado, sin duda Karol Wojtyla obtendr\u00eda un incuestionable y agradecid\u00edsimo sobresaliente.<\/p>\n<p>Porque ciertamente con Juan Pablo II el agradecimiento es infinito, por todo el bien que sus acciones y decisiones prodigaron. Porque la fumata blanca con el consabido habemus papa del 16 de octubre de 1978, que lo convirti\u00f3 en el primer Papa no italiano en cuatro siglos, es un hito en la Iglesia Cat\u00f3lica. Aquel a\u00f1o, adem\u00e1s, hubo tres papas: Pablo VI impulsor del esp\u00edritu aperturista del Concilio Vaticano II, Juan Pablo I quien muri\u00f3 a los 34 d\u00edas de su elecci\u00f3n y el Papa polaco que adopt\u00f3 el nombre de Juan Pablo II.<\/p>\n<p>Wojtyla rompi\u00f3 viejas tradiciones en la santa iglesia cat\u00f3lica apost\u00f3lica y romana al ser el primer pont\u00edfice polaco, pero tambi\u00e9n logra revitalizar la fe cristiana despu\u00e9s de la muerte de su predecesor. A\u00fan objeto de todo tipo de especulaci\u00f3n en torno a las verdaderas causas de su deceso. De suyo, nunca ha dejado de hablarse de asesinato.<\/p>\n<p>Con ocho meses como Papa decidi\u00f3 visitar su tierra natal. All\u00e1 lleg\u00f3 en junio de 1979 y su voz son\u00f3 con gran fuerza en Varsovia ante m\u00e1s de un mill\u00f3n de personas, cuando dijo, \u201cvosotros sois cat\u00f3licos, vosotros sois polacos, vosotros sois j\u00f3venes. El futuro les pertenece\u201d. Este viaje fue para conmemorar el milenio de la evangelizaci\u00f3n de Polonia, pero el Kremlin -siempre paranoico como toda tiran\u00eda comunista- lo interpret\u00f3 como una seria amenaza.<\/p>\n<p>No estaban del todo equivocados, pues a partir de aquel momento se fractur\u00f3 el iceberg ideol\u00f3gico de la guerra fr\u00eda y el tel\u00f3n de acero empez\u00f3 a resquebrajarse. Era cuesti\u00f3n de tiempo para que los dos bloques -el capitalismo occidental y el comunismo de la Uni\u00f3n Sovi\u00e9tica y de China- se hicieran pedazos.<\/p>\n<p>Por aquellos tiempos Leonid Brezhnev era el primer secretario del Partido Comunista de la URSS. El mismo que le exigi\u00f3 a su hom\u00f3logo polaco que convenciera a Juan Pablo II de fingir una inesperada enfermedad y cancelar la visita a Polonia. Por supuesto, que ni aquel comunismo que parec\u00eda indestructible pudo impedir que el Papa pisara el suelo de su patria. En el propio centro de Varsovia sus emocionados compatriotas escucharon las palabras de su paisano: \u201cDesciende tu esp\u00edritu \u00a1y Renueva la faz de la tierra! \u00a1De esta tierra!\u201d.<\/p>\n<p>Aquel entusiasmo, muy poco usual en los reg\u00edmenes comunistas, fue la g\u00e9nesis del Sindicato Solidaridad, con Lech Walesa como l\u00edder del movimiento obrero. Walesa se enfrent\u00f3 al comunismo sovi\u00e9tico, condujo la resistencia, estuvo preso, luch\u00f3 por la democracia y en 1990 fue electo Presidente de la rep\u00fablica, cargo que ocup\u00f3 hasta 1995. En 1983 fue galardonado con el premio Nobel de la Paz.<\/p>\n<p>Wojtyla y Walesa lograron lo impensable de cara a la f\u00e9rrea y herm\u00e9tica Uni\u00f3n de Rep\u00fablica Socialistas Sovi\u00e9ticas. Un poder en apariencia invencible, cuyo desmoronamiento se aceler\u00f3 con la ca\u00edda del muro de Berl\u00edn el 9 de noviembre de 1989. Tres a\u00f1os despu\u00e9s los pa\u00edses que formaban parte de la URSS hab\u00edan recuperado su independencia, luego de 70 a\u00f1os de control absoluto por parte del comunismo sovi\u00e9tico.<\/p>\n<p>Aquella gesta a finales del siglo XX tuvo en el papa Juan Pablo II a un certero y verdadero gu\u00eda, que comprendi\u00f3 que no solo su pa\u00eds deb\u00eda liberarse de las garras de la URSS, sino que Europa como continente, corr\u00eda un serio peligro y tambi\u00e9n nuestra civilizaci\u00f3n occidental.<\/p>\n<p><em>Lolek<\/em>como lo llamaban, naci\u00f3 el 18 de julio en 1920 en Wadowice. Vivi\u00f3 con intensidad su juventud y destac\u00f3 por su devoci\u00f3n y apego al estudio, pero tambi\u00e9n por su fortaleza f\u00edsica e incansable actividad. Estudi\u00f3 literatura, filosof\u00eda y oratoria en la Universidad de Cracovia y particip\u00f3 en grupos de teatro. Pero todo aquello vol\u00f3 por los aires en el verano de 1939, cuando los carros de combate del Tercer Reich barrieron la frontera entre Polonia y Alemania al comenzar la segunda Guerra Mundial.<\/p>\n<p class=\"has-medium-font-size\"><strong>Agridulces<\/strong><\/p>\n<p>Rodrigo Paz le gan\u00f3 a <em>\u00c9ste <\/em>Quiroga en el balotaje. Ambos candidatos les garantizaban a los bolivianos un saludable distanciamiento del MAS y del llamado evismo. Esta es una muy buena noticia para el continente, para la libertad y para la democracia.   <\/p>\n<\/p><\/div>\n<\/p><\/div>\n\n","protected":false},"excerpt":{"rendered":"<p>La instituci\u00f3n papal tiene siglos de historia, pero no todos los prelados han dejado una huella tan profunda como Juan Pablo II. Su papado le dio un giro al devenir hist\u00f3rico de la humanidad, al marcar un antes y un despu\u00e9s, no s\u00f3lo en lo religioso sino tambi\u00e9n en lo cultural y en lo pol\u00edtico. &hellip;<\/p>\n","protected":false},"author":1,"featured_media":47324,"comment_status":"open","ping_status":"open","sticky":false,"template":"","format":"standard","meta":{"fifu_image_url":"https:\/\/correodelcaroni.com\/wp-content\/uploads\/2025\/10\/HUELLA_JuanPII.jpg","fifu_image_alt":"","footnotes":""},"categories":[13],"tags":[],"class_list":["post-47323","post","type-post","status-publish","format-standard","has-post-thumbnail","","category-mundo"],"_links":{"self":[{"href":"https:\/\/noticiasveraces.com\/index.php?rest_route=\/wp\/v2\/posts\/47323","targetHints":{"allow":["GET"]}}],"collection":[{"href":"https:\/\/noticiasveraces.com\/index.php?rest_route=\/wp\/v2\/posts"}],"about":[{"href":"https:\/\/noticiasveraces.com\/index.php?rest_route=\/wp\/v2\/types\/post"}],"author":[{"embeddable":true,"href":"https:\/\/noticiasveraces.com\/index.php?rest_route=\/wp\/v2\/users\/1"}],"replies":[{"embeddable":true,"href":"https:\/\/noticiasveraces.com\/index.php?rest_route=%2Fwp%2Fv2%2Fcomments&post=47323"}],"version-history":[{"count":0,"href":"https:\/\/noticiasveraces.com\/index.php?rest_route=\/wp\/v2\/posts\/47323\/revisions"}],"wp:featuredmedia":[{"embeddable":true,"href":"https:\/\/noticiasveraces.com\/index.php?rest_route=\/wp\/v2\/media\/47324"}],"wp:attachment":[{"href":"https:\/\/noticiasveraces.com\/index.php?rest_route=%2Fwp%2Fv2%2Fmedia&parent=47323"}],"wp:term":[{"taxonomy":"category","embeddable":true,"href":"https:\/\/noticiasveraces.com\/index.php?rest_route=%2Fwp%2Fv2%2Fcategories&post=47323"},{"taxonomy":"post_tag","embeddable":true,"href":"https:\/\/noticiasveraces.com\/index.php?rest_route=%2Fwp%2Fv2%2Ftags&post=47323"}],"curies":[{"name":"wp","href":"https:\/\/api.w.org\/{rel}","templated":true}]}}