{"id":47319,"date":"2025-10-26T08:42:02","date_gmt":"2025-10-26T12:42:02","guid":{"rendered":"https:\/\/noticiasveraces.com\/?p=47319"},"modified":"2025-10-26T08:42:02","modified_gmt":"2025-10-26T12:42:02","slug":"ultima-hora-edmundo-gonzalez-privar-a-un-ciudadano-de-su-nacionalidad-por-motivos-politicos-vulnera-el-derecho-internacional-albertonews","status":"publish","type":"post","link":"https:\/\/noticiasveraces.com\/?p=47319","title":{"rendered":"\u00daLTIMA HORA | Edmundo Gonz\u00e1lez: \u00abPrivar a un ciudadano de su nacionalidad por motivos pol\u00edticos vulnera el derecho internacional\u00bb &#8211; AlbertoNews"},"content":{"rendered":"<p> \n<\/p>\n<div>\n<p>El l\u00edder de la oposici\u00f3n venezolana, Edmundo Gonz\u00e1lez Urrutia, a trav\u00e9s de su cuenta en la red social X, conden\u00f3 en\u00e9rgicamente la reciente amenaza de privar de su nacionalidad al l\u00edder opositor Leopoldo L\u00f3pez, calific\u00e1ndola como<strong> una violaci\u00f3n a los principios m\u00e1s b\u00e1sicos del derecho internacional y una pr\u00e1ctica com\u00fan de los \u00abreg\u00edmenes autoritarios de la regi\u00f3n\u00bb.<\/strong><\/p>\n<p>Gonz\u00e1lez Urrutia expres\u00f3 su \u00absolidaridad con Leopoldo y con cada venezolano v\u00edctima\u00bb, y extendi\u00f3 su denuncia a la grave situaci\u00f3n de millones de migrantes venezolanos que enfrentan un \u00ablimbo\u00bb documental.<\/p>\n<p><strong>Gonz\u00e1lez Urrutia subray\u00f3 que la amenaza contra L\u00f3pez se enmarca en una problem\u00e1tica mayor: \u00abMillones de venezolanos que han huido del pa\u00eds viven hoy sin pasaporte ni c\u00e9dula y sin posibilidad de renovar sus documentos\u00bb.<\/strong><\/p>\n<p>Particularmente, alert\u00f3 sobre la condici\u00f3n de los ni\u00f1os nacidos en el exilio, quienes se convierten en \u00abap\u00e1tridas, v\u00edctimas de una apatridia que los priva de reconocimiento y protecci\u00f3n\u00bb.<\/p>\n<p>En un mensaje contundente, el pol\u00edtico venezolano <strong>defendi\u00f3 el derecho a la identidad, afirmando que \u00abLa identidad no es una concesi\u00f3n del poder, es un derecho que est\u00e1 siendo violado\u00bb.<\/strong><\/p>\n<p>La declaraci\u00f3n de Edmundo Gonz\u00e1lez Urrutia se produce despu\u00e9s de que se conociera la acci\u00f3n del gobierno venezolano de iniciar un proceso para revocar la nacionalidad al opositor Leopoldo L\u00f3pez, actualmente exiliado en Espa\u00f1a, una medida que ha sido ampliamente rechazada por la oposici\u00f3n y analistas constitucionales, quienes se\u00f1alan que podr\u00eda violar la Carta Magna venezolana, al igual que sucedi\u00f3 con la anulaci\u00f3n de la nacionalidad de opositores en Nicaragua en 2023.<\/p>\n<blockquote class=\"twitter-tweet\">\n<p dir=\"ltr\" lang=\"es\">Privar a un ciudadano de su nacionalidad por motivos pol\u00edticos vulnera los principios m\u00e1s b\u00e1sicos del derecho internacional. La reciente amenaza contra Leopoldo L\u00f3pez (<a href=\"https:\/\/twitter.com\/leopoldolopez?ref_src=twsrc%5Etfw\">@leopoldolopez<\/a>) forma parte de una pr\u00e1ctica cada vez m\u00e1s com\u00fan en los reg\u00edmenes autoritarios de la regi\u00f3n.\u2026<\/p>\n<p>\u2014 Edmundo Gonz\u00e1lez (@EdmundoGU) <a href=\"https:\/\/twitter.com\/EdmundoGU\/status\/1982421770977022401?ref_src=twsrc%5Etfw\">26 de octubre de 2025<\/a><\/p>\n<\/blockquote>\n<p><strong>Si quieres recibir en tu celular esta y otras informaciones, descarga Telegram, ingresa al link <\/strong><strong>https:\/\/t.me\/albertorodnews<\/strong><strong> y dale clic a +Unirme.  <\/strong><\/p>\n<p><strong>Alberto Noticias<\/strong><\/p>\n<\/p><\/div>\n<p><script async src=\"https:\/\/platform.twitter.com\/widgets.js\" charset=\"utf-8\"><\/script><br \/>\n<br \/>\n","protected":false},"excerpt":{"rendered":"<p>El l\u00edder de la oposici\u00f3n venezolana, Edmundo Gonz\u00e1lez Urrutia, a trav\u00e9s de su cuenta en la red social X, conden\u00f3 en\u00e9rgicamente la reciente amenaza de privar de su nacionalidad al l\u00edder opositor Leopoldo L\u00f3pez, calific\u00e1ndola como una violaci\u00f3n a los principios m\u00e1s b\u00e1sicos del derecho internacional y una pr\u00e1ctica com\u00fan de los \u00abreg\u00edmenes autoritarios de &hellip;<\/p>\n","protected":false},"author":1,"featured_media":47320,"comment_status":"open","ping_status":"open","sticky":false,"template":"","format":"standard","meta":{"fifu_image_url":"https:\/\/bitlyanews.com\/wp-content\/uploads\/2025\/01\/Edmundo-Gonzalez-Urrutia.jpg","fifu_image_alt":"","footnotes":""},"categories":[13],"tags":[],"class_list":["post-47319","post","type-post","status-publish","format-standard","has-post-thumbnail","","category-mundo"],"_links":{"self":[{"href":"https:\/\/noticiasveraces.com\/index.php?rest_route=\/wp\/v2\/posts\/47319","targetHints":{"allow":["GET"]}}],"collection":[{"href":"https:\/\/noticiasveraces.com\/index.php?rest_route=\/wp\/v2\/posts"}],"about":[{"href":"https:\/\/noticiasveraces.com\/index.php?rest_route=\/wp\/v2\/types\/post"}],"author":[{"embeddable":true,"href":"https:\/\/noticiasveraces.com\/index.php?rest_route=\/wp\/v2\/users\/1"}],"replies":[{"embeddable":true,"href":"https:\/\/noticiasveraces.com\/index.php?rest_route=%2Fwp%2Fv2%2Fcomments&post=47319"}],"version-history":[{"count":0,"href":"https:\/\/noticiasveraces.com\/index.php?rest_route=\/wp\/v2\/posts\/47319\/revisions"}],"wp:featuredmedia":[{"embeddable":true,"href":"https:\/\/noticiasveraces.com\/index.php?rest_route=\/wp\/v2\/media\/47320"}],"wp:attachment":[{"href":"https:\/\/noticiasveraces.com\/index.php?rest_route=%2Fwp%2Fv2%2Fmedia&parent=47319"}],"wp:term":[{"taxonomy":"category","embeddable":true,"href":"https:\/\/noticiasveraces.com\/index.php?rest_route=%2Fwp%2Fv2%2Fcategories&post=47319"},{"taxonomy":"post_tag","embeddable":true,"href":"https:\/\/noticiasveraces.com\/index.php?rest_route=%2Fwp%2Fv2%2Ftags&post=47319"}],"curies":[{"name":"wp","href":"https:\/\/api.w.org\/{rel}","templated":true}]}}