{"id":47316,"date":"2025-10-26T07:41:22","date_gmt":"2025-10-26T11:41:22","guid":{"rendered":"https:\/\/noticiasveraces.com\/?p=47316"},"modified":"2025-10-26T07:41:22","modified_gmt":"2025-10-26T11:41:22","slug":"el-papa-leon-xiv-insto-a-colaborar-en-la-iglesia-sin-excluir-a-nadie-para-superar-divisiones","status":"publish","type":"post","link":"https:\/\/noticiasveraces.com\/?p=47316","title":{"rendered":"El papa Le\u00f3n XIV inst\u00f3 a colaborar en la iglesia sin excluir a nadie para superar divisiones"},"content":{"rendered":"<p> \n<\/p>\n<div>\n<p> <span rel=\"author\" class=\"fn\">con una pala<\/span><\/p>\n<p> <time class=\"entry-date published updated\" datetime=\"2025-10-26T07:27:42-04:00\">octubre 26 2025, 7:27 am<\/time> <span class=\"spot-im-replies-count\" data-post-id=\"5820209\"\/><\/p>\n<figure id=\"attachment_5820210\" aria-describedby=\"caption-attachment-5820210\" style=\"width: 800px\" class=\"wp-caption alignnone\"><img fetchpriority=\"high\" decoding=\"async\" onerror=\"this.onerror=null;this.src=\" https:=\"\" class=\" wp-image-5820210\" src=\"https:\/\/sandia.datanubex.uk\/wp-content\/uploads\/2025\/10\/16f050bf98e985403b469c927020710bb27586c1w.jpg\" alt=\"\" width=\"800\" height=\"533\"\/><figcaption id=\"caption-attachment-5820210\" class=\"wp-caption-text\">El papa Le\u00f3n XIV durante su catequesis en la audiencia general celebrada en la plaza de San Pedro ante cerca 50.000 personas. EFE\/ Dicasterio Para La Comunicaci\u00f3n Del Vaticano\/Matteo Pernaselci<\/figcaption><\/figure>\n<\/p>\n<p>El papa Le\u00f3n XIV ha defendido este s\u00e1bado su idea de una iglesia que escucha a todos sus miembros, \u00absin excluir a nadie\u00bb por encima de \u00abdiferencias de sexos o roles\u00bb, para superar sus \u00abtensiones\u00bb y sus \u00abcontraposiciones ideol\u00f3gicas\u00bb.<\/p>\n<p>\u00abLa regla suprema en la Iglesia es el amor. Nadie est\u00e1 llamado a mandar, todos lo son a servir; nadie debe imponer las propias ideas, todos deben escucharse rec\u00edprocamente; sin excluir a nadie, todos estamos llamados a participar; ninguno posee la verdad toda entera, todos la debemos buscar con humildad, y juntos\u00bb, sostuvo durante la misa del Jubileo en la bas\u00edlica de San Pedro del Vaticano dedicada a los equipos sinodales.<\/p>\n<p><!-- Begin Mailchimp Signup Form --><\/p>\n<div id=\"mc_embed_signup\">\n<p><label for=\"mce-EMAIL\">  \u00a1\u00danete al club ahora! Suscr\u00edbete al bolet\u00edn m\u00e1s importante de Venezuela <\/label><iframe data-test-id=\"beehiiv-embed\" height=\"52\" frameborder=\"0\" scrolling=\"no\" style=\"margin: 0; border-radius: 0px !important; &#10; background-color: transparent;\" data-src=\"https:\/\/embeds.beehiiv.com\/cdab9503-16ae-4689-ad4f-1408c727a83a?slim=true\" class=\"lazyload\"><\/iframe><\/p>\n<\/div>\n<p><!--End mc_embed_signup 2--><\/p>\n<p>La \u2018sinodalidad\u2019 es un proceso de participaci\u00f3n en la iglesia que busca decidir sobre temas de calado y que fue institucionalizado tras el Concilio Vaticano II, en 1965, con la fundaci\u00f3n del S\u00ednodo, una asamblea de obispos que se re\u00fane para acercar posturas.<\/p>\n<p>Sin embargo, el papa Francisco decidi\u00f3 abrir el S\u00ednodo por primera vez a laicos y mujeres con derecho a voto en las deliberaciones.<\/p>\n<p>Le\u00f3n XIV cit\u00f3 en dos ocasiones a su antecesor para defender que la vocaci\u00f3n de la iglesia es \u00abcaminar juntos\u00bb, a pesar de las incomprensiones que en su historia derivaron en cismas o de los \u00faltimos pulsos entre reformistas y tradicionalistas en su seno.<\/p>\n<p>\u00abHoy quisiera invitarlos a que, en la escucha del Esp\u00edritu, en el di\u00e1logo, en la fraternidad y en la parresia, nos ayuden a comprender que, en la Iglesia, antes de cualquier diferencia de sexos o de roles, estamos llamados a caminar juntos en busca de Dios, despoj\u00e1ndonos del clericalismo y la vanagloria\u00bb, reclam\u00f3.<\/p>\n<p>Esta actitud, apunt\u00f3, aliviar\u00e1 \u00ablas tensiones que atraviesan a la iglesia\u00bb, dividi\u00e9ndola, dijo, \u00abentre unidad y diversidad, tradici\u00f3n y novedad o autoridad y participaci\u00f3n\u00bb, haciendo que \u00abno se conviertan en contraposiciones ideol\u00f3gicas y polarizaciones da\u00f1inas\u00bb.<\/p>\n<p>Precisamente ayer s\u00e1bado, los defensores de la misa tradicional y tridentina en lat\u00edn volvieron a celebrarla en el altar de la bas\u00edlica de San Pedro despu\u00e9s de tres a\u00f1os relegados a una capilla por las limitaciones de Francisco, muy criticado por los conservadores.<\/p>\n<p>Le\u00f3n XIV, consciente de los encontronazos de los \u00faltimos tiempos, urgi\u00f3 a acabar con las \u00abfacciones\u00bb que entorpecen la unidad del catolicismo, citando al obispo italiano Antonio Bello, en proceso de beatificaci\u00f3n.<\/p>\n<p>\u00abSobre ustedes, sobre todos nosotros, sobre la Iglesia extendida por el mundo, invoco la intercesi\u00f3n de la Virgen Mar\u00eda (\u2026) Ay\u00fadala a superar las divisiones internas. Interviene cuando el demonio de la discordia serpentea en su seno. Apaga los focos de las facciones. Reconcilia las disputas mutuas. Aten\u00faa sus rivalidades\u00bb, pidi\u00f3.<\/p>\n<p><strong>EFE<\/strong><\/p>\n<p>  <!-- CONTENT END 2 --><\/div>\n\n","protected":false},"excerpt":{"rendered":"<p>con una pala octubre 26 2025, 7:27 am El papa Le\u00f3n XIV durante su catequesis en la audiencia general celebrada en la plaza de San Pedro ante cerca 50.000 personas. EFE\/ Dicasterio Para La Comunicaci\u00f3n Del Vaticano\/Matteo Pernaselci El papa Le\u00f3n XIV ha defendido este s\u00e1bado su idea de una iglesia que escucha a todos &hellip;<\/p>\n","protected":false},"author":1,"featured_media":47318,"comment_status":"open","ping_status":"open","sticky":false,"template":"","format":"standard","meta":{"fifu_image_url":"https:\/\/sandia.datanubex.uk\/wp-content\/uploads\/2025\/10\/16f050bf98e985403b469c927020710bb27586c1w.jpg","fifu_image_alt":"","footnotes":""},"categories":[13],"tags":[],"class_list":["post-47316","post","type-post","status-publish","format-standard","has-post-thumbnail","","category-mundo"],"_links":{"self":[{"href":"https:\/\/noticiasveraces.com\/index.php?rest_route=\/wp\/v2\/posts\/47316","targetHints":{"allow":["GET"]}}],"collection":[{"href":"https:\/\/noticiasveraces.com\/index.php?rest_route=\/wp\/v2\/posts"}],"about":[{"href":"https:\/\/noticiasveraces.com\/index.php?rest_route=\/wp\/v2\/types\/post"}],"author":[{"embeddable":true,"href":"https:\/\/noticiasveraces.com\/index.php?rest_route=\/wp\/v2\/users\/1"}],"replies":[{"embeddable":true,"href":"https:\/\/noticiasveraces.com\/index.php?rest_route=%2Fwp%2Fv2%2Fcomments&post=47316"}],"version-history":[{"count":0,"href":"https:\/\/noticiasveraces.com\/index.php?rest_route=\/wp\/v2\/posts\/47316\/revisions"}],"wp:featuredmedia":[{"embeddable":true,"href":"https:\/\/noticiasveraces.com\/index.php?rest_route=\/wp\/v2\/media\/47318"}],"wp:attachment":[{"href":"https:\/\/noticiasveraces.com\/index.php?rest_route=%2Fwp%2Fv2%2Fmedia&parent=47316"}],"wp:term":[{"taxonomy":"category","embeddable":true,"href":"https:\/\/noticiasveraces.com\/index.php?rest_route=%2Fwp%2Fv2%2Fcategories&post=47316"},{"taxonomy":"post_tag","embeddable":true,"href":"https:\/\/noticiasveraces.com\/index.php?rest_route=%2Fwp%2Fv2%2Ftags&post=47316"}],"curies":[{"name":"wp","href":"https:\/\/api.w.org\/{rel}","templated":true}]}}