{"id":47302,"date":"2025-10-26T04:22:26","date_gmt":"2025-10-26T08:22:26","guid":{"rendered":"https:\/\/noticiasveraces.com\/?p=47302"},"modified":"2025-10-26T04:22:26","modified_gmt":"2025-10-26T08:22:26","slug":"la-inflacion-industrial-repunta-un-03-en-septiembre","status":"publish","type":"post","link":"https:\/\/noticiasveraces.com\/?p=47302","title":{"rendered":"La inflaci\u00f3n industrial repunta un 0,3% en septiembre"},"content":{"rendered":"<p> \n<\/p>\n<div>\n<p><picture class=\"aligncenter first-post-image\" title=\"Inflaci\u00f3n industrial en septiembre\" data-no-lazy=\"true\"><source type=\"image\/webp\" srcset=\"https:\/\/www.economiafinanzas.com\/wp-content\/uploads\/2025\/10\/inflacion-industrial-repunta-un-03-en-septiembre.jpg.webp\"\/><img decoding=\"async\" fetchpriority=\"high\" src=\"https:\/\/www.economiafinanzas.com\/wp-content\/uploads\/2025\/10\/inflacion-industrial-repunta-un-03-en-septiembre.jpg\" alt=\"Gr\u00e1fico de inflaci\u00f3n industrial\" data-no-lazy=\"true\"\/>\n<\/picture><\/p>\n<p>La industria espa\u00f1ola encadena un cambio de tendencia: el \u00cdndice de Precios Industriales registr\u00f3 en septiembre un <strong>avance interanual del 0,3%<\/strong>dejando atr\u00e1s los retrocesos del verano. El dato devuelve a terreno positivo la inflaci\u00f3n industrial y sirve de referencia para calibrar la evoluci\u00f3n de los costes de producci\u00f3n en la recta final del a\u00f1o.<\/p>\n<p>Tras la contracci\u00f3n del mes previo, que fue del <strong>-1,6%<\/strong>el rebote se explica principalmente por el comportamiento de la <strong>energ\u00eda<\/strong>. Aun as\u00ed, el panorama no es homog\u00e9neo: la lectura mensual sigue en negativo y, si se excluye la energ\u00eda, los precios permanecen ligeramente por debajo de cero, lo que sugiere que la presi\u00f3n de costes sigue siendo contenida en una buena parte de las ramas industriales.<\/p>\n<h2>Qu\u00e9 est\u00e1 impulsando el repunte<\/h2>\n<p>El componente energ\u00e9tico ha sido determinante: su tasa anual aument\u00f3 en <strong>5,6 puntos<\/strong> y se situ\u00f3 en el <strong>0,6%<\/strong>. Detr\u00e1s de este giro pesan unos precios de <strong>producci\u00f3n, transporte y distribuci\u00f3n de electricidad<\/strong> que retrocedieron menos que un a\u00f1o antes y la subida de los precios del <strong>refinaci\u00f3n de petr\u00f3leo<\/strong>que en septiembre del a\u00f1o pasado descend\u00edan con mayor intensidad.<\/p>\n<p>En otras palabras, la energ\u00eda ha pasado de frenar a <strong>apoyar el IPRI<\/strong>haciendo de contrapeso frente a ramas que a\u00fan muestran debilidad. Este papel de la energ\u00eda encaja con un mercado de materias primas m\u00e1s estabilizado y con comparativas interanuales menos exigentes.<\/p>\n<h2>Evoluci\u00f3n por categor\u00edas industriales<\/h2>\n<p>Si se excluye el componente energ\u00e9tico, la inflaci\u00f3n industrial permanece d\u00e9bil: la tasa sin energ\u00eda se sit\u00faa en <strong>-0,1%<\/strong>dos d\u00e9cimas por encima del mes previo pero todav\u00eda ligeramente negativa. Es decir, la presi\u00f3n de costes fuera de la energ\u00eda <strong>sigue contenida<\/strong>.<\/p>\n<p>Entre las grandes agrupaciones destaca el avance de los <strong>bienes de consumo no duradero<\/strong>que suben hasta el <strong>0,8%<\/strong> anual. El impulso procede, sobre todo, de la <strong>fabricaci\u00f3n de aceites y grasas vegetales y animales<\/strong>con aumentos m\u00e1s marcados que los de septiembre del a\u00f1o pasado.<\/p>\n<p>El resto de categor\u00edas mantienen un tono mixto: algunas ramas de bienes intermedios contin\u00faan con <strong>crecimientos moderados<\/strong>mientras que otras acusan la aton\u00eda de la demanda, lo que limita las traslaciones de costes a precios.<\/p>\n<h2>Lectura mensual y cambio frente al verano<\/h2>\n<p>En la comparativa inmediata, los precios industriales bajaron un <strong>0,4%<\/strong> respecto a agosto. Esta ca\u00edda mensual coexiste con la mejora en t\u00e9rminos interanuales, que sube <strong>1,9 puntos<\/strong> frente al registro anterior (de -1,6% a +0,3%).<\/p>\n<p>Este patr\u00f3n \u2014mes a mes a la baja pero interanualmente al alza\u2014 sugiere que el \u201cefecto base\u201d juega un papel relevante: los descensos de hace un a\u00f1o son ahora <strong>menos pronunciados<\/strong>mientras que los ajustes recientes en la cadena industrial siguen haci\u00e9ndose notar en la comparativa mensual.<\/p>\n<h2>As\u00ed se comportan las comunidades aut\u00f3nomas<\/h2>\n<p>El repunte no ha sido uniforme por territorios: los precios en la industria mejoraron en <strong>12 comunidades<\/strong> y retrocedieron en <strong>cuatro<\/strong>. Las tasas interanuales m\u00e1s elevadas se localizan en <strong>La Rioja (+3,1%)<\/strong>, <strong>Canarias (+2,8%)<\/strong> y <strong>Principado de Asturias (+2,1%)<\/strong>impulsadas por ramas con mayor exposici\u00f3n energ\u00e9tica o por efectos base favorables.<\/p>\n<p>En el lado opuesto, las tasas m\u00e1s negativas corresponden a <strong>Andaluc\u00eda (-3,6%)<\/strong>, <strong>Castilla-La Mancha (-1,1%)<\/strong> y <strong>Extremadura (-0,4%)<\/strong>. Estas diferencias responden a la composici\u00f3n sectorial de cada regi\u00f3n y a la distinta intensidad con la que los <strong>ajustes de costes<\/strong> se han trasladado a precios.<\/p>\n<h2>Indicadores clave de septiembre<\/h2>\n<p>Para ubicar el dato en contexto, estos son los <strong>principales marcadores del mes<\/strong>con la energ\u00eda como palanca del giro y una base de comparaci\u00f3n que favorece el retorno a tasas positivas en el agregado anual.<\/p>\n<table>\n<tbody>\n<tr>\n<th>Concepto<\/th>\n<th>Bol<\/th>\n<th>Comentario<\/th>\n<\/tr>\n<tr>\n<td><strong>IPRI (interanual)<\/strong><\/td>\n<td>+0,3%<\/td>\n<td><strong>Vuelve a positivo<\/strong> tras el -1,6% de agosto<\/td>\n<\/tr>\n<tr>\n<td><strong>Energ\u00eda (interanual)<\/strong><\/td>\n<td>+0,6%<\/td>\n<td>Aumento de <strong>5,6 puntos<\/strong> por electricidad y refino<\/td>\n<\/tr>\n<tr>\n<td><strong>IPRI sin energ\u00eda<\/strong><\/td>\n<td>-0,1%<\/td>\n<td>Ligeramente negativo, con <strong>mejora de dos d\u00e9cimas<\/strong><\/td>\n<\/tr>\n<tr>\n<td><strong>Variaci\u00f3n mensual<\/strong><\/td>\n<td>-0,4%<\/td>\n<td>Descenso frente a agosto en un entorno de <strong>ajuste de costes<\/strong><\/td>\n<\/tr>\n<\/tbody>\n<\/table>\n<p>Con esta fotograf\u00eda, la industria encara el \u00faltimo trimestre con una inflaci\u00f3n de costes m\u00e1s equilibrada: la <strong>energ\u00eda sostiene<\/strong> el agregado, mientras que el resto de ramas avanza de forma m\u00e1s gradual. La evoluci\u00f3n de los precios energ\u00e9ticos y de la demanda externa marcar\u00e1 el pulso de los pr\u00f3ximos meses.<\/p>\n<div class=\"post-relacionado-wrapper\"><img fetchpriority=\"high\" decoding=\"async\" width=\"300\" height=\"200\" class=\"attachment-medium size-medium wp-post-image\" alt=\"\" srcset=\"https:\/\/www.economiafinanzas.com\/wp-content\/uploads\/2023\/11\/macroeconomicos-300x200.jpg 300w, https:\/\/www.economiafinanzas.com\/wp-content\/uploads\/2023\/11\/macroeconomicos-768x511.jpg 768w, https:\/\/www.economiafinanzas.com\/wp-content\/uploads\/2023\/11\/macroeconomicos-400x266.jpg 400w, https:\/\/www.economiafinanzas.com\/wp-content\/uploads\/2023\/11\/macroeconomicos-451x300.jpg 451w, https:\/\/www.economiafinanzas.com\/wp-content\/uploads\/2023\/11\/macroeconomicos-420x280.jpg 420w, https:\/\/www.economiafinanzas.com\/wp-content\/uploads\/2023\/11\/macroeconomicos-840x559.jpg 840w, https:\/\/www.economiafinanzas.com\/wp-content\/uploads\/2023\/11\/macroeconomicos-150x100.jpg 150w, https:\/\/www.economiafinanzas.com\/wp-content\/uploads\/2023\/11\/macroeconomicos.jpg 850w\" data-lazy-sizes=\"(max-width: 300px) 100vw, 300px\" src=\"https:\/\/www.economiafinanzas.com\/wp-content\/uploads\/2023\/11\/macroeconomicos-300x200.jpg\"\/><img fetchpriority=\"high\" decoding=\"async\" width=\"300\" height=\"200\" src=\"https:\/\/www.economiafinanzas.com\/wp-content\/uploads\/2023\/11\/macroeconomicos-300x200.jpg\" class=\"attachment-medium size-medium wp-post-image\" alt=\"\" srcset=\"https:\/\/www.economiafinanzas.com\/wp-content\/uploads\/2023\/11\/macroeconomicos-300x200.jpg 300w, https:\/\/www.economiafinanzas.com\/wp-content\/uploads\/2023\/11\/macroeconomicos-768x511.jpg 768w, https:\/\/www.economiafinanzas.com\/wp-content\/uploads\/2023\/11\/macroeconomicos-400x266.jpg 400w, https:\/\/www.economiafinanzas.com\/wp-content\/uploads\/2023\/11\/macroeconomicos-451x300.jpg 451w, https:\/\/www.economiafinanzas.com\/wp-content\/uploads\/2023\/11\/macroeconomicos-420x280.jpg 420w, https:\/\/www.economiafinanzas.com\/wp-content\/uploads\/2023\/11\/macroeconomicos-840x559.jpg 840w, https:\/\/www.economiafinanzas.com\/wp-content\/uploads\/2023\/11\/macroeconomicos-150x100.jpg 150w, https:\/\/www.economiafinanzas.com\/wp-content\/uploads\/2023\/11\/macroeconomicos.jpg 850w\" sizes=\"(max-width: 300px) 100vw, 300px\"\/><\/p>\n<div>\n<p>Art\u00edculo relacionado:<\/p>\n<p>\u00bfQu\u00e9 son los indicadores macroecon\u00f3micos y cu\u00e1les son los m\u00e1s importantes?\u200a<\/p>\n<\/div>\n<\/div>\n<p><!-- CONTENT END 1 --><br \/>\n\t\t\n\t\t\t<\/div>\n\n","protected":false},"excerpt":{"rendered":"<p>La industria espa\u00f1ola encadena un cambio de tendencia: el \u00cdndice de Precios Industriales registr\u00f3 en septiembre un avance interanual del 0,3%dejando atr\u00e1s los retrocesos del verano. El dato devuelve a terreno positivo la inflaci\u00f3n industrial y sirve de referencia para calibrar la evoluci\u00f3n de los costes de producci\u00f3n en la recta final del a\u00f1o. Tras &hellip;<\/p>\n","protected":false},"author":1,"featured_media":47304,"comment_status":"open","ping_status":"open","sticky":false,"template":"","format":"standard","meta":{"fifu_image_url":"https:\/\/www.economiafinanzas.com\/wp-content\/uploads\/2025\/10\/inflacion-industrial-repunta-un-03-en-septiembre.jpg","fifu_image_alt":"","footnotes":""},"categories":[3],"tags":[],"class_list":["post-47302","post","type-post","status-publish","format-standard","has-post-thumbnail","","category-negocio"],"_links":{"self":[{"href":"https:\/\/noticiasveraces.com\/index.php?rest_route=\/wp\/v2\/posts\/47302","targetHints":{"allow":["GET"]}}],"collection":[{"href":"https:\/\/noticiasveraces.com\/index.php?rest_route=\/wp\/v2\/posts"}],"about":[{"href":"https:\/\/noticiasveraces.com\/index.php?rest_route=\/wp\/v2\/types\/post"}],"author":[{"embeddable":true,"href":"https:\/\/noticiasveraces.com\/index.php?rest_route=\/wp\/v2\/users\/1"}],"replies":[{"embeddable":true,"href":"https:\/\/noticiasveraces.com\/index.php?rest_route=%2Fwp%2Fv2%2Fcomments&post=47302"}],"version-history":[{"count":0,"href":"https:\/\/noticiasveraces.com\/index.php?rest_route=\/wp\/v2\/posts\/47302\/revisions"}],"wp:featuredmedia":[{"embeddable":true,"href":"https:\/\/noticiasveraces.com\/index.php?rest_route=\/wp\/v2\/media\/47304"}],"wp:attachment":[{"href":"https:\/\/noticiasveraces.com\/index.php?rest_route=%2Fwp%2Fv2%2Fmedia&parent=47302"}],"wp:term":[{"taxonomy":"category","embeddable":true,"href":"https:\/\/noticiasveraces.com\/index.php?rest_route=%2Fwp%2Fv2%2Fcategories&post=47302"},{"taxonomy":"post_tag","embeddable":true,"href":"https:\/\/noticiasveraces.com\/index.php?rest_route=%2Fwp%2Fv2%2Ftags&post=47302"}],"curies":[{"name":"wp","href":"https:\/\/api.w.org\/{rel}","templated":true}]}}