{"id":47293,"date":"2025-10-26T02:26:03","date_gmt":"2025-10-26T06:26:03","guid":{"rendered":"https:\/\/noticiasveraces.com\/?p=47293"},"modified":"2025-10-26T02:26:03","modified_gmt":"2025-10-26T06:26:03","slug":"que-se-juega-durante-las-elecciones-legislativas-parciales-de-argentina","status":"publish","type":"post","link":"https:\/\/noticiasveraces.com\/?p=47293","title":{"rendered":"\u00bfQu\u00e9 se juega durante las elecciones legislativas parciales de Argentina?"},"content":{"rendered":"<p> \n<\/p>\n<div>\n<p>Un d\u00eda decisivo en Argentina. El domingo 26 de octubre, unos 36 millones de argentinos est\u00e1n llamados a las urnas para renovar una parte del Congreso Nacional en las elecciones legislativas parciales.<\/p>\n<p>En Argentina, el voto es obligatorio para los ciudadanos de 18 a 70 a\u00f1os y opcional para los de 16 y 17 o mayores de 70.<\/p>\n<p>Los recintos electorales estar\u00e1n abiertos de las 8:00 a las 18:00, horas locales. Se celebrar\u00e1 un d\u00eda no laborable en todo el territorio nacional.<\/p>\n<p><strong>En estos comicios<\/strong> <strong>se determinar\u00e1 la composici\u00f3n del Congreso<\/strong> para los dos \u00faltimos a\u00f1os de mandato del Javier Milei. Repasamos lo que est\u00e1 en juego:<\/p>\n<h2><strong>\u00bfQu\u00e9 se vota en estas elecciones y c\u00f3mo funcionan? <\/strong><\/h2>\n<p>El 26 de octubre, los argentinos votar\u00e1n para <strong>renovar la mitad de los diputados de la C\u00e1mara y un tercio del Senado<\/strong>.<\/p>\n<p>En detalle, se renovar\u00e1n <strong>127 de los 257 esca\u00f1os de la C\u00e1mara Baja<\/strong> del Congreso. Cada provincia elige un numero diferente de diputados, seg\u00fan su peso demogr\u00e1fico. El mandato de un diputado es de cuatro a\u00f1os.<\/p>\n<p>Tambi\u00e9n <strong>se renovar\u00e1n 24 de los 72 esca\u00f1os de la C\u00e1mara Alta<\/strong>correspondientes a ocho provincias. En el caso de los senadores, el periodo es de seis a\u00f1os.<\/p>\n<div id=\"em-WBMZ345617-F24-ES-20251026\" class=\"m-em-flash\" data-xtwitter-script=\"\"><figcaption class=\"a-figcaption\">\n<\/figcaption><div class=\"o-em-consent \">\n<div class=\"o-em-consent__content\">\n<p class=\"o-em-consent__content__text\">Para mostrar este contenido de X (Twitter), debe autorizar las cookies de medici\u00f3n de audiencia y publicidad.<\/p>\n<p>        <button class=\"a-master-button a-master-button--dark\" data-action=\"accept\">Aceptar<i class=\"a-svg a-svg--icon-check\"\/><\/button><br \/>\n        <button class=\"a-link\" data-action=\"manage\">Gestionar mis opciones<i class=\"a-svg a-svg--icon-edit\"\/><\/button>\n    <\/div>\n<\/div>\n<\/div>\n<p>Para los diputados, se usa un sistema de representaci\u00f3n proporcional, seg\u00fan el cual los esca\u00f1os se asignan seg\u00fan los votos obtenidos por cada partido.<\/p>\n<p>El sistema es diferente para los senadores. Se eligen tres por provincia: dos bancas para el partido m\u00e1s votado y una para el segundo.<\/p>\n<p>Cabe recordar que, por primera vez en una elecci\u00f3n nacional, se usar\u00e1 la llamada \u201cBoleta \u00danica Papel\u201d, un sistema que reemplaza las tradicionales boletas partidarias. Esto tiene como objetivo simplificar la votaci\u00f3n y asegurar que todas las listas est\u00e9n disponibles para todos los votantes<\/p>\n<h2><strong>\u00bfQue est\u00e1 en juego para Javier Milei?<\/strong><\/h2>\n<p>Actualmente, el partido de Javier Milei, La Libertad Avanza, tiene un poder limitado en el Congreso. <strong>El presidente ultraliberal<\/strong>llegado al poder a finales de 2023, <strong>busca aumentar su control sobre el poder legislativo,<\/strong> para poder adelantar sus reformas y evitar que sean vetados sus decretos presidenciales.<\/p>\n<p>La Libertad Avanza cuenta con 37 esca\u00f1os en la C\u00e1mara de Diputados. El partido del presidente <strong>espera conseguir un tercio de los esca\u00f1os<\/strong>es decir, <strong>86 curules<\/strong>gracias a la alianza con Propuesta Republicana (PRO), el partido conservador del expresidente Mauricio Macri.<\/p>\n<p>En el Senado, La Libertad Avanza contabiliza seis senadores y no pone en juego ning\u00fan esca\u00f1o.<\/p>\n<div class=\"m-em-image\">\n<figure class=\"m-item-image m-item-image--original m-item-image--has-caption\">\n<picture class=\"a-picture a-picture--original\"><source type=\"image\/webp\" srcset=\"https:\/\/s.france24.com\/media\/display\/132f577a-b20b-11f0-8367-005056a90284\/w:246\/AP25246862267137.webp 246w,https:\/\/s.france24.com\/media\/display\/132f577a-b20b-11f0-8367-005056a90284\/w:388\/AP25246862267137.webp 388w,https:\/\/s.france24.com\/media\/display\/132f577a-b20b-11f0-8367-005056a90284\/w:720\/AP25246862267137.webp 720w,https:\/\/s.france24.com\/media\/display\/132f577a-b20b-11f0-8367-005056a90284\/w:980\/AP25246862267137.webp 980w\" sizes=\"(max-width: 1023px) calc(100vw - 32px), (min-width: 1024px) 850px\"><img decoding=\"async\" fetchpriority=\"low\" src=\"https:\/\/s.france24.com\/media\/display\/132f577a-b20b-11f0-8367-005056a90284\/w:980\/AP25246862267137.jpg\" srcset=\"https:\/\/s.france24.com\/media\/display\/132f577a-b20b-11f0-8367-005056a90284\/w:246\/AP25246862267137.jpg 246w,https:\/\/s.france24.com\/media\/display\/132f577a-b20b-11f0-8367-005056a90284\/w:388\/AP25246862267137.jpg 388w,https:\/\/s.france24.com\/media\/display\/132f577a-b20b-11f0-8367-005056a90284\/w:720\/AP25246862267137.jpg 720w,https:\/\/s.france24.com\/media\/display\/132f577a-b20b-11f0-8367-005056a90284\/w:980\/AP25246862267137.jpg 980w\" sizes=\"(max-width: 1023px) calc(100vw - 32px), (min-width: 1024px) 850px\" alt=\"El presidente Javier Milei encabeza un mitin electoral previo a las elecciones legislativas, en Moreno, provincia de Buenos Aires, Argentina, el 3 de septiembre de 2025.\" style=\"max-height:567px\" loading=\"lazy\" class=\"a-img \"\/><\/source><\/picture><figcaption class=\"a-figcaption\">\n                <span>El presidente Javier Milei encabeza un mitin electoral previo a las elecciones legislativas, en Moreno, provincia de Buenos Aires, Argentina, el 3 de septiembre de 2025.<\/span>                <span>\u00a9 Natacha Pisarenko \/ AP<\/span>            <\/figcaption><\/figure>\n<\/p><\/div>\n<p>Fuera de los c\u00e1lculos en cuanto a la composici\u00f3n del Congreso, estas elecciones funcionan como un term\u00f3metro para medir el respaldo del libertario luego de dos a\u00f1os en el poder. Los comicios se plantean como <strong>un plebiscito para Javier Milei y su pol\u00edtica econ\u00f3mica ultraliberal<\/strong>.<\/p>\n<p><strong>Milei implement\u00f3 un dr\u00e1stico plan econ\u00f3mico con el objetivo de equilibrar las cuentas p\u00fablicas y bajar la inflaci\u00f3n<\/strong>. Asimismo, al cerrar la campa\u00f1a de su partido, insisti\u00f3 en que logr\u00f3 la desaceleraci\u00f3n de la elevada inflaci\u00f3n \u201ca niveles del 30%\u201d interanual y sacar \u201ca 12 millones de argentinos de la pobreza\u201d.<\/p>\n<p>Sin embargo, <strong>esta pol\u00edtica ya tuvo un costo social elevado<\/strong>. Cayeron los ingresos de muchos argentinos, en especial de los trabajadores del sector p\u00fablico y de las personas pensionadas, y la tasa de pobreza sigue siendo elevada.<\/p>\n<h2><strong>\u00bfCu\u00e1l es la importancia de estas elecciones para la oposici\u00f3n? <\/strong><\/h2>\n<p><strong>El frente peronista Fuerza Patria<\/strong> se presenta como la principal fuerza de oposici\u00f3n al partido presidencial en los comicios del domingo.<\/p>\n<p>El bloque se juega mucho en estas elecciones. Con 46 esca\u00f1os, renueva casi la mitad de sus diputados en la C\u00e1mara Baja. La situaci\u00f3n es similar en el Senado, en el que, con 15 esca\u00f1os en juego, buscar\u00e1 salvaguardar el 44% de sus senadores.<\/p>\n<p>Para el peronismo, firmemente opuesto a la pol\u00edtica de austeridad impuesta por Javier Milei, <strong>un triunfo le permitir\u00eda consolidarse como principal fuerza opositora al presidente<\/strong>lo que supondr\u00eda un empuj\u00f3n al movimiento de cara a las elecciones presidenciales del 2027.  <\/p>\n<div class=\"m-em-image\">\n<figure class=\"m-item-image m-item-image--original m-item-image--has-caption\">\n<picture class=\"a-picture a-picture--original\"><source type=\"image\/webp\" srcset=\"https:\/\/s.france24.com\/media\/display\/44faba2e-b20b-11f0-8e48-005056a90284\/w:246\/2025-10-23T212732Z-1341041285-RC2THHAYT1N5-RTRMADP-3-ARGENTINA-ELECTION-KICILLOF.webp 246w,https:\/\/s.france24.com\/media\/display\/44faba2e-b20b-11f0-8e48-005056a90284\/w:388\/2025-10-23T212732Z-1341041285-RC2THHAYT1N5-RTRMADP-3-ARGENTINA-ELECTION-KICILLOF.webp 388w,https:\/\/s.france24.com\/media\/display\/44faba2e-b20b-11f0-8e48-005056a90284\/w:720\/2025-10-23T212732Z-1341041285-RC2THHAYT1N5-RTRMADP-3-ARGENTINA-ELECTION-KICILLOF.webp 720w,https:\/\/s.france24.com\/media\/display\/44faba2e-b20b-11f0-8e48-005056a90284\/w:980\/2025-10-23T212732Z-1341041285-RC2THHAYT1N5-RTRMADP-3-ARGENTINA-ELECTION-KICILLOF.webp 980w\" sizes=\"(max-width: 1023px) calc(100vw - 32px), (min-width: 1024px) 850px\"><img decoding=\"async\" fetchpriority=\"low\" src=\"https:\/\/s.france24.com\/media\/display\/44faba2e-b20b-11f0-8e48-005056a90284\/w:980\/2025-10-23T212732Z-1341041285-RC2THHAYT1N5-RTRMADP-3-ARGENTINA-ELECTION-KICILLOF.jpg\" srcset=\"https:\/\/s.france24.com\/media\/display\/44faba2e-b20b-11f0-8e48-005056a90284\/w:246\/2025-10-23T212732Z-1341041285-RC2THHAYT1N5-RTRMADP-3-ARGENTINA-ELECTION-KICILLOF.jpg 246w,https:\/\/s.france24.com\/media\/display\/44faba2e-b20b-11f0-8e48-005056a90284\/w:388\/2025-10-23T212732Z-1341041285-RC2THHAYT1N5-RTRMADP-3-ARGENTINA-ELECTION-KICILLOF.jpg 388w,https:\/\/s.france24.com\/media\/display\/44faba2e-b20b-11f0-8e48-005056a90284\/w:720\/2025-10-23T212732Z-1341041285-RC2THHAYT1N5-RTRMADP-3-ARGENTINA-ELECTION-KICILLOF.jpg 720w,https:\/\/s.france24.com\/media\/display\/44faba2e-b20b-11f0-8e48-005056a90284\/w:980\/2025-10-23T212732Z-1341041285-RC2THHAYT1N5-RTRMADP-3-ARGENTINA-ELECTION-KICILLOF.jpg 980w\" sizes=\"(max-width: 1023px) calc(100vw - 32px), (min-width: 1024px) 850px\" alt=\"El gobernador de la provincia de Buenos Aires, Axel Kicillof, una de las principales figuras de la oposici\u00f3n peronista Fuerza Patria, durante un mitin de cierre de campa\u00f1a, en Almirante Brown, Argentina, el 23 de octubre de 2025.\" style=\"max-height:567px\" loading=\"lazy\" class=\"a-img \"\/><\/source><\/picture><figcaption class=\"a-figcaption\">\n                <span>El gobernador de la provincia de Buenos Aires, Axel Kicillof, una de las principales figuras de la oposici\u00f3n peronista Fuerza Patria, durante un mitin de cierre de campa\u00f1a, en Almirante Brown, Argentina, el 23 de octubre de 2025.<\/span>                <span>\u00a9 Francisco Loureiro\/REUTERS<\/span>            <\/figcaption><\/figure>\n<\/p><\/div>\n<p>La figura de <strong>Axel Kicillof<\/strong> emergi\u00f3 como un nuevo l\u00edder del peronismo, luego de los buenos resultados en las elecciones legislativas provinciales de Buenos Aires, donde es gobernador, mientras la expresidenta Cristina Kirchner (2007-2015) est\u00e1 encarcelada e inhabilitada por corrupci\u00f3n.<\/p>\n<p>Estas elecciones tambi\u00e9n podr\u00edan ser testigo del auge de <strong>una tercera fuerza: Provincias Unidas<\/strong>que agrupa partidos desde la centroderecha hasta la centroizquierda, con candidatos como el exgobernador de C\u00f3rdoba Juan Schiaretti.<\/p>\n<h2><strong>\u00bfEstos comicios pueden tener consecuencias sobre la relaci\u00f3n con Estados Unidos?<\/strong><\/h2>\n<p>Otra dimensi\u00f3n que se podr\u00eda ver afectada tras conocerse los resultados corresponde a la relaci\u00f3n entre Argentina y Estados Unidos, por la afinidad ideol\u00f3gica de Javier Milei y\u00a0Donald Trump.<\/p>\n<p>El presidente estadounidense ha otorgado <strong>un importante auxilio financiero<\/strong> para apoyar la fr\u00e1gil econom\u00eda argentina. Se ha abierto <strong>una l\u00ednea de intercambio de monedas por 20.000 millones de d\u00f3lares<\/strong> entre ambos pa\u00edses para evitar una devaluaci\u00f3n descontrolada del peso argentino.<\/p>\n<div class=\"m-em-image\">\n<figure class=\"m-item-image m-item-image--original m-item-image--has-caption\">\n<picture class=\"a-picture a-picture--original\"><source type=\"image\/webp\" srcset=\"https:\/\/s.france24.com\/media\/display\/5ffa94ba-b20c-11f0-a15c-005056bf30b7\/w:246\/AP25275559767492.webp 246w,https:\/\/s.france24.com\/media\/display\/5ffa94ba-b20c-11f0-a15c-005056bf30b7\/w:388\/AP25275559767492.webp 388w,https:\/\/s.france24.com\/media\/display\/5ffa94ba-b20c-11f0-a15c-005056bf30b7\/w:720\/AP25275559767492.webp 720w,https:\/\/s.france24.com\/media\/display\/5ffa94ba-b20c-11f0-a15c-005056bf30b7\/w:980\/AP25275559767492.webp 980w\" sizes=\"(max-width: 1023px) calc(100vw - 32px), (min-width: 1024px) 850px\"><img decoding=\"async\" fetchpriority=\"low\" src=\"https:\/\/s.france24.com\/media\/display\/5ffa94ba-b20c-11f0-a15c-005056bf30b7\/w:980\/AP25275559767492.jpg\" srcset=\"https:\/\/s.france24.com\/media\/display\/5ffa94ba-b20c-11f0-a15c-005056bf30b7\/w:246\/AP25275559767492.jpg 246w,https:\/\/s.france24.com\/media\/display\/5ffa94ba-b20c-11f0-a15c-005056bf30b7\/w:388\/AP25275559767492.jpg 388w,https:\/\/s.france24.com\/media\/display\/5ffa94ba-b20c-11f0-a15c-005056bf30b7\/w:720\/AP25275559767492.jpg 720w,https:\/\/s.france24.com\/media\/display\/5ffa94ba-b20c-11f0-a15c-005056bf30b7\/w:980\/AP25275559767492.jpg 980w\" sizes=\"(max-width: 1023px) calc(100vw - 32px), (min-width: 1024px) 850px\" alt=\"Un cartel con una imagen de los presidentes Javier Milei y Donald Trump muestra el mensaje: \u00abBasta de deuda y rendici\u00f3n\u00bb. Buenos Aires, 2 de octubre de 2025.\" style=\"max-height:567px\" loading=\"lazy\" class=\"a-img \"\/><\/source><\/picture><figcaption class=\"a-figcaption\">\n                <span>Un cartel con una imagen de los presidentes Javier Milei y Donald Trump muestra el mensaje: \u00abBasta de deuda y rendici\u00f3n\u00bb. Buenos Aires, 2 de octubre de 2025.<\/span>                <span>\u00a9 Natacha Pisarenko \/ AP<\/span>            <\/figcaption><\/figure>\n<\/p><\/div>\n<p>El problema es que <strong>Donald Trump amenaz\u00f3 de condicionar dicho auxilio financiero a los resultados electorales de Javier Milei<\/strong>.<\/p>\n<p>\u201cSi no gana, no vamos a perder el tiempo\u201d, declar\u00f3 al recibir a su hom\u00f3logo argentino en la Casa Blanca a mitades de octubre, mientras enfrenta cr\u00edticas internas sobre lo beneficioso para Estados Unidos de esta ayuda.<\/p>\n<p>El futuro econ\u00f3mico del pa\u00eds y la estabilidad de la monedad argentina podr\u00edan, entonces, depender de los resultados del domingo.<\/p>\n<p>Con EFE y medios locales.<\/p>\n<\/p><\/div>\n\n","protected":false},"excerpt":{"rendered":"<p>Un d\u00eda decisivo en Argentina. El domingo 26 de octubre, unos 36 millones de argentinos est\u00e1n llamados a las urnas para renovar una parte del Congreso Nacional en las elecciones legislativas parciales. En Argentina, el voto es obligatorio para los ciudadanos de 18 a 70 a\u00f1os y opcional para los de 16 y 17 o &hellip;<\/p>\n","protected":false},"author":1,"featured_media":47295,"comment_status":"open","ping_status":"open","sticky":false,"template":"","format":"standard","meta":{"fifu_image_url":"https:\/\/s.france24.com\/media\/display\/8ec6f0be-b20b-11f0-979d-005056a90284\/w:1280\/p:16x9\/AP22214675854141.jpg","fifu_image_alt":"","footnotes":""},"categories":[13],"tags":[],"class_list":["post-47293","post","type-post","status-publish","format-standard","has-post-thumbnail","","category-mundo"],"_links":{"self":[{"href":"https:\/\/noticiasveraces.com\/index.php?rest_route=\/wp\/v2\/posts\/47293","targetHints":{"allow":["GET"]}}],"collection":[{"href":"https:\/\/noticiasveraces.com\/index.php?rest_route=\/wp\/v2\/posts"}],"about":[{"href":"https:\/\/noticiasveraces.com\/index.php?rest_route=\/wp\/v2\/types\/post"}],"author":[{"embeddable":true,"href":"https:\/\/noticiasveraces.com\/index.php?rest_route=\/wp\/v2\/users\/1"}],"replies":[{"embeddable":true,"href":"https:\/\/noticiasveraces.com\/index.php?rest_route=%2Fwp%2Fv2%2Fcomments&post=47293"}],"version-history":[{"count":0,"href":"https:\/\/noticiasveraces.com\/index.php?rest_route=\/wp\/v2\/posts\/47293\/revisions"}],"wp:featuredmedia":[{"embeddable":true,"href":"https:\/\/noticiasveraces.com\/index.php?rest_route=\/wp\/v2\/media\/47295"}],"wp:attachment":[{"href":"https:\/\/noticiasveraces.com\/index.php?rest_route=%2Fwp%2Fv2%2Fmedia&parent=47293"}],"wp:term":[{"taxonomy":"category","embeddable":true,"href":"https:\/\/noticiasveraces.com\/index.php?rest_route=%2Fwp%2Fv2%2Fcategories&post=47293"},{"taxonomy":"post_tag","embeddable":true,"href":"https:\/\/noticiasveraces.com\/index.php?rest_route=%2Fwp%2Fv2%2Ftags&post=47293"}],"curies":[{"name":"wp","href":"https:\/\/api.w.org\/{rel}","templated":true}]}}