{"id":47290,"date":"2025-10-26T02:16:21","date_gmt":"2025-10-26T06:16:21","guid":{"rendered":"https:\/\/noticiasveraces.com\/?p=47290"},"modified":"2025-10-26T02:16:21","modified_gmt":"2025-10-26T06:16:21","slug":"un-estudio-de-northwestern-revela-por-que-algunas-personas-de-80-anos-tienen-cerebros-agudos","status":"publish","type":"post","link":"https:\/\/noticiasveraces.com\/?p=47290","title":{"rendered":"Un estudio de Northwestern revela por qu\u00e9 algunas personas de 80 a\u00f1os tienen cerebros agudos"},"content":{"rendered":"<p> \n<\/p>\n<div>\n<div id=\"beyondwords-wrapper\" class=\"beyondwords-wrapper\">\n<p><span class=\"label-bg\">NUEVO<\/span>\u00a1Ahora puedes escuchar los art\u00edculos de Fox News!\n  <\/p>\n<\/div>\n<p class=\"speakable\">El deterioro cognitivo suele considerarse una caracter\u00edstica del envejecimiento, pero las investigaciones sugieren que no todas las personas son susceptibles.<\/p>\n<p class=\"speakable\">Un estudio de la Universidad Northwestern analiz\u00f3 a un grupo de personas de 80 a\u00f1os que parec\u00edan tener habilidades de memoria a la par de personas de 50 a\u00f1os, y los investigadores se propusieron comprender las diferencias en sus cerebros.<\/p>\n<p>Estas personas fueron clasificadas como \u00abSuperAgers\u00bb, definidas como aquellas personas de 80 a\u00f1os o m\u00e1s que tienen recuerdos de aquellos 30 a\u00f1os menores que ellos, seg\u00fan un comunicado de prensa de la universidad. Las personas en esta categor\u00eda obtienen al menos nueve sobre 15 en una prueba de recuerdo retardado de palabras.<\/p>\n<p><strong>7 PASOS PARA EL &#8216;SUPERENVEJECIMIENTO&#8217; SON CLAVE PARA VIVIR UNA VIDA M\u00c1S LARGA Y PLENA, DICEN LOS EXPERTOS<\/strong><\/p>\n<div class=\"image-ct inline\">\n<div class=\"m\"><picture><source media=\"(max-width: 767px)\" srcset=\"https:\/\/a57.foxnews.com\/static.foxnews.com\/foxnews.com\/content\/uploads\/2025\/10\/343\/192\/senior-man-with-grandson-brain-health.jpg?ve=1&amp;tl=1, https:\/\/a57.foxnews.com\/static.foxnews.com\/foxnews.com\/content\/uploads\/2025\/10\/686\/384\/senior-man-with-grandson-brain-health.jpg?ve=1&amp;tl=1 2x\" height=\"192\" width=\"343\"><source media=\"(min-width: 768px) and (max-width: 1023px)\" srcset=\"https:\/\/a57.foxnews.com\/static.foxnews.com\/foxnews.com\/content\/uploads\/2025\/10\/672\/378\/senior-man-with-grandson-brain-health.jpg?ve=1&amp;tl=1, https:\/\/a57.foxnews.com\/static.foxnews.com\/foxnews.com\/content\/uploads\/2025\/10\/1344\/756\/senior-man-with-grandson-brain-health.jpg?ve=1&amp;tl=1 2x\" height=\"378\" width=\"672\"><source media=\"(min-width: 1024px) and (max-width: 1279px)\" srcset=\"https:\/\/a57.foxnews.com\/static.foxnews.com\/foxnews.com\/content\/uploads\/2025\/10\/931\/523\/senior-man-with-grandson-brain-health.jpg?ve=1&amp;tl=1, https:\/\/a57.foxnews.com\/static.foxnews.com\/foxnews.com\/content\/uploads\/2025\/10\/1862\/1046\/senior-man-with-grandson-brain-health.jpg?ve=1&amp;tl=1 2x\" height=\"523\" width=\"931\"><source media=\"(min-width: 1280px)\" srcset=\"https:\/\/a57.foxnews.com\/static.foxnews.com\/foxnews.com\/content\/uploads\/2025\/10\/720\/405\/senior-man-with-grandson-brain-health.jpg?ve=1&amp;tl=1, https:\/\/a57.foxnews.com\/static.foxnews.com\/foxnews.com\/content\/uploads\/2025\/10\/1440\/810\/senior-man-with-grandson-brain-health.jpg?ve=1&amp;tl=1 2x\" height=\"405\" width=\"720\"><img loading=\"lazy\" decoding=\"async\" src=\"https:\/\/a57.foxnews.com\/static.foxnews.com\/foxnews.com\/content\/uploads\/2025\/10\/1200\/675\/senior-man-with-grandson-brain-health.jpg?ve=1&amp;tl=1\" alt=\"Hombre mayor mirando fotos con su nieto\" width=\"1200\" height=\"675\"\/><\/source><\/source><\/source><\/source><\/picture><\/div>\n<div class=\"info\">\n<div class=\"caption\">\n<p><span>Los \u00abSuperAgers\u00bb se definen como aquellos de 80 a\u00f1os o m\u00e1s que tienen recuerdos de aquellos 30 a\u00f1os m\u00e1s j\u00f3venes.<\/span> <span>(iStock)<\/span><\/p>\n<\/div>\n<\/div>\n<\/div>\n<p>El t\u00e9rmino \u00abSuperAger\u00bb fue acu\u00f1ado por el Dr. M. Marsel Mesulam, fundador del Centro Mesulam de Neurolog\u00eda Cognitiva y Enfermedad de Alzheimer en Northwestern, a finales de los a\u00f1os 1990.<\/p>\n<p>Al estudiar a casi 300 SuperAgers durante los \u00faltimos 25 a\u00f1os, los investigadores de Northwestern identificaron algunos rasgos comunes, incluido ser \u00abaltamente sociable y extrovertido\u00bb y tener s\u00f3lidas relaciones interpersonales.<\/p>\n<p>\u00abEs realmente lo que hemos encontrado en sus cerebros lo que ha sido tan trascendental para nosotros\u00bb, se\u00f1al\u00f3 en el comunicado la coautora, la Dra. Sandra Weintraub, profesora de psiquiatr\u00eda, ciencias del comportamiento y neurolog\u00eda de la Facultad de Medicina Feinberg de la Universidad Northwestern.<\/p>\n<div class=\"image-ct inline\">\n<div class=\"m\"><picture><source media=\"(max-width: 767px)\" srcset=\"https:\/\/a57.foxnews.com\/static.foxnews.com\/foxnews.com\/content\/uploads\/2025\/10\/343\/192\/brain-shrinkage-men-vs-women.jpg?ve=1&amp;tl=1, https:\/\/a57.foxnews.com\/static.foxnews.com\/foxnews.com\/content\/uploads\/2025\/10\/686\/384\/brain-shrinkage-men-vs-women.jpg?ve=1&amp;tl=1 2x\" height=\"192\" width=\"343\"><source media=\"(min-width: 768px) and (max-width: 1023px)\" srcset=\"https:\/\/a57.foxnews.com\/static.foxnews.com\/foxnews.com\/content\/uploads\/2025\/10\/672\/378\/brain-shrinkage-men-vs-women.jpg?ve=1&amp;tl=1, https:\/\/a57.foxnews.com\/static.foxnews.com\/foxnews.com\/content\/uploads\/2025\/10\/1344\/756\/brain-shrinkage-men-vs-women.jpg?ve=1&amp;tl=1 2x\" height=\"378\" width=\"672\"><source media=\"(min-width: 1024px) and (max-width: 1279px)\" srcset=\"https:\/\/a57.foxnews.com\/static.foxnews.com\/foxnews.com\/content\/uploads\/2025\/10\/931\/523\/brain-shrinkage-men-vs-women.jpg?ve=1&amp;tl=1, https:\/\/a57.foxnews.com\/static.foxnews.com\/foxnews.com\/content\/uploads\/2025\/10\/1862\/1046\/brain-shrinkage-men-vs-women.jpg?ve=1&amp;tl=1 2x\" height=\"523\" width=\"931\"><source media=\"(min-width: 1280px)\" srcset=\"https:\/\/a57.foxnews.com\/static.foxnews.com\/foxnews.com\/content\/uploads\/2025\/10\/720\/405\/brain-shrinkage-men-vs-women.jpg?ve=1&amp;tl=1, https:\/\/a57.foxnews.com\/static.foxnews.com\/foxnews.com\/content\/uploads\/2025\/10\/1440\/810\/brain-shrinkage-men-vs-women.jpg?ve=1&amp;tl=1 2x\" height=\"405\" width=\"720\"><img loading=\"lazy\" decoding=\"async\" src=\"https:\/\/a57.foxnews.com\/static.foxnews.com\/foxnews.com\/content\/uploads\/2025\/10\/1200\/675\/brain-shrinkage-men-vs-women.jpg?ve=1&amp;tl=1\" alt=\"La mano de un m\u00e9dico con un guante quir\u00fargico apuntando a una imagen de escaneo cerebral en una pantalla de computadora\" width=\"1200\" height=\"675\"\/><\/source><\/source><\/source><\/source><\/picture><\/div>\n<div class=\"info\">\n<div class=\"caption\">\n<p><span>Los investigadores encontraron que los cerebros de algunos de los participantes no mostraban acumulaci\u00f3n de prote\u00ednas amiloides y tau (placas y ovillos), las sustancias t\u00f3xicas que son un sello distintivo de la enfermedad de Alzheimer. <\/span> <span>(iStock)<\/span><\/p>\n<\/div>\n<\/div>\n<\/div>\n<p>El equipo de investigaci\u00f3n examin\u00f3 77 de los cerebros donados de los SuperAgers despu\u00e9s de su muerte. Descubrieron que algunos de los cerebros no mostraban acumulaci\u00f3n de prote\u00ednas amiloides y tau (placas y ovillos), las sustancias t\u00f3xicas que son un sello distintivo de la enfermedad de Alzheimer. Otros cerebros s\u00ed ten\u00edan prote\u00ednas, pero no parec\u00edan haber afectado la salud cognitiva.<\/p>\n<p><strong>UN ESTUDIO REVELA POR QU\u00c9 LOS &#8216;S\u00daPER EDADES&#8217; MANTIENEN UNA &#8216;MEMORIA EXCEPCIONAL&#8217; HASTA LOS 80 A\u00d1OS<\/strong><\/p>\n<p>\u00abLo que nos dimos cuenta es que hay dos mecanismos que llevan a alguien a convertirse en SuperAger\u00bb, dijo Weintraub en el comunicado. \u00abUna es la resistencia: no hacen las placas ni los ovillos. La segunda es la resiliencia: las hacen, pero no le hacen nada al cerebro\u00bb.<\/p>\n<p><strong>HAGA CLIC AQU\u00cd PARA DESCARGAR LA APLICACI\u00d3N FOX NEWS<\/strong><\/p>\n<p>A diferencia de la mayor\u00eda de los cerebros que envejecen, los SuperAgers no experimentaron un adelgazamiento significativo de la corteza, que es la capa externa del cerebro. Tambi\u00e9n ten\u00edan una corteza cingulada anterior m\u00e1s gruesa, la regi\u00f3n del cerebro involucrada en la toma de decisiones, las emociones y la motivaci\u00f3n.<\/p>\n<p>Tambi\u00e9n se descubri\u00f3 que ten\u00edan una mayor cantidad de \u00abneuronas von Economo\u00bb, c\u00e9lulas especializadas asociadas con el comportamiento social, y neuronas entorrinales m\u00e1s grandes, que son cruciales para la memoria.<\/p>\n<p><strong>HAGA CLIC AQU\u00cd PARA SUSCRIBIRSE A NUESTRO BOLET\u00cdN DE SALUD<\/strong><\/p>\n<p>El resultado del estudio se public\u00f3 como un art\u00edculo perspectiva en Alzheimer&#8217;s &#038; Dementia: The Journal of the Alzheimer&#8217;s Association.<\/p>\n<div class=\"image-ct inline\">\n<div class=\"m\"><picture><source media=\"(max-width: 767px)\" srcset=\"https:\/\/a57.foxnews.com\/static.foxnews.com\/foxnews.com\/content\/uploads\/2025\/10\/343\/192\/friends-talking-laughing.jpg?ve=1&amp;tl=1, https:\/\/a57.foxnews.com\/static.foxnews.com\/foxnews.com\/content\/uploads\/2025\/10\/686\/384\/friends-talking-laughing.jpg?ve=1&amp;tl=1 2x\" height=\"192\" width=\"343\"><source media=\"(min-width: 768px) and (max-width: 1023px)\" srcset=\"https:\/\/a57.foxnews.com\/static.foxnews.com\/foxnews.com\/content\/uploads\/2025\/10\/672\/378\/friends-talking-laughing.jpg?ve=1&amp;tl=1, https:\/\/a57.foxnews.com\/static.foxnews.com\/foxnews.com\/content\/uploads\/2025\/10\/1344\/756\/friends-talking-laughing.jpg?ve=1&amp;tl=1 2x\" height=\"378\" width=\"672\"><source media=\"(min-width: 1024px) and (max-width: 1279px)\" srcset=\"https:\/\/a57.foxnews.com\/static.foxnews.com\/foxnews.com\/content\/uploads\/2025\/10\/931\/523\/friends-talking-laughing.jpg?ve=1&amp;tl=1, https:\/\/a57.foxnews.com\/static.foxnews.com\/foxnews.com\/content\/uploads\/2025\/10\/1862\/1046\/friends-talking-laughing.jpg?ve=1&amp;tl=1 2x\" height=\"523\" width=\"931\"><source media=\"(min-width: 1280px)\" srcset=\"https:\/\/a57.foxnews.com\/static.foxnews.com\/foxnews.com\/content\/uploads\/2025\/10\/720\/405\/friends-talking-laughing.jpg?ve=1&amp;tl=1, https:\/\/a57.foxnews.com\/static.foxnews.com\/foxnews.com\/content\/uploads\/2025\/10\/1440\/810\/friends-talking-laughing.jpg?ve=1&amp;tl=1 2x\" height=\"405\" width=\"720\"><img loading=\"lazy\" decoding=\"async\" src=\"https:\/\/a57.foxnews.com\/static.foxnews.com\/foxnews.com\/content\/uploads\/2025\/10\/1200\/675\/friends-talking-laughing.jpg?ve=1&amp;tl=1\" alt=\"cuatro amigos mayores hablan y r\u00eden\" width=\"1200\" height=\"675\"\/><\/source><\/source><\/source><\/source><\/picture><\/div>\n<div class=\"info\">\n<div class=\"caption\">\n<p><span>Los SuperAgers compart\u00edan rasgos comunes, incluido ser \u00abmuy sociables y extrovertidos\u00bb y tener s\u00f3lidas relaciones interpersonales.<\/span> <span>(iStock)<\/span><\/p>\n<\/div>\n<\/div>\n<\/div>\n<p>\u00abNuestros hallazgos muestran que una memoria excepcional en la vejez no s\u00f3lo es posible sino que est\u00e1 relacionada con un perfil neurobiol\u00f3gico distinto\u00bb, dijo Weintraub. \u00abEsto abre la puerta a nuevas intervenciones destinadas a preservar la salud del cerebro durante las \u00faltimas d\u00e9cadas de la vida\u00bb.<\/p>\n<p>Armados con esta informaci\u00f3n sobre los puntos en com\u00fan entre los SuperAgers, los investigadores esperan desarrollar nuevas formas de aumentar la resiliencia cognitiva y prevenir o retrasar el Alzheimer y otras demencias, anotaron.<\/p>\n<p><strong>PRUEBA CON NUESTRO \u00daLTIMO QUIZ DE ESTILO DE VIDA<\/strong><\/p>\n<p>El Dr. Marc Siegel, analista m\u00e9dico senior de Fox News, no particip\u00f3 en el estudio, pero coment\u00f3 los hallazgos a Fox News Digital.<\/p>\n<div class=\"image-ct inline\">\n<div class=\"m\"><picture><source media=\"(max-width: 767px)\" srcset=\"https:\/\/a57.foxnews.com\/static.foxnews.com\/foxnews.com\/content\/uploads\/2025\/08\/343\/192\/senior-couple-healthy-happy.jpg?ve=1&amp;tl=1, https:\/\/a57.foxnews.com\/static.foxnews.com\/foxnews.com\/content\/uploads\/2025\/08\/686\/384\/senior-couple-healthy-happy.jpg?ve=1&amp;tl=1 2x\" height=\"192\" width=\"343\"><source media=\"(min-width: 768px) and (max-width: 1023px)\" srcset=\"https:\/\/a57.foxnews.com\/static.foxnews.com\/foxnews.com\/content\/uploads\/2025\/08\/672\/378\/senior-couple-healthy-happy.jpg?ve=1&amp;tl=1, https:\/\/a57.foxnews.com\/static.foxnews.com\/foxnews.com\/content\/uploads\/2025\/08\/1344\/756\/senior-couple-healthy-happy.jpg?ve=1&amp;tl=1 2x\" height=\"378\" width=\"672\"><source media=\"(min-width: 1024px) and (max-width: 1279px)\" srcset=\"https:\/\/a57.foxnews.com\/static.foxnews.com\/foxnews.com\/content\/uploads\/2025\/08\/931\/523\/senior-couple-healthy-happy.jpg?ve=1&amp;tl=1, https:\/\/a57.foxnews.com\/static.foxnews.com\/foxnews.com\/content\/uploads\/2025\/08\/1862\/1046\/senior-couple-healthy-happy.jpg?ve=1&amp;tl=1 2x\" height=\"523\" width=\"931\"><source media=\"(min-width: 1280px)\" srcset=\"https:\/\/a57.foxnews.com\/static.foxnews.com\/foxnews.com\/content\/uploads\/2025\/08\/720\/405\/senior-couple-healthy-happy.jpg?ve=1&amp;tl=1, https:\/\/a57.foxnews.com\/static.foxnews.com\/foxnews.com\/content\/uploads\/2025\/08\/1440\/810\/senior-couple-healthy-happy.jpg?ve=1&amp;tl=1 2x\" height=\"405\" width=\"720\"><img loading=\"lazy\" decoding=\"async\" src=\"https:\/\/a57.foxnews.com\/static.foxnews.com\/foxnews.com\/content\/uploads\/2025\/08\/1200\/675\/senior-couple-healthy-happy.jpg?ve=1&amp;tl=1\" alt=\"Feliz pareja de ancianos abraz\u00e1ndose en casa\" width=\"1200\" height=\"675\"\/><\/source><\/source><\/source><\/source><\/picture><\/div>\n<div class=\"info\">\n<div class=\"caption\">\n<p><span>\u00abLa respuesta es una combinaci\u00f3n de predisposici\u00f3n gen\u00e9tica y de seguir ejercitando el cerebro como un m\u00fasculo, tanto social como intelectualmente\u00bb, dijo un m\u00e9dico.<\/span> <span>(iStock)<\/span><\/p>\n<\/div>\n<\/div>\n<\/div>\n<p>\u00abLa acumulaci\u00f3n de placas seniles (beta amiloide y tau) no afect\u00f3 la funci\u00f3n neuronal en aquellos que continuaron funcionando muy bien en t\u00e9rminos de pensamiento, memoria y toma de decisiones\u00bb, anot\u00f3.<\/p>\n<p>\u00abAquellos con resultados positivos compartieron una socializaci\u00f3n continua, interacci\u00f3n y un alto nivel de compromiso intelectual.<\/p>\n<p><strong>HAGA CLIC AQU\u00cd PARA M\u00c1S HISTORIAS DE SALUD<\/strong><\/p>\n<p>\u00abEntonces, la respuesta es una combinaci\u00f3n de predisposici\u00f3n gen\u00e9tica y seguir ejercitando el cerebro como un m\u00fasculo, tanto social como intelectualmente\u00bb.<\/p>\n<p>El estudio fue financiado por el Centro de Investigaci\u00f3n de la Enfermedad de Alzheimer del Noroeste y el Instituto Nacional sobre el Envejecimiento (parte de los Institutos Nacionales de Salud).<\/p>\n<p> <!----> <\/p>\n<div class=\"article-meta\">\n<div class=\"author-bio\">\n<p>Melissa Rudy es editora senior de salud y miembro del equipo de estilo de vida de Fox News Digital. Se pueden enviar consejos sobre historias a melissa.rudy@fox.com.<\/p>\n<\/div>\n<\/div>\n<\/div>\n\n","protected":false},"excerpt":{"rendered":"<p>NUEVO\u00a1Ahora puedes escuchar los art\u00edculos de Fox News! El deterioro cognitivo suele considerarse una caracter\u00edstica del envejecimiento, pero las investigaciones sugieren que no todas las personas son susceptibles. Un estudio de la Universidad Northwestern analiz\u00f3 a un grupo de personas de 80 a\u00f1os que parec\u00edan tener habilidades de memoria a la par de personas de &hellip;<\/p>\n","protected":false},"author":1,"featured_media":47292,"comment_status":"open","ping_status":"open","sticky":false,"template":"","format":"standard","meta":{"fifu_image_url":"https:\/\/a57.foxnews.com\/static.foxnews.com\/foxnews.com\/content\/uploads\/2025\/10\/1200\/675\/senior-man-with-grandson-brain-health.jpg?ve=1&tl=1","fifu_image_alt":"","footnotes":""},"categories":[8],"tags":[],"class_list":["post-47290","post","type-post","status-publish","format-standard","has-post-thumbnail","","category-salud"],"_links":{"self":[{"href":"https:\/\/noticiasveraces.com\/index.php?rest_route=\/wp\/v2\/posts\/47290","targetHints":{"allow":["GET"]}}],"collection":[{"href":"https:\/\/noticiasveraces.com\/index.php?rest_route=\/wp\/v2\/posts"}],"about":[{"href":"https:\/\/noticiasveraces.com\/index.php?rest_route=\/wp\/v2\/types\/post"}],"author":[{"embeddable":true,"href":"https:\/\/noticiasveraces.com\/index.php?rest_route=\/wp\/v2\/users\/1"}],"replies":[{"embeddable":true,"href":"https:\/\/noticiasveraces.com\/index.php?rest_route=%2Fwp%2Fv2%2Fcomments&post=47290"}],"version-history":[{"count":0,"href":"https:\/\/noticiasveraces.com\/index.php?rest_route=\/wp\/v2\/posts\/47290\/revisions"}],"wp:featuredmedia":[{"embeddable":true,"href":"https:\/\/noticiasveraces.com\/index.php?rest_route=\/wp\/v2\/media\/47292"}],"wp:attachment":[{"href":"https:\/\/noticiasveraces.com\/index.php?rest_route=%2Fwp%2Fv2%2Fmedia&parent=47290"}],"wp:term":[{"taxonomy":"category","embeddable":true,"href":"https:\/\/noticiasveraces.com\/index.php?rest_route=%2Fwp%2Fv2%2Fcategories&post=47290"},{"taxonomy":"post_tag","embeddable":true,"href":"https:\/\/noticiasveraces.com\/index.php?rest_route=%2Fwp%2Fv2%2Ftags&post=47290"}],"curies":[{"name":"wp","href":"https:\/\/api.w.org\/{rel}","templated":true}]}}