{"id":47275,"date":"2025-10-26T00:24:13","date_gmt":"2025-10-26T04:24:13","guid":{"rendered":"https:\/\/noticiasveraces.com\/?p=47275"},"modified":"2025-10-26T00:24:13","modified_gmt":"2025-10-26T04:24:13","slug":"un-apuesto-extrano-en-la-foto-del-robo-de-las-joyas-de-la-corona-de-paris-genera-revuelo-en-internet","status":"publish","type":"post","link":"https:\/\/noticiasveraces.com\/?p=47275","title":{"rendered":"Un apuesto extra\u00f1o en la foto del robo de las joyas de la corona de Par\u00eds genera revuelo en Internet"},"content":{"rendered":"<p> \n<\/p>\n<div>\n<div id=\"beyondwords-wrapper\" class=\"beyondwords-wrapper\">\n<p><span class=\"label-bg\">NUEVO<\/span>\u00a1Ahora puedes escuchar los art\u00edculos de Fox News!\n  <\/p>\n<\/div>\n<p class=\"speakable\">Ese s\u00ed que es un estilo deslumbrante.<\/p>\n<p class=\"speakable\">Un hombre que apareci\u00f3 en una fotograf\u00eda tomada afuera del Louvre en Par\u00eds durante la investigaci\u00f3n sobre un reciente y descarado robo de joyas de la corona en el famoso museo se ha vuelto viral.<\/p>\n<p>El hombre misterioso, que vest\u00eda un traje de tres piezas con una chaqueta de color oscuro y un chaleco dorado rematado con un sombrero de fieltro y un paraguas usado como bast\u00f3n, hizo vibrar las redes sociales, compar\u00e1ndolo con el inspector Clouseau de \u00abLa Pantera Rosa\u00bb y el H\u00e9rcules Poirot de Agatha Christie.<\/p>\n<p>Muchos parec\u00edan creer que el apuesto hombre era el inspector jefe del caso, mientras que algunos incluso especulaban que su elegante apariencia insinuaba que se trataba de un elegante criminal que de alguna manera estaba involucrado en el atraco.<\/p>\n<p><strong>C\u00d3MO LOS LADRONES DEL LOUVRE OBTUVIERON UN ASCENSOR DE MUEBLES MONTADO EN UN CAMI\u00d3N PARA LLEVARSE JOYAS POR VALOR DE M\u00c1S DE 100 MILLONES DE D\u00d3LARES<\/strong><\/p>\n<div class=\"image-ct inline\">\n<div class=\"m\"><picture><source media=\"(max-width: 767px)\" srcset=\"https:\/\/a57.foxnews.com\/static.foxnews.com\/foxnews.com\/content\/uploads\/2025\/10\/343\/192\/louvre-mystery-man.jpg?ve=1&amp;tl=1, https:\/\/a57.foxnews.com\/static.foxnews.com\/foxnews.com\/content\/uploads\/2025\/10\/686\/384\/louvre-mystery-man.jpg?ve=1&amp;tl=1 2x\" height=\"192\" width=\"343\"><source media=\"(min-width: 768px) and (max-width: 1023px)\" srcset=\"https:\/\/a57.foxnews.com\/static.foxnews.com\/foxnews.com\/content\/uploads\/2025\/10\/672\/378\/louvre-mystery-man.jpg?ve=1&amp;tl=1, https:\/\/a57.foxnews.com\/static.foxnews.com\/foxnews.com\/content\/uploads\/2025\/10\/1344\/756\/louvre-mystery-man.jpg?ve=1&amp;tl=1 2x\" height=\"378\" width=\"672\"><source media=\"(min-width: 1024px) and (max-width: 1279px)\" srcset=\"https:\/\/a57.foxnews.com\/static.foxnews.com\/foxnews.com\/content\/uploads\/2025\/10\/931\/523\/louvre-mystery-man.jpg?ve=1&amp;tl=1, https:\/\/a57.foxnews.com\/static.foxnews.com\/foxnews.com\/content\/uploads\/2025\/10\/1862\/1046\/louvre-mystery-man.jpg?ve=1&amp;tl=1 2x\" height=\"523\" width=\"931\"><source media=\"(min-width: 1280px)\" srcset=\"https:\/\/a57.foxnews.com\/static.foxnews.com\/foxnews.com\/content\/uploads\/2025\/10\/720\/405\/louvre-mystery-man.jpg?ve=1&amp;tl=1, https:\/\/a57.foxnews.com\/static.foxnews.com\/foxnews.com\/content\/uploads\/2025\/10\/1440\/810\/louvre-mystery-man.jpg?ve=1&amp;tl=1 2x\" height=\"405\" width=\"720\"><img loading=\"lazy\" decoding=\"async\" src=\"https:\/\/a57.foxnews.com\/static.foxnews.com\/foxnews.com\/content\/uploads\/2025\/10\/1200\/675\/louvre-mystery-man.jpg?ve=1&amp;tl=1\" alt=\"Un hombre misterioso con traje de tres piezas pasa junto a la polic\u00eda frente al Louvre\" width=\"1200\" height=\"675\"\/><\/source><\/source><\/source><\/source><\/picture><\/div>\n<div class=\"info\">\n<div class=\"caption\">\n<p><span>Agentes de polic\u00eda bloquean el acceso al Louvre despu\u00e9s de un robo el 19 de octubre en Par\u00eds.<\/span> <span>(Foto AP\/Thibault Camus)<\/span><\/p>\n<\/div>\n<\/div>\n<\/div>\n<p>Un usuario de X escribi\u00f3 sobre la foto: \u00abToma real (\u00a1no IA!) de un detective franc\u00e9s que trabaja en el caso de las Joyas de la Corona francesa que fueron robadas del Louvre\u00bb.<\/p>\n<p>Otro afirm\u00f3 que el hombre, \u00abque parece salido de una pel\u00edcula de detectives de la d\u00e9cada de 1940, es un verdadero detective de la polic\u00eda francesa que est\u00e1 investigando el robo\u00bb.<\/p>\n<p>Un tercero escribi\u00f3: \u00abEl detective que trabaja en el robo de las joyas del Louvre es el tipo del sombrero de fieltro. \u00bfLos franceses hacen todo mejor?\u00bb. <\/p>\n<p>Pero el fot\u00f3grafo de Associated Press que tom\u00f3 la curiosa foto el domingo pasado afirm\u00f3 que no ten\u00eda motivos para creer que el hombre tuviera algo que ver con la investigaci\u00f3n del Louvre, que simplemente era alguien que entr\u00f3 en escena.<\/p>\n<p>El fot\u00f3grafo Thibault Camus le dijo a su medio que cre\u00eda que el hombre hab\u00eda a\u00f1adido un poco de parisino. <i>No se que &#8211; <\/i>\u00abNo s\u00e9 qu\u00e9\u00bb <i>\u2014 <\/i>a sus fotos.<\/p>\n<div class=\"image-ct inline\">\n<div class=\"m\"><picture><source media=\"(max-width: 767px)\" srcset=\"https:\/\/a57.foxnews.com\/static.foxnews.com\/foxnews.com\/content\/uploads\/2025\/10\/343\/192\/crown-jewels-stolen.jpg?ve=1&amp;tl=1, https:\/\/a57.foxnews.com\/static.foxnews.com\/foxnews.com\/content\/uploads\/2025\/10\/686\/384\/crown-jewels-stolen.jpg?ve=1&amp;tl=1 2x\" height=\"192\" width=\"343\"><source media=\"(min-width: 768px) and (max-width: 1023px)\" srcset=\"https:\/\/a57.foxnews.com\/static.foxnews.com\/foxnews.com\/content\/uploads\/2025\/10\/672\/378\/crown-jewels-stolen.jpg?ve=1&amp;tl=1, https:\/\/a57.foxnews.com\/static.foxnews.com\/foxnews.com\/content\/uploads\/2025\/10\/1344\/756\/crown-jewels-stolen.jpg?ve=1&amp;tl=1 2x\" height=\"378\" width=\"672\"><source media=\"(min-width: 1024px) and (max-width: 1279px)\" srcset=\"https:\/\/a57.foxnews.com\/static.foxnews.com\/foxnews.com\/content\/uploads\/2025\/10\/931\/523\/crown-jewels-stolen.jpg?ve=1&amp;tl=1, https:\/\/a57.foxnews.com\/static.foxnews.com\/foxnews.com\/content\/uploads\/2025\/10\/1862\/1046\/crown-jewels-stolen.jpg?ve=1&amp;tl=1 2x\" height=\"523\" width=\"931\"><source media=\"(min-width: 1280px)\" srcset=\"https:\/\/a57.foxnews.com\/static.foxnews.com\/foxnews.com\/content\/uploads\/2025\/10\/720\/405\/crown-jewels-stolen.jpg?ve=1&amp;tl=1, https:\/\/a57.foxnews.com\/static.foxnews.com\/foxnews.com\/content\/uploads\/2025\/10\/1440\/810\/crown-jewels-stolen.jpg?ve=1&amp;tl=1 2x\" height=\"405\" width=\"720\"><img loading=\"lazy\" decoding=\"async\" src=\"https:\/\/a57.foxnews.com\/static.foxnews.com\/foxnews.com\/content\/uploads\/2025\/10\/1200\/675\/crown-jewels-stolen.jpg?ve=1&amp;tl=1\" alt=\"Gr\u00e1fico que muestra representaciones de las joyas de la corona robadas.\" width=\"1200\" height=\"675\"\/><\/source><\/source><\/source><\/source><\/picture><\/div>\n<div class=\"info\">\n<div class=\"caption\">\n<p><span>Esta foto proporcionada por Interpol y extra\u00edda de su sitio web muestra las joyas robadas del Louvre.<\/span> <span>(Interpol v\u00eda AP)<\/span><\/p>\n<\/div>\n<\/div>\n<\/div>\n<p>\u00abApareci\u00f3 frente a m\u00ed, lo vi, tom\u00e9 la foto\u00bb, dijo Camus. \u00abPas\u00f3 y se fue\u00bb.<\/p>\n<p>Las autoridades parisinas tambi\u00e9n decidieron a\u00f1adir un poco de intriga francesa al misterio cuando AP les pregunt\u00f3 si pod\u00edan identificar al hombre.<\/p>\n<p>\u00abPreferir\u00edamos mantener vivo el misterio ;)\u00bb, respondi\u00f3 la fiscal\u00eda de Par\u00eds.<\/p>\n<div class=\"image-ct inline\">\n<div class=\"m\"><picture><source media=\"(max-width: 767px)\" srcset=\"https:\/\/a57.foxnews.com\/static.foxnews.com\/foxnews.com\/content\/uploads\/2025\/10\/343\/192\/the-louvre-in-paris.jpg?ve=1&amp;tl=1, https:\/\/a57.foxnews.com\/static.foxnews.com\/foxnews.com\/content\/uploads\/2025\/10\/686\/384\/the-louvre-in-paris.jpg?ve=1&amp;tl=1 2x\" height=\"192\" width=\"343\"><source media=\"(min-width: 768px) and (max-width: 1023px)\" srcset=\"https:\/\/a57.foxnews.com\/static.foxnews.com\/foxnews.com\/content\/uploads\/2025\/10\/672\/378\/the-louvre-in-paris.jpg?ve=1&amp;tl=1, https:\/\/a57.foxnews.com\/static.foxnews.com\/foxnews.com\/content\/uploads\/2025\/10\/1344\/756\/the-louvre-in-paris.jpg?ve=1&amp;tl=1 2x\" height=\"378\" width=\"672\"><source media=\"(min-width: 1024px) and (max-width: 1279px)\" srcset=\"https:\/\/a57.foxnews.com\/static.foxnews.com\/foxnews.com\/content\/uploads\/2025\/10\/931\/523\/the-louvre-in-paris.jpg?ve=1&amp;tl=1, https:\/\/a57.foxnews.com\/static.foxnews.com\/foxnews.com\/content\/uploads\/2025\/10\/1862\/1046\/the-louvre-in-paris.jpg?ve=1&amp;tl=1 2x\" height=\"523\" width=\"931\"><source media=\"(min-width: 1280px)\" srcset=\"https:\/\/a57.foxnews.com\/static.foxnews.com\/foxnews.com\/content\/uploads\/2025\/10\/720\/405\/the-louvre-in-paris.jpg?ve=1&amp;tl=1, https:\/\/a57.foxnews.com\/static.foxnews.com\/foxnews.com\/content\/uploads\/2025\/10\/1440\/810\/the-louvre-in-paris.jpg?ve=1&amp;tl=1 2x\" height=\"405\" width=\"720\"><img loading=\"lazy\" decoding=\"async\" src=\"https:\/\/a57.foxnews.com\/static.foxnews.com\/foxnews.com\/content\/uploads\/2025\/10\/1200\/675\/the-louvre-in-paris.jpg?ve=1&amp;tl=1\" alt=\"Museo del Louvre\" width=\"1200\" height=\"675\"\/><\/source><\/source><\/source><\/source><\/picture><\/div>\n<div class=\"info\">\n<div class=\"caption\">\n<p><span>La gente hace cola frente al Louvre, tres d\u00edas despu\u00e9s de que se robaran joyas hist\u00f3ricas en un atrevido atraco a plena luz del d\u00eda. <\/span> <span>(Foto AP\/Thibault Camus)<\/span><\/p>\n<\/div>\n<\/div>\n<\/div>\n<p>El domingo pasado por la ma\u00f1ana, cuatro delincuentes enmascarados robaron varias piezas de valor incalculable de la colecci\u00f3n de joyas de la corona del Louvre despu\u00e9s de irrumpir en una galer\u00eda poco despu\u00e9s de la apertura del museo.<\/p>\n<p><strong>HAGA CLIC AQU\u00cd PARA DESCARGAR LA APLICACI\u00d3N FOX NEWS<\/strong><\/p>\n<p>Los ladrones huyeron en scooters y a\u00fan no han sido capturados.<\/p>\n<p><i>La Prensa Asociada contribuy\u00f3 a este informe. <\/i><\/p>\n<p> <!----> <\/div>\n\n","protected":false},"excerpt":{"rendered":"<p>NUEVO\u00a1Ahora puedes escuchar los art\u00edculos de Fox News! Ese s\u00ed que es un estilo deslumbrante. Un hombre que apareci\u00f3 en una fotograf\u00eda tomada afuera del Louvre en Par\u00eds durante la investigaci\u00f3n sobre un reciente y descarado robo de joyas de la corona en el famoso museo se ha vuelto viral. El hombre misterioso, que vest\u00eda &hellip;<\/p>\n","protected":false},"author":1,"featured_media":47277,"comment_status":"open","ping_status":"open","sticky":false,"template":"","format":"standard","meta":{"fifu_image_url":"https:\/\/static.foxnews.com\/foxnews.com\/content\/uploads\/2025\/10\/louvre-mystery-man.jpg","fifu_image_alt":"","footnotes":""},"categories":[13],"tags":[],"class_list":["post-47275","post","type-post","status-publish","format-standard","has-post-thumbnail","","category-mundo"],"_links":{"self":[{"href":"https:\/\/noticiasveraces.com\/index.php?rest_route=\/wp\/v2\/posts\/47275","targetHints":{"allow":["GET"]}}],"collection":[{"href":"https:\/\/noticiasveraces.com\/index.php?rest_route=\/wp\/v2\/posts"}],"about":[{"href":"https:\/\/noticiasveraces.com\/index.php?rest_route=\/wp\/v2\/types\/post"}],"author":[{"embeddable":true,"href":"https:\/\/noticiasveraces.com\/index.php?rest_route=\/wp\/v2\/users\/1"}],"replies":[{"embeddable":true,"href":"https:\/\/noticiasveraces.com\/index.php?rest_route=%2Fwp%2Fv2%2Fcomments&post=47275"}],"version-history":[{"count":0,"href":"https:\/\/noticiasveraces.com\/index.php?rest_route=\/wp\/v2\/posts\/47275\/revisions"}],"wp:featuredmedia":[{"embeddable":true,"href":"https:\/\/noticiasveraces.com\/index.php?rest_route=\/wp\/v2\/media\/47277"}],"wp:attachment":[{"href":"https:\/\/noticiasveraces.com\/index.php?rest_route=%2Fwp%2Fv2%2Fmedia&parent=47275"}],"wp:term":[{"taxonomy":"category","embeddable":true,"href":"https:\/\/noticiasveraces.com\/index.php?rest_route=%2Fwp%2Fv2%2Fcategories&post=47275"},{"taxonomy":"post_tag","embeddable":true,"href":"https:\/\/noticiasveraces.com\/index.php?rest_route=%2Fwp%2Fv2%2Ftags&post=47275"}],"curies":[{"name":"wp","href":"https:\/\/api.w.org\/{rel}","templated":true}]}}