{"id":47269,"date":"2025-10-25T22:14:11","date_gmt":"2025-10-26T02:14:11","guid":{"rendered":"https:\/\/noticiasveraces.com\/?p=47269"},"modified":"2025-10-25T22:14:11","modified_gmt":"2025-10-26T02:14:11","slug":"baltazar-porras-denuncio-que-le-impidieron-viajar-a-isnotu-para-misa-en-honor-a-jose-gregorio-hernandez","status":"publish","type":"post","link":"https:\/\/noticiasveraces.com\/?p=47269","title":{"rendered":"Baltazar Porras denunci\u00f3 que le impidieron viajar a Isnot\u00fa para misa en honor a Jos\u00e9 Gregorio Hern\u00e1ndez"},"content":{"rendered":"<p> \n<\/p>\n<div>\n<p>El cardenal Baltazar Porras inform\u00f3 este s\u00e1bado 25 de octubre que <strong>no pudo viajar a Isnot\u00fa, en el estado Trujillo<\/strong> <strong>para presidir una misa de acci\u00f3n de gracia<\/strong>s en el santuario del doctor Jos\u00e9 Gregorio Hern\u00e1ndez, con motivo de su reciente canonizaci\u00f3n.<\/p>\n<div class=\"ruby-table-contents rbtoc table-fw\">\n<ul class=\"toc-content h5\">\n<li>Intervenci\u00f3n militar y obst\u00e1culos en el viaje<\/li>\n<li>Declaraciones recientes en el Vaticano<\/li>\n<\/ul>\n<\/div>\n<p>Seg\u00fan el prelado, desde la noche del viernes 24 de octubre se presentaron una <strong>serie de obst\u00e1culos<\/strong> que le impidieron llegar al lugar. <\/p>\n<p>Porras se\u00f1al\u00f3 que el viceministro de Cultos contact\u00f3 a la Conferencia Episcopal Venezolana para advertir sobre la <strong>\u201cinconveniencia\u201d<\/strong> de su presencia en la ceremonia, citando supuestos \u201criesgos de disturbios\u201d.<\/p>\n<blockquote data-service=\"twitter\" data-category=\"marketing\" data-placeholder-image=\"https:\/\/eldiario.com\/wp-content\/plugins\/complianz-gdpr\/assets\/images\/placeholders\/twitter-minimal.jpg\" class=\"cmplz-placeholder-element twitter-tweet\" data-media-max-width=\"560\">\n<p lang=\"es\" dir=\"ltr\"><a href=\"https:\/\/twitter.com\/hashtag\/25Oct?src=hash&amp;ref_src=twsrc%5Etfw\">#25oct<\/a> | El cardenal Baltazar Porras, arzobispo em\u00e9rito de la Arquidi\u00f3cesis de Caracas, denunci\u00f3 que le impidieron viajar hacia Isnot\u00fa (Trujillo) para celebrar en la misa del <a href=\"https:\/\/twitter.com\/hashtag\/26Oct?src=hash&amp;ref_src=twsrc%5Etfw\"># 26 de octubre<\/a> con motivo de la fiesta lit\u00fargica de San Jos\u00e9 Gregorio Hern\u00e1ndez.<\/p>\n<p>A trav\u00e9s de Instagram, Porras\u2026 <a href=\"https:\/\/t.co\/93mvlVMzly\">pic.twitter.com\/93mvlVMzly<\/a><\/p>\n<p>\u2014 El Diario (@eldiario) <a href=\"https:\/\/twitter.com\/eldiario\/status\/1982216059894841567?ref_src=twsrc%5Etfw\">25 de octubre de 2025<\/a><\/p><\/blockquote>\n<p>Posteriormente, el cardenal detall\u00f3 que recibi\u00f3 un aviso de Conviasa informando que su vuelo hab\u00eda sido \u201csuspendido hasta el 28 de octubre\u201d, aunque el vuelo despeg\u00f3 y aterriz\u00f3 normalmente. <\/p>\n<p>Ante esto, intent\u00f3 trasladarse en una aeronave privada, pero durante la escala en Barquisimeto relat\u00f3 un \u201cdespliegue militar inusitado\u201d.<\/p>\n<h2 id=\"intervencion-militar-y-obstaculos-en-el-viaje\" class=\"rb-heading-index-0-824185 wp-block-heading\"><strong>Intervenci\u00f3n militar y obst\u00e1culos en el viaje<\/strong><\/h2>\n<p>\u201cFuimos rodeados por militares armados hasta los dientes. No se nos permiti\u00f3 continuar el viaje ni salir del aeropuerto. Se nos dijo que el aeropuerto de Valera estaba cerrado, pero seguimos recibiendo informaci\u00f3n de que otros vuelos operaban con normalidad. Todo indica que fue una orden superior\u201d, afirm\u00f3 Porras.<\/p>\n<p>El cardenal calific\u00f3 el episodio como un atropello a su derecho a la libre circulaci\u00f3n y al ejercicio de su labor pastoral. \u201cNo hubo agresi\u00f3n f\u00edsica, pero s\u00ed un amedrentamiento evidente. Nos trataron como si estuvi\u00e9ramos tramando algo\u201d, agreg\u00f3.<\/p>\n<h2 id=\"declaraciones-recientes-en-el-vaticano\" class=\"rb-heading-index-1-824185 wp-block-heading\"><strong>Declaraciones recientes en el Vaticano<\/strong><\/h2>\n<p>El incidente se produce d\u00edas despu\u00e9s de que Porras pronunciara un discurso en Roma defendiendo a los presos pol\u00edticos venezolanos. En la Universidad Lateranense, Porras calific\u00f3 la crisis en Venezuela como \u201cmoralmente inaceptable\u201d y reiter\u00f3 la necesidad de liberar a quienes considera presos pol\u00edticos.<\/p>\n<p>Durante su intervenci\u00f3n, el prelado mencion\u00f3 la situaci\u00f3n de los migrantes venezolanos, se\u00f1alando que deben ser \u201cacogidos, protegidos, promovidos e integrados\u201d, y destac\u00f3 que figuras como Jos\u00e9 Gregorio Hern\u00e1ndez representan un \u201c\u00edcono que amalgama a todos en nuestra sociedad m\u00e1s all\u00e1 de las diferencias\u201d.<\/p>\n<\/p><\/div>\n<p><script async src=\"https:\/\/platform.twitter.com\/widgets.js\" charset=\"utf-8\"><\/script><br \/>\n<br \/>\n","protected":false},"excerpt":{"rendered":"<p>El cardenal Baltazar Porras inform\u00f3 este s\u00e1bado 25 de octubre que no pudo viajar a Isnot\u00fa, en el estado Trujillo para presidir una misa de acci\u00f3n de gracias en el santuario del doctor Jos\u00e9 Gregorio Hern\u00e1ndez, con motivo de su reciente canonizaci\u00f3n. Intervenci\u00f3n militar y obst\u00e1culos en el viaje Declaraciones recientes en el Vaticano Seg\u00fan &hellip;<\/p>\n","protected":false},"author":1,"featured_media":47270,"comment_status":"open","ping_status":"open","sticky":false,"template":"","format":"standard","meta":{"fifu_image_url":"https:\/\/eldiario.com\/wp-content\/uploads\/2025\/10\/13d446064597a857cc9c60c93cedc97b262062f9.jpg","fifu_image_alt":"","footnotes":""},"categories":[13],"tags":[],"class_list":["post-47269","post","type-post","status-publish","format-standard","has-post-thumbnail","","category-mundo"],"_links":{"self":[{"href":"https:\/\/noticiasveraces.com\/index.php?rest_route=\/wp\/v2\/posts\/47269","targetHints":{"allow":["GET"]}}],"collection":[{"href":"https:\/\/noticiasveraces.com\/index.php?rest_route=\/wp\/v2\/posts"}],"about":[{"href":"https:\/\/noticiasveraces.com\/index.php?rest_route=\/wp\/v2\/types\/post"}],"author":[{"embeddable":true,"href":"https:\/\/noticiasveraces.com\/index.php?rest_route=\/wp\/v2\/users\/1"}],"replies":[{"embeddable":true,"href":"https:\/\/noticiasveraces.com\/index.php?rest_route=%2Fwp%2Fv2%2Fcomments&post=47269"}],"version-history":[{"count":0,"href":"https:\/\/noticiasveraces.com\/index.php?rest_route=\/wp\/v2\/posts\/47269\/revisions"}],"wp:featuredmedia":[{"embeddable":true,"href":"https:\/\/noticiasveraces.com\/index.php?rest_route=\/wp\/v2\/media\/47270"}],"wp:attachment":[{"href":"https:\/\/noticiasveraces.com\/index.php?rest_route=%2Fwp%2Fv2%2Fmedia&parent=47269"}],"wp:term":[{"taxonomy":"category","embeddable":true,"href":"https:\/\/noticiasveraces.com\/index.php?rest_route=%2Fwp%2Fv2%2Fcategories&post=47269"},{"taxonomy":"post_tag","embeddable":true,"href":"https:\/\/noticiasveraces.com\/index.php?rest_route=%2Fwp%2Fv2%2Ftags&post=47269"}],"curies":[{"name":"wp","href":"https:\/\/api.w.org\/{rel}","templated":true}]}}