{"id":47236,"date":"2025-10-25T17:52:42","date_gmt":"2025-10-25T21:52:42","guid":{"rendered":"https:\/\/noticiasveraces.com\/?p=47236"},"modified":"2025-10-25T17:52:42","modified_gmt":"2025-10-25T21:52:42","slug":"denuncian-agresiones-contra-feligreses-en-la-misa-de-accion-de-gracias-en-la-ucv-fue-un-grave-ataque-a-la-espiritualidad-albertonews","status":"publish","type":"post","link":"https:\/\/noticiasveraces.com\/?p=47236","title":{"rendered":"Denuncian agresiones contra feligreses en la misa de acci\u00f3n de gracias en la UCV: \u00abFue un grave ataque a la espiritualidad\u00bb &#8211; AlbertoNews"},"content":{"rendered":"<p> \n<\/p>\n<div>\n<p>Diversas ONG denunciaron este s\u00e1bado una serie de agresiones contra los feligreses que se reunieron en la Universidad Central de Venezuela para celebrar las canonizaciones de Jos\u00e9 Gregorio Hern\u00e1ndez y Carmen Rendiles.<\/p>\n<p>De acuerdo con el Comit\u00e9 por la Libertad de los Presos Pol\u00edticos, grupos vinculados presuntamente con el oficialismo agredieron f\u00edsica y verbalmente a familiares de los detenidos.<\/p>\n<p><span class=\"css-1jxf684 r-bcqeeo r-1ttztb7 r-qvutc0 r-poiln3\">\u00abHaci\u00e9ndose pasar por creyentes, los agresores golpearon, empujaron, insultaron y arrebataron pertenencias a quienes nos unimos a est\u00e1 misa para orar por la salud, la libertad y los derechos de todas las personas injustamente detenidas por motivos pol\u00edticos en <\/span><span class=\"r-18u37iz\">Venezuela\u00bb, coment\u00f3 la organizaci\u00f3n en su cuenta en X.<\/span><\/p>\n<p>Tambi\u00e9n lamentaron que el papagayo del emblem\u00e1tico opositor Rafael Araujo fue destruido por los violentos.<\/p>\n<p><span class=\"css-1jxf684 r-bcqeeo r-1ttztb7 r-qvutc0 r-poiln3\"> Este lamentable hecho, ocurrido en una instituci\u00f3n hist\u00f3rica que fue cuna acad\u00e9mica, cient\u00edfica y espiritual del santo ucevista, representa un grave ataque a la espiritualidad, la pluralidad y los valores humanistas que \u00e9l encarn\u00f3 y son pilares de la m\u00e1xima casa de estudios del pa\u00eds\u00bb. <\/span><\/p>\n<p>Tambi\u00e9n lamentaron la presencia de funcionarios de inteligencia fotografiando a los presentes dentro de la casa de estudios.<\/p>\n<p><strong>Si quieres recibir en tu celular esta y otras informaciones descarga Telegram, ingresa al link <\/strong><strong>https:\/\/t.me\/albertorodnews<\/strong><strong> y dale click a +Unirme.  <\/strong><\/p>\n<p><strong>Alberto Noticias<\/strong><\/p>\n<\/p><\/div>\n\n","protected":false},"excerpt":{"rendered":"<p>Diversas ONG denunciaron este s\u00e1bado una serie de agresiones contra los feligreses que se reunieron en la Universidad Central de Venezuela para celebrar las canonizaciones de Jos\u00e9 Gregorio Hern\u00e1ndez y Carmen Rendiles. De acuerdo con el Comit\u00e9 por la Libertad de los Presos Pol\u00edticos, grupos vinculados presuntamente con el oficialismo agredieron f\u00edsica y verbalmente a &hellip;<\/p>\n","protected":false},"author":1,"featured_media":47237,"comment_status":"open","ping_status":"open","sticky":false,"template":"","format":"standard","meta":{"fifu_image_url":"https:\/\/bitlyanews.com\/wp-content\/uploads\/2025\/10\/agresiones-ucv.jpg","fifu_image_alt":"","footnotes":""},"categories":[13],"tags":[],"class_list":["post-47236","post","type-post","status-publish","format-standard","has-post-thumbnail","","category-mundo"],"_links":{"self":[{"href":"https:\/\/noticiasveraces.com\/index.php?rest_route=\/wp\/v2\/posts\/47236","targetHints":{"allow":["GET"]}}],"collection":[{"href":"https:\/\/noticiasveraces.com\/index.php?rest_route=\/wp\/v2\/posts"}],"about":[{"href":"https:\/\/noticiasveraces.com\/index.php?rest_route=\/wp\/v2\/types\/post"}],"author":[{"embeddable":true,"href":"https:\/\/noticiasveraces.com\/index.php?rest_route=\/wp\/v2\/users\/1"}],"replies":[{"embeddable":true,"href":"https:\/\/noticiasveraces.com\/index.php?rest_route=%2Fwp%2Fv2%2Fcomments&post=47236"}],"version-history":[{"count":0,"href":"https:\/\/noticiasveraces.com\/index.php?rest_route=\/wp\/v2\/posts\/47236\/revisions"}],"wp:featuredmedia":[{"embeddable":true,"href":"https:\/\/noticiasveraces.com\/index.php?rest_route=\/wp\/v2\/media\/47237"}],"wp:attachment":[{"href":"https:\/\/noticiasveraces.com\/index.php?rest_route=%2Fwp%2Fv2%2Fmedia&parent=47236"}],"wp:term":[{"taxonomy":"category","embeddable":true,"href":"https:\/\/noticiasveraces.com\/index.php?rest_route=%2Fwp%2Fv2%2Fcategories&post=47236"},{"taxonomy":"post_tag","embeddable":true,"href":"https:\/\/noticiasveraces.com\/index.php?rest_route=%2Fwp%2Fv2%2Ftags&post=47236"}],"curies":[{"name":"wp","href":"https:\/\/api.w.org\/{rel}","templated":true}]}}