{"id":47208,"date":"2025-10-25T10:36:22","date_gmt":"2025-10-25T14:36:22","guid":{"rendered":"https:\/\/noticiasveraces.com\/?p=47208"},"modified":"2025-10-25T10:36:22","modified_gmt":"2025-10-25T14:36:22","slug":"bruselas-busca-asegurarse-materias-primas-criticas-dw-25-10-2025","status":"publish","type":"post","link":"https:\/\/noticiasveraces.com\/?p=47208","title":{"rendered":"Bruselas busca asegurarse materias primas cr\u00edticas \u2013 DW \u2013 25\/10\/2025"},"content":{"rendered":"<p> \n<\/p>\n<div data-tracking-name=\"rich-text\" data-tracking-skip=\"true\">\n<p>La presidenta de la Comisi\u00f3n Europea, Ursula von der Leyen, anunci\u00f3 este s\u00e1bado (25.10.2025) que trabaja en un plan para facilitar el acceso de las industrias europeas a materias primas cr\u00edticas, en un contexto marcado por las restricciones a las tierras raras chinas y los aranceles estadounidenses.<\/p>\n<p>\u00abPuedo anunciar hoy que estamos trabajando en un nuevo plan &#8216;RESourceEU&#8217; en la l\u00ednea de la iniciativa &#8216;REPowerEU&#8217;, que nos ayud\u00f3 a superar la crisis juntos despu\u00e9s de que [el presidente ruso Vladimir] Putin cortara las energ\u00edas f\u00f3siles. El objetivo es asegurar el acceso a fuentes alternativas de materias primas cr\u00edticas\u00bb, dijo Von der Leyen en el Berlin Global Dialogue que acoge la capital alemana.<\/p>\n<p>Von der Leyen aludi\u00f3 as\u00ed a la crisis que supuso para los pa\u00edses europeos desde un punto de vista energ\u00e9tico el contexto geopol\u00edtico abierto por la invasi\u00f3n de Rusia contra Ucrania, situaci\u00f3n que llev\u00f3 a que Mosc\u00fa cerrara el grifo de los hidrocarburos a Europa.<\/p>\n<h2>No repetir los errores cometidos en la crisis energ\u00e9tica<\/h2>\n<p>\u00abHemos aprendido la lecci\u00f3n de forma dolorosa con la energ\u00eda y no lo repetiremos con las materias primas cr\u00edticas\u00bb, asever\u00f3 la presidenta de la CE en el que fue el discurso m\u00e1s importante este s\u00e1bado en el Berlin Global Dialogue, una cita internacional en la que se dieron destacadas figuras pol\u00edticas y empresariales para abordar cuestiones de orden geopol\u00edtico y geoecon\u00f3mico.<\/p>\n<p>\u00abSi uno considera que m\u00e1s del 90 % de nuestro consumo de imanes de tierras raras procede de importaciones de China, uno ve el riesgo aqu\u00ed para Europa y sus sectores industriales m\u00e1s estrat\u00e9gicos, desde el autom\u00f3vil a la industria de los motores, la defensa, la aeroespacial, la inteligencia artificial o los centros de datos\u00bb puso como ejemplo Von der Leyen. Ella resalt\u00f3 la importancia tambi\u00e9n del reciclaje. \u00abAlgunas empresas pueden reciclar hasta el 95 % de las materias primas cr\u00edticas y bater\u00edas\u00bb, afirm\u00f3.<\/p>\n<p><span data-slot-id=\"Article_InContent-1\" class=\"rich-text-ad\"\/><\/p>\n<h2>\u00abEuropa tiene un plan\u00bb<\/h2>\n<p>El 9 de octubre, China impuso restricciones a la exportaci\u00f3n de tierras raras y materiales para bater\u00edas. Los gobiernos y analistas occidentales consideran el aumento de las restricciones como parte de la respuesta de China a los aranceles comerciales impuestos por Estados Unidos.<\/p>\n<p>\u00abEuropa tiene un plan\u00bb, resumi\u00f3 Von der Leyen, que cit\u00f3 los nuevos acuerdos logrados con el Mercosur, M\u00e9xico, Indonesia, y Suiza. \u00abEstamos avanzando con Filipinas, Tailandia, Malasia, los Emiratos \u00c1rabes Unidos y m\u00e1s. Estos nuevos partenariados abren mercados crecientes, refuerzan la seguridad econ\u00f3mica y evitan puntos de ahogo en nuestras cadenas de suministro\u00bb, afirm\u00f3. \u00abEuropa debe usar su peso geoecon\u00f3mico a su favor y perseguir sus propios intereses\u00bb, se\u00f1al\u00f3 Von der Leyen antes de concluir su discurso.<\/p>\n<p>El bloque tambi\u00e9n se centrar\u00e1 en la producci\u00f3n y el posprocesamiento de materias primas cr\u00edticas y en forjar alianzas en materia de materias primas cr\u00edticas con pa\u00edses como Ucrania, Australia, Canad\u00e1, Kazajist\u00e1n, Uzbekist\u00e1n, Chile y Groenlandia, a\u00f1adi\u00f3.<\/p>\n<p>lgc (efe, afp, reuters)<\/p>\n<\/div>\n\n","protected":false},"excerpt":{"rendered":"<p>La presidenta de la Comisi\u00f3n Europea, Ursula von der Leyen, anunci\u00f3 este s\u00e1bado (25.10.2025) que trabaja en un plan para facilitar el acceso de las industrias europeas a materias primas cr\u00edticas, en un contexto marcado por las restricciones a las tierras raras chinas y los aranceles estadounidenses. \u00abPuedo anunciar hoy que estamos trabajando en un &hellip;<\/p>\n","protected":false},"author":1,"featured_media":47209,"comment_status":"open","ping_status":"open","sticky":false,"template":"","format":"standard","meta":{"fifu_image_url":"https:\/\/static.dw.com\/image\/74496226_6.jpg","fifu_image_alt":"","footnotes":""},"categories":[13],"tags":[],"class_list":["post-47208","post","type-post","status-publish","format-standard","has-post-thumbnail","","category-mundo"],"_links":{"self":[{"href":"https:\/\/noticiasveraces.com\/index.php?rest_route=\/wp\/v2\/posts\/47208","targetHints":{"allow":["GET"]}}],"collection":[{"href":"https:\/\/noticiasveraces.com\/index.php?rest_route=\/wp\/v2\/posts"}],"about":[{"href":"https:\/\/noticiasveraces.com\/index.php?rest_route=\/wp\/v2\/types\/post"}],"author":[{"embeddable":true,"href":"https:\/\/noticiasveraces.com\/index.php?rest_route=\/wp\/v2\/users\/1"}],"replies":[{"embeddable":true,"href":"https:\/\/noticiasveraces.com\/index.php?rest_route=%2Fwp%2Fv2%2Fcomments&post=47208"}],"version-history":[{"count":0,"href":"https:\/\/noticiasveraces.com\/index.php?rest_route=\/wp\/v2\/posts\/47208\/revisions"}],"wp:featuredmedia":[{"embeddable":true,"href":"https:\/\/noticiasveraces.com\/index.php?rest_route=\/wp\/v2\/media\/47209"}],"wp:attachment":[{"href":"https:\/\/noticiasveraces.com\/index.php?rest_route=%2Fwp%2Fv2%2Fmedia&parent=47208"}],"wp:term":[{"taxonomy":"category","embeddable":true,"href":"https:\/\/noticiasveraces.com\/index.php?rest_route=%2Fwp%2Fv2%2Fcategories&post=47208"},{"taxonomy":"post_tag","embeddable":true,"href":"https:\/\/noticiasveraces.com\/index.php?rest_route=%2Fwp%2Fv2%2Ftags&post=47208"}],"curies":[{"name":"wp","href":"https:\/\/api.w.org\/{rel}","templated":true}]}}