{"id":47180,"date":"2025-10-25T08:31:35","date_gmt":"2025-10-25T12:31:35","guid":{"rendered":"https:\/\/noticiasveraces.com\/?p=47180"},"modified":"2025-10-25T08:31:35","modified_gmt":"2025-10-25T12:31:35","slug":"estudiantes-de-la-ucv-agradecieron-al-vaticano-por-la-canonizacion-de-los-primeros-santos-venezolanos","status":"publish","type":"post","link":"https:\/\/noticiasveraces.com\/?p=47180","title":{"rendered":"Estudiantes de la UCV agradecieron al Vaticano por la canonizaci\u00f3n de los primeros santos venezolanos"},"content":{"rendered":"<p> \n<\/p>\n<div>\n<p>Dirigentes estudiantiles de la <strong>Universidad Central de Venezuela (UCV)<\/strong>la principal del pa\u00eds, agradecieron este viernes 24 de octubre al Vaticano por las canonizaciones del m\u00e9dico<strong> Jos\u00e9 Gregorio Hern\u00e1ndez y la religiosa Carmen Rendiles<\/strong>los primeros santos venezolanos, e invitaron a una misa de celebraci\u00f3n este s\u00e1bado dentro de la instituci\u00f3n.<\/p>\n<p>La Federaci\u00f3n de Centros Universitarios (FCU) de la UCV indic\u00f3 que la eucarist\u00eda se llevar\u00e1 a cabo en la <strong>plaza del Rectorad<\/strong>o, donde se\u00f1al\u00f3 que pueden reunirse alrededor de 5.000 personas, por lo que prev\u00e9 sea <strong>\u201cun espacio de reencuentro\u201d<\/strong> para celebrar la llegada a los altares de ambos venezolanos, en especial la de Hern\u00e1ndez, al ser tambi\u00e9n el primer <strong>\u201csanto ucevista\u201d<\/strong>.<\/p>\n<p>El conocido popularmente como <strong>\u201cm\u00e9dico de los pobres<strong>\u00ab<\/strong><\/strong>  se gradu\u00f3 de m\u00e9dico en la UCV en 1888.<\/p>\n<figure class=\"wp-block-image size-full\"><picture fetchpriority=\"high\" decoding=\"async\" class=\"wp-image-791313\"><source type=\"image\/webp\" sizes=\"(max-width: 1600px) 100vw, 1600px\" nitro-lazy-srcset=\"https:\/\/eldiario.com\/nitropack_static\/DWpklAePbJBFiBKvuTtiGMLbtJlHUqWt\/assets\/images\/optimized\/rev-4610e21\/eldiario.com\/wp-content\/uploads\/2025\/05\/DSC09599.jpg.webp 1600w, https:\/\/eldiario.com\/nitropack_static\/DWpklAePbJBFiBKvuTtiGMLbtJlHUqWt\/assets\/images\/optimized\/rev-4610e21\/eldiario.com\/wp-content\/uploads\/2025\/05\/DSC09599-300x200.jpg.webp 300w, https:\/\/eldiario.com\/nitropack_static\/DWpklAePbJBFiBKvuTtiGMLbtJlHUqWt\/assets\/images\/optimized\/rev-4610e21\/eldiario.com\/wp-content\/uploads\/2025\/05\/DSC09599-1200x800.jpg.webp 1200w, https:\/\/eldiario.com\/nitropack_static\/DWpklAePbJBFiBKvuTtiGMLbtJlHUqWt\/assets\/images\/optimized\/rev-4610e21\/eldiario.com\/wp-content\/uploads\/2025\/05\/DSC09599-768x512.jpg.webp 768w, https:\/\/eldiario.com\/nitropack_static\/DWpklAePbJBFiBKvuTtiGMLbtJlHUqWt\/assets\/images\/optimized\/rev-4610e21\/eldiario.com\/wp-content\/uploads\/2025\/05\/DSC09599-1536x1024.jpg.webp 1536w, https:\/\/eldiario.com\/nitropack_static\/DWpklAePbJBFiBKvuTtiGMLbtJlHUqWt\/assets\/images\/optimized\/rev-4610e21\/eldiario.com\/wp-content\/uploads\/2025\/05\/DSC09599-330x220.jpg.webp 330w, https:\/\/eldiario.com\/nitropack_static\/DWpklAePbJBFiBKvuTtiGMLbtJlHUqWt\/assets\/images\/optimized\/rev-4610e21\/eldiario.com\/wp-content\/uploads\/2025\/05\/DSC09599-420x280.jpg.webp 420w, https:\/\/eldiario.com\/nitropack_static\/DWpklAePbJBFiBKvuTtiGMLbtJlHUqWt\/assets\/images\/optimized\/rev-4610e21\/eldiario.com\/wp-content\/uploads\/2025\/05\/DSC09599-615x410.jpg.webp 615w, https:\/\/eldiario.com\/nitropack_static\/DWpklAePbJBFiBKvuTtiGMLbtJlHUqWt\/assets\/images\/optimized\/rev-4610e21\/eldiario.com\/wp-content\/uploads\/2025\/05\/DSC09599-860x574.jpg.webp 860w, https:\/\/eldiario.com\/nitropack_static\/DWpklAePbJBFiBKvuTtiGMLbtJlHUqWt\/assets\/images\/optimized\/rev-4610e21\/eldiario.com\/wp-content\/uploads\/2025\/05\/DSC09599-150x100.jpg.webp 150w\" nitro-lazy-empty=\"\" id=\"ODAyOjg3NQ==-1\" srcset=\"data:image\/svg+xml;nitro-empty-id=ODAyOjg3NQ==-1;base64,PHN2ZyB2aWV3Qm94PSIwIDAgMTYwMCAxMDY3IiB3aWR0aD0iMTYwMCIgaGVpZ2h0PSIxMDY3IiB4bWxucz0iaHR0cDovL3d3dy53My5vcmcvMjAwMC9zdmciPjwvc3ZnPg==\"\/><img fetchpriority=\"high\" width=\"1600\" height=\"1067\" alt=\"La UCV ser\u00e1 sede del Encuentro Nacional de J\u00f3venes &quot;Sin Fronteras&quot; el\u00a022\u00a0y\u00a023\u00a0de\u00a0mayo\" sizes=\"(max-width: 1600px) 100vw, 1600px\" srcset=\"https:\/\/eldiario.com\/nitropack_static\/DWpklAePbJBFiBKvuTtiGMLbtJlHUqWt\/assets\/images\/optimized\/rev-4610e21\/eldiario.com\/wp-content\/uploads\/2025\/05\/DSC09599.jpg 1600w, https:\/\/eldiario.com\/nitropack_static\/DWpklAePbJBFiBKvuTtiGMLbtJlHUqWt\/assets\/images\/optimized\/rev-4610e21\/eldiario.com\/wp-content\/uploads\/2025\/05\/DSC09599-300x200.jpg 300w, https:\/\/eldiario.com\/nitropack_static\/DWpklAePbJBFiBKvuTtiGMLbtJlHUqWt\/assets\/images\/optimized\/rev-4610e21\/eldiario.com\/wp-content\/uploads\/2025\/05\/DSC09599-1200x800.jpg 1200w, https:\/\/eldiario.com\/nitropack_static\/DWpklAePbJBFiBKvuTtiGMLbtJlHUqWt\/assets\/images\/optimized\/rev-4610e21\/eldiario.com\/wp-content\/uploads\/2025\/05\/DSC09599-768x512.jpg 768w, https:\/\/eldiario.com\/nitropack_static\/DWpklAePbJBFiBKvuTtiGMLbtJlHUqWt\/assets\/images\/optimized\/rev-4610e21\/eldiario.com\/wp-content\/uploads\/2025\/05\/DSC09599-1536x1024.jpg 1536w, https:\/\/eldiario.com\/nitropack_static\/DWpklAePbJBFiBKvuTtiGMLbtJlHUqWt\/assets\/images\/optimized\/rev-4610e21\/eldiario.com\/wp-content\/uploads\/2025\/05\/DSC09599-330x220.jpg 330w, https:\/\/eldiario.com\/nitropack_static\/DWpklAePbJBFiBKvuTtiGMLbtJlHUqWt\/assets\/images\/optimized\/rev-4610e21\/eldiario.com\/wp-content\/uploads\/2025\/05\/DSC09599-420x280.jpg 420w, https:\/\/eldiario.com\/nitropack_static\/DWpklAePbJBFiBKvuTtiGMLbtJlHUqWt\/assets\/images\/optimized\/rev-4610e21\/eldiario.com\/wp-content\/uploads\/2025\/05\/DSC09599-615x410.jpg 615w, https:\/\/eldiario.com\/nitropack_static\/DWpklAePbJBFiBKvuTtiGMLbtJlHUqWt\/assets\/images\/optimized\/rev-4610e21\/eldiario.com\/wp-content\/uploads\/2025\/05\/DSC09599-860x574.jpg 860w, https:\/\/eldiario.com\/nitropack_static\/DWpklAePbJBFiBKvuTtiGMLbtJlHUqWt\/assets\/images\/optimized\/rev-4610e21\/eldiario.com\/wp-content\/uploads\/2025\/05\/DSC09599-150x100.jpg 150w\" src=\"https:\/\/eldiario.com\/nitropack_static\/DWpklAePbJBFiBKvuTtiGMLbtJlHUqWt\/assets\/images\/optimized\/rev-4610e21\/eldiario.com\/wp-content\/uploads\/2025\/05\/DSC09599.jpg\" class=\"nitro-lazy\" decoding=\"async\" nitro-lazy-empty=\"\" id=\"ODAzOjEwNDU=-1\"\/> <\/picture><figcaption class=\"wp-element-caption\">Instalaciones de la UCV en Caracas | Foto: El Diario<\/figcaption><\/figure>\n<p>Durante una conferencia de prensa, la FCU hizo un llamado a los venezolanos que asistir\u00e1n a <strong>\u201cpedir por la paz y la democracia\u201d<\/strong> del pa\u00eds, y dijo que ser\u00e1 tambi\u00e9n una ocasi\u00f3n para <strong>\u201corar por la liberaci\u00f3n de los presos pol\u00edticos\u201d<\/strong>.<\/p>\n<p>El secretario de Relaciones Internacionales de la FCU, Miguelangel Borsegui, expres\u00f3 un agradecimiento al Vaticano por canonizar, el pasado domingo, a Hern\u00e1ndez, de quien destac\u00f3 su <strong>\u201clabor intachable dentro de la Facultad de Medicina en su momento\u201d<\/strong>y a Rendiles, que -se\u00f1al\u00f3- <strong>\u201cejerci\u00f3 durante muchos a\u00f1os\u201d<\/strong> la educaci\u00f3n.<\/p>\n<p>\u201cSin duda alguna esperamos que esta fiesta de santidad pueda servir no solamente de puente para hacer de la oraci\u00f3n un ejercicio sano de la devoci\u00f3n por estos dos santos, sino tambi\u00e9n un ejercicio para orar por<strong> la liberaci\u00f3n de los presos pol\u00edticos<\/strong>\u201d, expres\u00f3.<\/p>\n<h2 class=\"wp-block-heading\" id=\"h-misa-en-honor-a-los-santos-venezolanos\"><strong>Misa en honor a los santos venezolanos <\/strong><\/h2>\n<p>El presidente de la federaci\u00f3n, Miguelangel Su\u00e1rez, afirm\u00f3 que este 25 de octubre la universidad <strong>\u201cabre las puertas a todos los venezolanos con j\u00fabilo para celebrar\u201d<\/strong> a ambos santos.<\/p>\n<p>Adem\u00e1s, el l\u00edder estudiantil inst\u00f3 a <strong>\u201clos que hoy est\u00e1n en el poder\u201d<\/strong> a que <strong>\u201crecuerden que la universidad es un pilar fundamental\u201d<\/strong> y que <strong>\u201ctienen un compromiso con los m\u00e1s desprovistos, siguiendo la vida y obra del doctor Jos\u00e9 Gregorio Hern\u00e1ndez y la madre Carmen Rendiles\u201d<\/strong>.<\/p>\n<figure class=\"wp-block-image size-full\"><img loading=\"lazy\" width=\"1600\" height=\"1067\" alt=\"Jos\u00e9 Gregorio \" sizes=\"auto, (max-width: 1600px) 100vw, 1600px\" srcset=\"https:\/\/eldiario.com\/nitropack_static\/DWpklAePbJBFiBKvuTtiGMLbtJlHUqWt\/assets\/images\/optimized\/rev-4610e21\/eldiario.com\/wp-content\/uploads\/2025\/10\/4fe4b182aaadf02b881c509de359154072bc9900.jpg 1600w, https:\/\/eldiario.com\/nitropack_static\/DWpklAePbJBFiBKvuTtiGMLbtJlHUqWt\/assets\/images\/optimized\/rev-4610e21\/eldiario.com\/wp-content\/uploads\/2025\/10\/4fe4b182aaadf02b881c509de359154072bc9900-300x200.jpg 300w, https:\/\/eldiario.com\/nitropack_static\/DWpklAePbJBFiBKvuTtiGMLbtJlHUqWt\/assets\/images\/optimized\/rev-4610e21\/eldiario.com\/wp-content\/uploads\/2025\/10\/4fe4b182aaadf02b881c509de359154072bc9900-1200x800.jpg 1200w, https:\/\/eldiario.com\/nitropack_static\/DWpklAePbJBFiBKvuTtiGMLbtJlHUqWt\/assets\/images\/optimized\/rev-4610e21\/eldiario.com\/wp-content\/uploads\/2025\/10\/4fe4b182aaadf02b881c509de359154072bc9900-768x512.jpg 768w, https:\/\/eldiario.com\/nitropack_static\/DWpklAePbJBFiBKvuTtiGMLbtJlHUqWt\/assets\/images\/optimized\/rev-4610e21\/eldiario.com\/wp-content\/uploads\/2025\/10\/4fe4b182aaadf02b881c509de359154072bc9900-1536x1024.jpg 1536w, https:\/\/eldiario.com\/nitropack_static\/DWpklAePbJBFiBKvuTtiGMLbtJlHUqWt\/assets\/images\/optimized\/rev-4610e21\/eldiario.com\/wp-content\/uploads\/2025\/10\/4fe4b182aaadf02b881c509de359154072bc9900-330x220.jpg 330w, https:\/\/eldiario.com\/nitropack_static\/DWpklAePbJBFiBKvuTtiGMLbtJlHUqWt\/assets\/images\/optimized\/rev-4610e21\/eldiario.com\/wp-content\/uploads\/2025\/10\/4fe4b182aaadf02b881c509de359154072bc9900-420x280.jpg 420w, https:\/\/eldiario.com\/nitropack_static\/DWpklAePbJBFiBKvuTtiGMLbtJlHUqWt\/assets\/images\/optimized\/rev-4610e21\/eldiario.com\/wp-content\/uploads\/2025\/10\/4fe4b182aaadf02b881c509de359154072bc9900-615x410.jpg 615w, https:\/\/eldiario.com\/nitropack_static\/DWpklAePbJBFiBKvuTtiGMLbtJlHUqWt\/assets\/images\/optimized\/rev-4610e21\/eldiario.com\/wp-content\/uploads\/2025\/10\/4fe4b182aaadf02b881c509de359154072bc9900-860x574.jpg 860w, https:\/\/eldiario.com\/nitropack_static\/DWpklAePbJBFiBKvuTtiGMLbtJlHUqWt\/assets\/images\/optimized\/rev-4610e21\/eldiario.com\/wp-content\/uploads\/2025\/10\/4fe4b182aaadf02b881c509de359154072bc9900-150x100.jpg 150w\" src=\"https:\/\/eldiario.com\/nitropack_static\/DWpklAePbJBFiBKvuTtiGMLbtJlHUqWt\/assets\/images\/optimized\/rev-4610e21\/eldiario.com\/wp-content\/uploads\/2025\/10\/4fe4b182aaadf02b881c509de359154072bc9900.jpg\" class=\"wp-image-823020 nitro-lazy\" decoding=\"async\" nitro-lazy-empty=\"\" id=\"ODM1OjEzNTU=-1\"\/><figcaption class=\"wp-element-caption\">Fotograf\u00eda que muestra una imagen de Jos\u00e9 Gregorio Hern\u00e1ndez | Foto: EFE\/ Ronald Pe\u00f1a R<\/figcaption><\/figure>\n<p>La canonizaci\u00f3n de ambos venezolanos ha sido motivo de gran alegr\u00eda en el pa\u00eds en medio de una prolongada crisis pol\u00edtica y, seg\u00fan el gobierno de Nicol\u00e1s Maduro, de una <strong>\u201camenaza militar\u201d<\/strong> <strong>por parte de Estados Unidos<\/strong>que mantiene un despliegue naval en el mar Caribe cerca de las aguas de la naci\u00f3n suramericana.<\/p>\n<p>La Iglesia cat\u00f3lica venezolana tambi\u00e9n convoc\u00f3 para este s\u00e1bado celebraciones en cada parroquia del pa\u00eds a partir de las 10:00 am (hora local), tras suspender, el mi\u00e9rcoles, el festejo masivo en el Estadio Monumental de Caracas programado para este 25 de octubre, luego de recibir m\u00e1s de 80.000 solicitudes de asistencia, cuando se ten\u00eda previsto un aforo de 48.000 personas, seg\u00fan explic\u00f3.<\/p>\n<p><em>Este contenido incluye informaci\u00f3n suministrada por la Agencia EFE. Editado, verificado y contextualizado por el equipo editorial de <\/em><strong><em>El Diario<\/em><\/strong><em>. Conoce nuestra pol\u00edtica sobre el uso de contenidos de EFE <\/em><strong>aqu\u00ed<\/strong>.<\/p>\n<\/p><\/div>\n\n","protected":false},"excerpt":{"rendered":"<p>Dirigentes estudiantiles de la Universidad Central de Venezuela (UCV)la principal del pa\u00eds, agradecieron este viernes 24 de octubre al Vaticano por las canonizaciones del m\u00e9dico Jos\u00e9 Gregorio Hern\u00e1ndez y la religiosa Carmen Rendileslos primeros santos venezolanos, e invitaron a una misa de celebraci\u00f3n este s\u00e1bado dentro de la instituci\u00f3n. La Federaci\u00f3n de Centros Universitarios (FCU) &hellip;<\/p>\n","protected":false},"author":1,"featured_media":47182,"comment_status":"open","ping_status":"open","sticky":false,"template":"","format":"standard","meta":{"fifu_image_url":"https:\/\/eldiario.com\/wp-content\/uploads\/2025\/07\/Universidad-Central-de-Venezuela-UCV-Foto-de-El-Diario.jpg","fifu_image_alt":"","footnotes":""},"categories":[13],"tags":[],"class_list":["post-47180","post","type-post","status-publish","format-standard","has-post-thumbnail","","category-mundo"],"_links":{"self":[{"href":"https:\/\/noticiasveraces.com\/index.php?rest_route=\/wp\/v2\/posts\/47180","targetHints":{"allow":["GET"]}}],"collection":[{"href":"https:\/\/noticiasveraces.com\/index.php?rest_route=\/wp\/v2\/posts"}],"about":[{"href":"https:\/\/noticiasveraces.com\/index.php?rest_route=\/wp\/v2\/types\/post"}],"author":[{"embeddable":true,"href":"https:\/\/noticiasveraces.com\/index.php?rest_route=\/wp\/v2\/users\/1"}],"replies":[{"embeddable":true,"href":"https:\/\/noticiasveraces.com\/index.php?rest_route=%2Fwp%2Fv2%2Fcomments&post=47180"}],"version-history":[{"count":0,"href":"https:\/\/noticiasveraces.com\/index.php?rest_route=\/wp\/v2\/posts\/47180\/revisions"}],"wp:featuredmedia":[{"embeddable":true,"href":"https:\/\/noticiasveraces.com\/index.php?rest_route=\/wp\/v2\/media\/47182"}],"wp:attachment":[{"href":"https:\/\/noticiasveraces.com\/index.php?rest_route=%2Fwp%2Fv2%2Fmedia&parent=47180"}],"wp:term":[{"taxonomy":"category","embeddable":true,"href":"https:\/\/noticiasveraces.com\/index.php?rest_route=%2Fwp%2Fv2%2Fcategories&post=47180"},{"taxonomy":"post_tag","embeddable":true,"href":"https:\/\/noticiasveraces.com\/index.php?rest_route=%2Fwp%2Fv2%2Ftags&post=47180"}],"curies":[{"name":"wp","href":"https:\/\/api.w.org\/{rel}","templated":true}]}}