{"id":47171,"date":"2025-10-25T06:26:11","date_gmt":"2025-10-25T10:26:11","guid":{"rendered":"https:\/\/noticiasveraces.com\/?p=47171"},"modified":"2025-10-25T06:26:11","modified_gmt":"2025-10-25T10:26:11","slug":"observan-unas-extranas-ondas-en-la-corona-solar-predichas-hace-80-anos","status":"publish","type":"post","link":"https:\/\/noticiasveraces.com\/?p=47171","title":{"rendered":"Observan unas extra\u00f1as ondas en la corona solar predichas hace 80 a\u00f1os"},"content":{"rendered":"<p> \n<\/p>\n<div>\n<p>Por primera vez, cient\u00edficos lograron observar directamente un fen\u00f3meno solar predicho hace m\u00e1s de 80 a\u00f1os: las ondas Alfv\u00e9n torsionales. Seg\u00fan los investigadores, estas perturbaciones magn\u00e9ticas en el plasma podr\u00edan explicar la desconcertante diferencia de temperatura en el Sol: mientras el n\u00facleo alcanza unos 5,500 \u00b0C, la corona se dispara hasta millones de grados.<\/p>\n<p>Hannes Alfv\u00e9n propuso en 1942 que ciertas ondas pueden propagarse en un plasma sometido a un campo magn\u00e9tico. Su teor\u00eda describe c\u00f3mo las oscilaciones viajan transversalmente a lo largo de las l\u00edneas del campo, transfieren energ\u00eda entre regiones y hacen que esas l\u00edneas \u201cvibren\u201d.<\/p>\n<p>Para simplificar el concepto, los f\u00edsicos comparan el mecanismo con una cuerda de guitarra o viol\u00edn. Cuando un dedo golpea la cuerda en su extremo inferior, la energ\u00eda se distribuye por todo el hilo en forma de vibraci\u00f3n. En esta analog\u00eda, la cuerda representa la l\u00ednea del campo magn\u00e9tico, el dedo simboliza cualquier fen\u00f3meno que perturbe el plasma, y la vibraci\u00f3n corresponde a la onda de Alfv\u00e9n.<\/p>\n<hr\/>\n<div class=\"ContentCardEmbedWrapper-kFpFGN dpdjmB content-card-embed content-card-embed--stacked\" data-testid=\"ContentCardEmbedWrapper\">\n<div class=\"ContentCardEmbedImage-iBIXcR jiOHKG content-card-embed__image\" data-testid=\"ContentCardEmbedImage\"><span class=\"SpanWrapper-zEXFr koTknX responsive-asset\"><picture class=\"ResponsiveImagePicture-cGZhnX jwYQWO responsive-image\"><img decoding=\"async\" alt=\"Llamarada solar captada por el telescopio solar Inouye.\" loading=\"lazy\" class=\"ResponsiveImageContainer-eNxvmU cfBbTk responsive-image__image\" srcset=\"https:\/\/media.es.wired.com\/photos\/68acd6ca13c49afc9061ff61\/master\/w_120,c_limit\/bucles%20solares.jpg 120w, https:\/\/media.es.wired.com\/photos\/68acd6ca13c49afc9061ff61\/master\/w_240,c_limit\/bucles%20solares.jpg 240w, https:\/\/media.es.wired.com\/photos\/68acd6ca13c49afc9061ff61\/master\/w_320,c_limit\/bucles%20solares.jpg 320w, https:\/\/media.es.wired.com\/photos\/68acd6ca13c49afc9061ff61\/master\/w_640,c_limit\/bucles%20solares.jpg 640w\" sizes=\"100vw\" src=\"https:\/\/media.es.wired.com\/photos\/68acd6ca13c49afc9061ff61\/master\/w_775%2Cc_limit\/bucles%2520solares.jpg\"\/><\/picture><\/span><\/div>\n<div class=\"ContentCardEmbedInfo-bSBhwc IbulD\">\n<div class=\"BaseWrap-sc-gzmcOU BaseText-eqOrNE ContentCardEmbedHed-kuAbUL deqABF jkWAvF fPZrfS content-card-embed__hed\" data-testid=\"ContentCardEmbedHed\">Esta es la imagen m\u00e1s n\u00edtida en la historia de una llamarada solar clase X<\/div>\n<p>El 8 de agosto de 2024 el Sol expuls\u00f3 una llamarada solar de clase X1.3. El telescopio Inouye del Observatorio Solar Nacional pudo verla con una resoluci\u00f3n sin precedentes.<\/p>\n<\/div>\n<\/div>\n<hr\/>\n<p>Aunque el cient\u00edfico no pensaba espec\u00edficamente en el Sol al formular su teor\u00eda, sus ideas sentaron las bases de la magnetohidrodin\u00e1mica. D\u00e9cadas m\u00e1s tarde, los estudios en este campo permitieron comprender mejor a las estrellas, que son esencialmente esferas gigantes de plasma con campos magn\u00e9ticos.<\/p>\n<p>Gracias a los telescopios solares de alta resoluci\u00f3n, investigadores ya hab\u00edan captado versiones grandes de las ondas Alfv\u00e9n durante erupciones solares. El reciente estudio, publicado en <em>Naturaleza Astronom\u00eda<\/em>muestra la primera evidencia observacional de las perturbaciones en escala peque\u00f1a, sin necesidad de depender de una llamarada solar.<\/p>\n<figure class=\"AssetEmbedWrapper-fkZDUs kHRAYC asset-embed\">\n<div class=\"AssetEmbedAssetContainer-eEeytc eRSvCP asset-embed__asset-container\"><span class=\"SpanWrapper-zEXFr koTknX responsive-asset AssetEmbedResponsiveAsset-cIfZLr fHIkTW asset-embed__responsive-asset\"><picture class=\"ResponsiveImagePicture-cGZhnX jwYQWO AssetEmbedResponsiveAsset-cIfZLr fHIkTW asset-embed__responsive-asset responsive-image\"><img decoding=\"async\" alt=\"ondas alfvn.\" loading=\"lazy\" class=\"ResponsiveImageContainer-eNxvmU cfBbTk responsive-image__image\" srcset=\"https:\/\/media.es.wired.com\/photos\/68fbf99169729451c4332f13\/master\/w_120,c_limit\/Low-Res_Torsional%20Waves%20Figure%20(Full%20Res).jpg 120w, https:\/\/media.es.wired.com\/photos\/68fbf99169729451c4332f13\/master\/w_240,c_limit\/Low-Res_Torsional%20Waves%20Figure%20(Full%20Res).jpg 240w, https:\/\/media.es.wired.com\/photos\/68fbf99169729451c4332f13\/master\/w_320,c_limit\/Low-Res_Torsional%20Waves%20Figure%20(Full%20Res).jpg 320w, https:\/\/media.es.wired.com\/photos\/68fbf99169729451c4332f13\/master\/w_640,c_limit\/Low-Res_Torsional%20Waves%20Figure%20(Full%20Res).jpg 640w, https:\/\/media.es.wired.com\/photos\/68fbf99169729451c4332f13\/master\/w_960,c_limit\/Low-Res_Torsional%20Waves%20Figure%20(Full%20Res).jpg 960w, https:\/\/media.es.wired.com\/photos\/68fbf99169729451c4332f13\/master\/w_1280,c_limit\/Low-Res_Torsional%20Waves%20Figure%20(Full%20Res).jpg 1280w, https:\/\/media.es.wired.com\/photos\/68fbf99169729451c4332f13\/master\/w_1600,c_limit\/Low-Res_Torsional%20Waves%20Figure%20(Full%20Res).jpg 1600w\" sizes=\"100vw\" src=\"https:\/\/media.es.wired.com\/photos\/68fbf99169729451c4332f13\/master\/w_1600%2Cc_limit\/Low-Res_Torsional%2520Waves%2520Figure%2520(Full%2520Res).jpg\"\/><\/picture><\/span><\/div>\n<div class=\"CaptionWrapper-jYrTxZ byeLF caption AssetEmbedCaption-fyuOdR eXMqGf asset-embed__caption\" data-testid=\"caption-wrapper\"><span class=\"BaseWrap-sc-gzmcOU BaseText-eqOrNE CaptionText-brNLzD deqABF imSbFE fGraOh caption__text\"><\/p>\n<p>El espectr\u00f3grafo del telescopio solar y una nueva forma de separar datos y ruido evidenci\u00f3 las torciones en las l\u00edneas de los campos magn\u00e9ticos, producidas por las ondas Alfv\u00e9n.<\/p>\n<p><\/span><span class=\"BaseWrap-sc-gzmcOU BaseText-eqOrNE CaptionCredit-eowWKH deqABF kpqIso gxwcqg caption__credit\">Morton et al. (2025)\/Universidad de Northumbria.<\/span><\/div>\n<\/figure>\n<h2>Una onda que ha esquivado las observaciones durante d\u00e9cadas<\/h2>\n<p>El equipo utiliz\u00f3 el Telescopio Solar Daniel K. Inouye (uno de los m\u00e1s avanzados del mundo), junto con un espectr\u00f3grafo de \u00faltima generaci\u00f3n y nuevas t\u00e9cnicas de an\u00e1lisis computacional para revelar las ondulaciones en los campos magn\u00e9ticos del Sol. Con estos hallazgos, afirman haber concluido una b\u00fasqueda que se extendi\u00f3 durante ocho d\u00e9cadas debido a la incapacidad de medici\u00f3n directa<\/p>\n<p>La corona del Sol supera en m\u00e1s de cien veces la temperatura de su superficie. Se cree que la energ\u00eda derivada de las ondas Alfv\u00e9n calienta la corona hasta alcanzar cerca de un mill\u00f3n de grados. Estas ondas tambi\u00e9n calientan y aceleran el poderoso viento solar que recorre el sistema solar a cientos de miles de kil\u00f3metros por hora. Adem\u00e1s, afectan la atm\u00f3sfera de estrellas y planetas, impactan sus campos magn\u00e9ticos y provocan fen\u00f3menos como las auroras\u201d, explic\u00f3 Richard Morton, autor principal del estudio, en un comunicado de la Universidad de Northumbria en 2019.<\/p>\n<p>Esta observaci\u00f3n directa permitir\u00e1 incorporar informaci\u00f3n exacta sobre las ondas en los modelos de din\u00e1mica solar, en lugar de depender de suposiciones. El logro resulta clave para mejorar la predicci\u00f3n del clima espacial y proteger futuras misiones espaciales.<\/p>\n<\/div>\n\n","protected":false},"excerpt":{"rendered":"<p>Por primera vez, cient\u00edficos lograron observar directamente un fen\u00f3meno solar predicho hace m\u00e1s de 80 a\u00f1os: las ondas Alfv\u00e9n torsionales. Seg\u00fan los investigadores, estas perturbaciones magn\u00e9ticas en el plasma podr\u00edan explicar la desconcertante diferencia de temperatura en el Sol: mientras el n\u00facleo alcanza unos 5,500 \u00b0C, la corona se dispara hasta millones de grados. Hannes &hellip;<\/p>\n","protected":false},"author":1,"featured_media":47173,"comment_status":"open","ping_status":"open","sticky":false,"template":"","format":"standard","meta":{"fifu_image_url":"https:\/\/media.es.wired.com\/photos\/68fbfd91e251183503669274\/16:9\/w_1280,c_limit\/Hinode-X-ray-solar-cycle.jpg","fifu_image_alt":"","footnotes":""},"categories":[2],"tags":[],"class_list":["post-47171","post","type-post","status-publish","format-standard","has-post-thumbnail","","category-tecnologia"],"_links":{"self":[{"href":"https:\/\/noticiasveraces.com\/index.php?rest_route=\/wp\/v2\/posts\/47171","targetHints":{"allow":["GET"]}}],"collection":[{"href":"https:\/\/noticiasveraces.com\/index.php?rest_route=\/wp\/v2\/posts"}],"about":[{"href":"https:\/\/noticiasveraces.com\/index.php?rest_route=\/wp\/v2\/types\/post"}],"author":[{"embeddable":true,"href":"https:\/\/noticiasveraces.com\/index.php?rest_route=\/wp\/v2\/users\/1"}],"replies":[{"embeddable":true,"href":"https:\/\/noticiasveraces.com\/index.php?rest_route=%2Fwp%2Fv2%2Fcomments&post=47171"}],"version-history":[{"count":0,"href":"https:\/\/noticiasveraces.com\/index.php?rest_route=\/wp\/v2\/posts\/47171\/revisions"}],"wp:featuredmedia":[{"embeddable":true,"href":"https:\/\/noticiasveraces.com\/index.php?rest_route=\/wp\/v2\/media\/47173"}],"wp:attachment":[{"href":"https:\/\/noticiasveraces.com\/index.php?rest_route=%2Fwp%2Fv2%2Fmedia&parent=47171"}],"wp:term":[{"taxonomy":"category","embeddable":true,"href":"https:\/\/noticiasveraces.com\/index.php?rest_route=%2Fwp%2Fv2%2Fcategories&post=47171"},{"taxonomy":"post_tag","embeddable":true,"href":"https:\/\/noticiasveraces.com\/index.php?rest_route=%2Fwp%2Fv2%2Ftags&post=47171"}],"curies":[{"name":"wp","href":"https:\/\/api.w.org\/{rel}","templated":true}]}}