{"id":47165,"date":"2025-10-25T04:24:17","date_gmt":"2025-10-25T08:24:17","guid":{"rendered":"https:\/\/noticiasveraces.com\/?p=47165"},"modified":"2025-10-25T04:24:17","modified_gmt":"2025-10-25T08:24:17","slug":"petro-fijo-fecha-para-entregar-firmas-que-impulsen-una-constituyente-en-colombia","status":"publish","type":"post","link":"https:\/\/noticiasveraces.com\/?p=47165","title":{"rendered":"Petro fij\u00f3 fecha para entregar firmas que impulsen una constituyente en Colombia"},"content":{"rendered":"<p> \n<\/p>\n<div>\n<p> <span rel=\"author\" class=\"fn\">con una esp\u00e1tula<\/span><\/p>\n<p> <time class=\"entry-date published updated\" datetime=\"2025-10-24T22:09:08-04:00\">octubre 24 2025, 10:09 pm<\/time> <span class=\"spot-im-replies-count\" data-post-id=\"5819767\"\/><\/p>\n<figure id=\"attachment_5819768\" aria-describedby=\"caption-attachment-5819768\" style=\"width: 640px\" class=\"wp-caption alignnone\"><img fetchpriority=\"high\" decoding=\"async\" onerror=\"this.onerror=null;this.src=\" https:=\"\" class=\"wp-image-5819768\" src=\"https:\/\/sandia.datanubex.uk\/wp-content\/uploads\/2025\/10\/492f0376e2350fd6db8455a31f158e89c7cde728w.jpg\" alt=\"\" width=\"640\" height=\"427\"\/><figcaption id=\"caption-attachment-5819768\" class=\"wp-caption-text\">AME1281. BOGOT\u00c1 (COLOMBIA), 24\/10\/2025.- El presidente de Colombia, Gustavo Petro, habla en la plaza de Bol\u00edvar este viernes, en Bogot\u00e1 (Colombia). EFE\/ Carlos Ortega<\/figcaption><\/figure>\n<\/p>\n<p>El presidente de Colombia, Gustavo Petro, asegur\u00f3 este viernes que entregar\u00e1 al Congreso las firmas para convocar una asamblea constituyente antes de terminar su mandato el 7 de agosto de 2026, y subray\u00f3 que ese proceso \u00abno ser\u00e1 para \u00e9l, sino para el pueblo colombiano\u00bb.<\/p>\n<p>\u00abEse d\u00eda yo mismo, con el comit\u00e9 social, entregar\u00e9 al Congreso de Colombia las firmas y la ley que debe por obligaci\u00f3n ser discutida y que convoca a toda Colombia a la asamblea nacional constituyente\u00bb, dijo Petro durante un discurso en la Plaza de Bol\u00edvar de Bogot\u00e1 frente a miles de ciudadanos.<\/p>\n<p><!-- Begin Mailchimp Signup Form --><\/p>\n<div id=\"mc_embed_signup\">\n<p><label for=\"mce-EMAIL\">  \u00a1\u00danete al club ahora! Suscr\u00edbete al bolet\u00edn m\u00e1s importante de Venezuela <\/label><iframe data-test-id=\"beehiiv-embed\" height=\"52\" frameborder=\"0\" scrolling=\"no\" style=\"margin: 0; border-radius: 0px !important; &#10; background-color: transparent;\" data-src=\"https:\/\/embeds.beehiiv.com\/cdab9503-16ae-4689-ad4f-1408c727a83a?slim=true\" class=\"lazyload\"><\/iframe><\/p>\n<\/div>\n<p><!--End mc_embed_signup 2--><\/p>\n<p>El mandatario precis\u00f3 que entregar\u00e1 las firmas el 20 de julio del pr\u00f3ximo a\u00f1o, cuando pronuncie su \u00faltimo discurso ante el nuevo Congreso, \u00aba unos d\u00edas de ser reemplazado por la persona que el pueblo haya decidido\u00bb.<\/p>\n<p>\u00abQueremos recoger 2 millones y medio de firmas\u00bb, afirm\u00f3 Petro, quien aclar\u00f3, sin dar muchos detalles, que el objetivo de la constituyente no es reformar toda la Constituci\u00f3n, sino \u00abaprobar las normas constitucionales que permitan los derechos y las justicias sociales de Colombia\u00bb.<\/p>\n<p>Petro llam\u00f3 a conformar desde hoy un \u00abcomit\u00e9 nacional de fuerzas sociales\u00bb que organice la recolecci\u00f3n de firmas y voluntarios para respaldar la convocatoria, y afirm\u00f3 que el proceso constituyente debe marcar \u00abuna nueva \u00e9poca de vida en Colombia y no de muerte, una \u00e9poca de paz y democracia\u00bb.<\/p>\n<p>El mandatario public\u00f3 ayer el borrador de un pol\u00e9mico proyecto de ley para convocar a una asamblea constituyente integrada por 71 delegados y compuesta de manera paritaria por hombres y mujeres, seg\u00fan inform\u00f3 el ministro de Justicia, Eduardo Montealegre, quien hoy present\u00f3 su renuncia \u00abirrevocable\u00bb.<\/p>\n<p>En caso de que el Congreso apruebe la ley que convoca a los ciudadanos a la constituyente, al menos una tercera parte del censo electoral (unas 13 millones de personas) deber\u00e1 votar \u2018s\u00ed\u2019 para que salga adelante.<\/p>\n<p>Esta no es la primera vez que Petro propone convocar una asamblea constituyente, medida que ha sido duramente criticada por la oposici\u00f3n y por expertos en derecho constitucional.<\/p>\n<p>Sin embargo, s\u00ed es la primera en que da un paso concreto para materializarla, al anunciar la creaci\u00f3n de un comit\u00e9 y la recolecci\u00f3n de firmas.<\/p>\n<p><strong>EFE<\/strong><\/p>\n<p>  <!-- CONTENT END 2 --><\/div>\n\n","protected":false},"excerpt":{"rendered":"<p>con una esp\u00e1tula octubre 24 2025, 10:09 pm AME1281. BOGOT\u00c1 (COLOMBIA), 24\/10\/2025.- El presidente de Colombia, Gustavo Petro, habla en la plaza de Bol\u00edvar este viernes, en Bogot\u00e1 (Colombia). EFE\/ Carlos Ortega El presidente de Colombia, Gustavo Petro, asegur\u00f3 este viernes que entregar\u00e1 al Congreso las firmas para convocar una asamblea constituyente antes de terminar &hellip;<\/p>\n","protected":false},"author":1,"featured_media":47167,"comment_status":"open","ping_status":"open","sticky":false,"template":"","format":"standard","meta":{"fifu_image_url":"https:\/\/sandia.datanubex.uk\/wp-content\/uploads\/2025\/10\/492f0376e2350fd6db8455a31f158e89c7cde728w.jpg","fifu_image_alt":"","footnotes":""},"categories":[13],"tags":[],"class_list":["post-47165","post","type-post","status-publish","format-standard","has-post-thumbnail","","category-mundo"],"_links":{"self":[{"href":"https:\/\/noticiasveraces.com\/index.php?rest_route=\/wp\/v2\/posts\/47165","targetHints":{"allow":["GET"]}}],"collection":[{"href":"https:\/\/noticiasveraces.com\/index.php?rest_route=\/wp\/v2\/posts"}],"about":[{"href":"https:\/\/noticiasveraces.com\/index.php?rest_route=\/wp\/v2\/types\/post"}],"author":[{"embeddable":true,"href":"https:\/\/noticiasveraces.com\/index.php?rest_route=\/wp\/v2\/users\/1"}],"replies":[{"embeddable":true,"href":"https:\/\/noticiasveraces.com\/index.php?rest_route=%2Fwp%2Fv2%2Fcomments&post=47165"}],"version-history":[{"count":0,"href":"https:\/\/noticiasveraces.com\/index.php?rest_route=\/wp\/v2\/posts\/47165\/revisions"}],"wp:featuredmedia":[{"embeddable":true,"href":"https:\/\/noticiasveraces.com\/index.php?rest_route=\/wp\/v2\/media\/47167"}],"wp:attachment":[{"href":"https:\/\/noticiasveraces.com\/index.php?rest_route=%2Fwp%2Fv2%2Fmedia&parent=47165"}],"wp:term":[{"taxonomy":"category","embeddable":true,"href":"https:\/\/noticiasveraces.com\/index.php?rest_route=%2Fwp%2Fv2%2Fcategories&post=47165"},{"taxonomy":"post_tag","embeddable":true,"href":"https:\/\/noticiasveraces.com\/index.php?rest_route=%2Fwp%2Fv2%2Ftags&post=47165"}],"curies":[{"name":"wp","href":"https:\/\/api.w.org\/{rel}","templated":true}]}}