{"id":47120,"date":"2025-10-24T22:05:11","date_gmt":"2025-10-25T02:05:11","guid":{"rendered":"https:\/\/noticiasveraces.com\/?p=47120"},"modified":"2025-10-24T22:05:11","modified_gmt":"2025-10-25T02:05:11","slug":"13-dias-y-2-000-kilometros-secuestrada-con-sus-hijos-por-su-expareja-me-quiere-matar-espana","status":"publish","type":"post","link":"https:\/\/noticiasveraces.com\/?p=47120","title":{"rendered":"13 d\u00edas y 2.000 kil\u00f3metros secuestrada con sus hijos por su expareja: \u201cMe quiere matar\u201d | Espa\u00f1a"},"content":{"rendered":"<p> \n<\/p>\n<div data-dtm-region=\"articulo_cuerpo\">\n<p class=\"\">Un secuestro que comenz\u00f3 en Francia y en el que la v\u00edctima y sus hijos pasaron 13 d\u00edas viajando en un veh\u00edculo por las carreteras de Espa\u00f1a y Portugal ha terminado con un final esperanzador gracias a que la mujer se las arregl\u00f3 para pedir socorro. La v\u00edctima, de 23 a\u00f1os, aprovech\u00f3 que su expareja se hab\u00eda descuidado para enviar con su propio m\u00f3vil un SOS a una persona de su entorno. \u201cMe quiere matar, avisa a la Polic\u00eda que son los \u00fanicos que me pueden salvar, y borra todo para que \u00e9l no lo vea\u201d, pidi\u00f3. Su secuestrador se enfad\u00f3 tanto al saber que hab\u00eda pedido socorro que termin\u00f3 haciendo a\u00f1icos el m\u00f3vil de la mujer. Sin embargo, el mensaje puso en marcha una maquinaria en la que, gracias a la cooperaci\u00f3n internacional, y a la rapidez de los agentes de la Polic\u00eda, permiti\u00f3 localizar y liberar a la mujer y a sus hijos, de uno y tres a\u00f1os, en M\u00e1laga. La expareja de la v\u00edctima, de 24 a\u00f1os, ha ingresado en prisi\u00f3n provisional. <\/p>\n<p class=\"\">La mujer, de nacionalidad francesa, hab\u00eda puesto una denuncia por malos tratos en su pa\u00eds y ten\u00eda una orden de alejamiento. Como su expareja, tambi\u00e9n franc\u00e9s, hab\u00eda amenazado con llevarse a los ni\u00f1os al extranjero, hab\u00eda tomado la determinaci\u00f3n de no separase de los peque\u00f1os. Sin embargo, accedi\u00f3 a que el padre los viera el pasado 3 de octubre. Los llev\u00f3 a verle en el coche del padre, que ella utilizaba normalmente. No sab\u00eda que la iba a retener y a obligarla a salir de viaje, se\u00f1alan fuentes policiales.<\/p>\n<p class=\"\">Durante los d\u00edas que pas\u00f3 retenida, la mujer condujo el coche durante m\u00e1s de 2.000 kil\u00f3metros a punta de cuchillo, seg\u00fan ha informado este viernes la Polic\u00eda Nacional. Tambi\u00e9n sufri\u00f3 agresiones sexuales y f\u00edsicas en numerosas ocasiones en presencia de sus hijos. De hecho, uno de los menores se\u00f1al\u00f3 a los agentes una peque\u00f1a brecha que ten\u00eda la mujer en la cabeza y les dijo que se lo hab\u00eda hecho su padre. Los investigadores creen que el secuestrador, que ten\u00eda a su nombre dos \u00f3rdenes de detenci\u00f3n y entrega, una por quebrantamiento de orden de alejamiento y otra por detenci\u00f3n ilegal, ten\u00eda la intenci\u00f3n de cruzar la frontera y llevarlos a Argelia. <\/p>\n<p class=\"\">Los agentes de la Polic\u00eda Nacional comenzaron a investigar el caso despu\u00e9s de que las autoridades francesas pidieran colaboraci\u00f3n para localizar a la mujer y a los ni\u00f1os. El hombre hab\u00eda reaccionado violentamente cuando supo que hab\u00eda pedido ayuda, y los investigadores creen que, precisamente por esto, la mujer no volvi\u00f3 a intentar que alguien la socorriera durante el tiempo que permaneci\u00f3 retenida. <\/p>\n<p class=\"\">En esos 13 d\u00edas viajaron por carretera \u201cde forma err\u00e1tica\u201d. Por el trayecto que siguieron, pasaron por Catalu\u00f1a, Badajoz, e hicieron alguna incursi\u00f3n en Portugal, el secuestrador parec\u00eda buscar una v\u00eda para salir del pa\u00eds. \u201cSab\u00eda que estaba acorralado\u201d, incide una de las agentes que particip\u00f3 en esta investigaci\u00f3n. Precisamente por esta desesperaci\u00f3n, que conocen bien los agentes especializados en investigar y proteger a v\u00edctimas de violencia de g\u00e9nero, deb\u00edan actuar a toda velocidad y con gran discreci\u00f3n. Conforme pasaban los d\u00edas, el riesgo al que se enfrentaban la mujer y los ni\u00f1os iba creciendo. <\/p>\n<p class=\"\">La joven se vio obligada a conducir \u201csin apenas descansar\u201d y fue sometida a agresiones f\u00edsicas y sexuales. Seg\u00fan la informaci\u00f3n policial, no les permiti\u00f3 asearse ni cambiarse de ropa y su alimentaci\u00f3n fue muy deficiente durante este tiempo.<\/p>\n<figure class=\"a_m a_m-v \"><span class=\"_db a_m_w\"><img decoding=\"auto\" class=\"_re lazyload a_m-v\" height=\"569\" srcset=\"https:\/\/imagenes.elpais.com\/resizer\/v2\/YL2HG36XVBE5PIG3KODJQY5GME.jpeg?auth=9821ac07d6bb59b00266933344c01627c207ea029c410fc2e6ef1056ae5a78f4&amp;width=414 414w,https:\/\/imagenes.elpais.com\/resizer\/v2\/YL2HG36XVBE5PIG3KODJQY5GME.jpeg?auth=9821ac07d6bb59b00266933344c01627c207ea029c410fc2e6ef1056ae5a78f4&amp;width=828 640w,https:\/\/imagenes.elpais.com\/resizer\/v2\/YL2HG36XVBE5PIG3KODJQY5GME.jpeg?auth=9821ac07d6bb59b00266933344c01627c207ea029c410fc2e6ef1056ae5a78f4&amp;width=980 1000w,https:\/\/imagenes.elpais.com\/resizer\/v2\/YL2HG36XVBE5PIG3KODJQY5GME.jpeg?auth=9821ac07d6bb59b00266933344c01627c207ea029c410fc2e6ef1056ae5a78f4&amp;width=1960 1960w\" width=\"414\" sizes=\"auto, (min-width:1199px) 1155px,(min-width:1001px) calc(100vw - 44px),(min-width:768px) 767px, 100vw\" src=\"https:\/\/imagenes.elpais.com\/resizer\/v2\/YL2HG36XVBE5PIG3KODJQY5GME.jpeg?auth=9821ac07d6bb59b00266933344c01627c207ea029c410fc2e6ef1056ae5a78f4&amp;width=414\" loading=\"lazy\"\/><\/span><figcaption class=\"a_m_p\" aria-hidden=\"true\"><span>Estado en el que qued\u00f3 el m\u00f3vil de la mujer secuestrada en Francia y liberada por la Polic\u00eda en M\u00e1laga<\/span><span class=\"a_m_m\">Polic\u00eda Nacional<\/span><\/figcaption><\/figure>\n<p class=\"\">Los investigadores espa\u00f1oles comprobaron que tanto la mujer como los ni\u00f1os pod\u00edan encontrarse viajando por Espa\u00f1a. Tras un dispositivo de b\u00fasqueda \u201cde gran intensidad\u201d dieron con el coche en M\u00e1laga la tarde noche del pasado 16 de octubre, en una calle del paseo mar\u00edtimo, cercana al Puerto de la ciudad. \u201cNo se ve\u00eda lo que hab\u00eda dentro, ten\u00eda las ventanas tapadas\u201d, ha explicado este viernes la polic\u00eda Mar\u00eda Fern\u00e1ndez, miembro de la Unidad Central de Atenci\u00f3n a la Familia y Mujer (UFAM) de la Polic\u00eda Nacional. Esperaron un tiempo, hasta que vieron llegar al secuestrador, que entr\u00f3 por el lado del copiloto. Entonces comenz\u00f3 un seguimiento discreto, hasta que encontraron un lugar seguro para interceptarlos. Le dieron el alto en un sem\u00e1foro. <\/p>\n<p class=\"\">El interior del coche, blanco y de tama\u00f1o peque\u00f1o, estaba muy sucio. Los ni\u00f1os y la mujer conviv\u00edan con restos de comida, diferentes envases vac\u00edos y botellas de pl\u00e1stico. Los agentes les llevaron a un centro m\u00e9dico para que los examinaran, ya que ten\u00edan signos de desnutrici\u00f3n y deshidrataci\u00f3n. Y durante el registro del veh\u00edculo, encontraron el cuchillo con el que la estuvo amenazando para que condujera durante el viaje y el tel\u00e9fono m\u00f3vil de la mujer completamente destrozado.<\/p>\n<p class=\"\">La v\u00edctima, a la que se puede ver de espaldas en una imagen policial, vestida con un top negro y un pantal\u00f3n corto gris, entr\u00f3 en estado de <i>choque<\/i> y apenas pod\u00eda comunicarse con los agentes. Solo hablaba franc\u00e9s y un poco de ingl\u00e9s, pero poco a poco, con la ayuda de un int\u00e9rprete, y una vez que comenz\u00f3 a sentirse segura, les cont\u00f3 lo que hab\u00eda vivido esos d\u00edas. Sus hijos, muy peque\u00f1os, recibieron los cuidados que hab\u00edan dejado de recibir durante esos d\u00edas y, una vez aseados y alimentados, retomaron los juegos y empezaron a relacionarse de forma amistosa con los agentes.<\/p>\n<p class=\"\">El arrestado ingres\u00f3 en prisi\u00f3n provisional por orden de un juzgado de M\u00e1laga de forma inmediata. Est\u00e1 investigado por m\u00e1s de media docena de delitos, entre ellos intento de homicidio, agresi\u00f3n sexual agravada y continuada, detenci\u00f3n ilegal, malos tratos en el \u00e1mbito de g\u00e9nero y dom\u00e9stico o delitos contra la intimidad y de da\u00f1os. <\/p>\n<p class=\"\">La investigaci\u00f3n, dirigida por la Unidad Central de Atenci\u00f3n a la Familia y Mujer, ha contado con la colaboraci\u00f3n de la UFAM de M\u00e1laga. Este viernes, algunos de los agentes que han participado en esta investigaci\u00f3n han relatado en Madrid ante los medios parte de esta actuaci\u00f3n. Fue tal la alegr\u00eda que sintieron cuando vieron que hab\u00edan podido liberar a la mujer y a los peque\u00f1os que uno de ellos le dijo a sus compa\u00f1eros: \u201cEste es el mejor trabajo del mundo\u201d. D\u00edas despu\u00e9s de la liberaci\u00f3n de la mujer han vuelvo a recibir mensajes de agradecimiento y gratitud por haberla sacado del coche viva junto a sus hijos.<\/p>\n<p class=\"\"><i>El tel\u00e9fono 016 atiende a las v\u00edctimas de violencia machista, a sus familias y a su entorno las 24 horas del d\u00eda, todos los d\u00edas del a\u00f1o, en 53 idiomas diferentes. El n\u00famero no queda registrado en la factura telef\u00f3nica, pero hay que borrar la llamada del dispositivo. Tambi\u00e9n se puede contactar a trav\u00e9s del correo electr\u00f3nico <\/i><i>016-online@igualdad.gob.es<\/i><i>  y por WhatsApp en el n\u00famero 600 000 016. Los menores pueden dirigirse al tel\u00e9fono de la Fundaci\u00f3n ANAR 900 20 20 10. Si es una situaci\u00f3n de emergencia, se puede llamar al 112 o a los tel\u00e9fonos de la Polic\u00eda Nacional (091) y de la Guardia Civil (062). Y en caso de no poder llamar, se puede recurrir a la aplicaci\u00f3n ALERTCOPS, desde la que se env\u00eda una se\u00f1al de alerta a la Polic\u00eda con geolocalizaci\u00f3n.<\/i><\/p>\n<\/div>\n\n","protected":false},"excerpt":{"rendered":"<p>Un secuestro que comenz\u00f3 en Francia y en el que la v\u00edctima y sus hijos pasaron 13 d\u00edas viajando en un veh\u00edculo por las carreteras de Espa\u00f1a y Portugal ha terminado con un final esperanzador gracias a que la mujer se las arregl\u00f3 para pedir socorro. La v\u00edctima, de 23 a\u00f1os, aprovech\u00f3 que su expareja &hellip;<\/p>\n","protected":false},"author":1,"featured_media":47121,"comment_status":"open","ping_status":"open","sticky":false,"template":"","format":"standard","meta":{"fifu_image_url":"https:\/\/imagenes.elpais.com\/resizer\/v2\/5BR5HHWIFRCNROPFUEEMZUCVS4.jpeg?auth=7886f00669c7b1ced3b0992b3fa1c1e1a2092e4c3eb41bd5d6ff5b21299c71cd&width=1200","fifu_image_alt":"","footnotes":""},"categories":[11],"tags":[],"class_list":["post-47120","post","type-post","status-publish","format-standard","has-post-thumbnail","","category-viaje"],"_links":{"self":[{"href":"https:\/\/noticiasveraces.com\/index.php?rest_route=\/wp\/v2\/posts\/47120","targetHints":{"allow":["GET"]}}],"collection":[{"href":"https:\/\/noticiasveraces.com\/index.php?rest_route=\/wp\/v2\/posts"}],"about":[{"href":"https:\/\/noticiasveraces.com\/index.php?rest_route=\/wp\/v2\/types\/post"}],"author":[{"embeddable":true,"href":"https:\/\/noticiasveraces.com\/index.php?rest_route=\/wp\/v2\/users\/1"}],"replies":[{"embeddable":true,"href":"https:\/\/noticiasveraces.com\/index.php?rest_route=%2Fwp%2Fv2%2Fcomments&post=47120"}],"version-history":[{"count":0,"href":"https:\/\/noticiasveraces.com\/index.php?rest_route=\/wp\/v2\/posts\/47120\/revisions"}],"wp:featuredmedia":[{"embeddable":true,"href":"https:\/\/noticiasveraces.com\/index.php?rest_route=\/wp\/v2\/media\/47121"}],"wp:attachment":[{"href":"https:\/\/noticiasveraces.com\/index.php?rest_route=%2Fwp%2Fv2%2Fmedia&parent=47120"}],"wp:term":[{"taxonomy":"category","embeddable":true,"href":"https:\/\/noticiasveraces.com\/index.php?rest_route=%2Fwp%2Fv2%2Fcategories&post=47120"},{"taxonomy":"post_tag","embeddable":true,"href":"https:\/\/noticiasveraces.com\/index.php?rest_route=%2Fwp%2Fv2%2Ftags&post=47120"}],"curies":[{"name":"wp","href":"https:\/\/api.w.org\/{rel}","templated":true}]}}