{"id":47111,"date":"2025-10-24T20:10:03","date_gmt":"2025-10-25T00:10:03","guid":{"rendered":"https:\/\/noticiasveraces.com\/?p=47111"},"modified":"2025-10-24T20:10:03","modified_gmt":"2025-10-25T00:10:03","slug":"ocho-colombianos-permanecen-detenidos-en-venezuela","status":"publish","type":"post","link":"https:\/\/noticiasveraces.com\/?p=47111","title":{"rendered":"Ocho colombianos permanecen detenidos en Venezuela"},"content":{"rendered":"<p> \n<\/p>\n<div>\n<p>La organizaci\u00f3n no gubernamental (ONG) Justicia, Encuentro y Perd\u00f3n inform\u00f3 el 24 de octubre que <strong>ocho ciudadanos colombianos permanecen detenidos en Venezuela<\/strong>pese a la excarcelaci\u00f3n de 18 extranjeros.<\/p>\n<div class=\"ruby-table-contents rbtoc table-fw\">\n<ul class=\"toc-content h5\">\n<li>La liberaci\u00f3n de los extranjeros detenidos<\/li>\n<li>Los ciudadanos extranjeros presos en Venezuela<\/li>\n<\/ul>\n<\/div>\n<p>\u201cTras la verificaci\u00f3n realizada este d\u00eda, se confirm\u00f3 la liberaci\u00f3n de 18 personas, de las cuales 13 figuraban en nuestros registros y 5 no hab\u00edan sido previamente identificadas. Pese a estos avances, <strong>8 ciudadanos colombianos contin\u00faan detenidos<\/strong>al no estar incluidos en la lista oficial de liberaciones\u201d, detall\u00f3 la organizaci\u00f3n en una publicaci\u00f3n de X.<\/p>\n<figure class=\"wp-block-image size-large\"><img fetchpriority=\"high\" width=\"1200\" height=\"900\" alt=\"Justicia, Encuentro y Perd\u00f3n inform\u00f3 que ocho colombianos permanecen detenidos en Venezuela\" sizes=\"(max-width: 1200px) 100vw, 1200px\" srcset=\"https:\/\/eldiario.com\/nitropack_static\/DWpklAePbJBFiBKvuTtiGMLbtJlHUqWt\/assets\/images\/optimized\/rev-4610e21\/eldiario.com\/wp-content\/uploads\/2025\/10\/colombianos-presos-venezuela-1200x900.jpg 1200w, https:\/\/eldiario.com\/nitropack_static\/DWpklAePbJBFiBKvuTtiGMLbtJlHUqWt\/assets\/images\/optimized\/rev-4610e21\/eldiario.com\/wp-content\/uploads\/2025\/10\/colombianos-presos-venezuela-300x225.jpg 300w, https:\/\/eldiario.com\/nitropack_static\/DWpklAePbJBFiBKvuTtiGMLbtJlHUqWt\/assets\/images\/optimized\/rev-4610e21\/eldiario.com\/wp-content\/uploads\/2025\/10\/colombianos-presos-venezuela-768x576.jpg 768w, https:\/\/eldiario.com\/nitropack_static\/DWpklAePbJBFiBKvuTtiGMLbtJlHUqWt\/assets\/images\/optimized\/rev-4610e21\/eldiario.com\/wp-content\/uploads\/2025\/10\/colombianos-presos-venezuela-1536x1152.jpg 1536w, https:\/\/eldiario.com\/nitropack_static\/DWpklAePbJBFiBKvuTtiGMLbtJlHUqWt\/assets\/images\/optimized\/rev-4610e21\/eldiario.com\/wp-content\/uploads\/2025\/10\/colombianos-presos-venezuela-860x645.jpg 860w, https:\/\/eldiario.com\/nitropack_static\/DWpklAePbJBFiBKvuTtiGMLbtJlHUqWt\/assets\/images\/optimized\/rev-4610e21\/eldiario.com\/wp-content\/uploads\/2025\/10\/colombianos-presos-venezuela-150x113.jpg 150w, https:\/\/eldiario.com\/nitropack_static\/DWpklAePbJBFiBKvuTtiGMLbtJlHUqWt\/assets\/images\/optimized\/rev-4610e21\/eldiario.com\/wp-content\/uploads\/2025\/10\/colombianos-presos-venezuela.jpg 1600w\" src=\"https:\/\/eldiario.com\/nitropack_static\/DWpklAePbJBFiBKvuTtiGMLbtJlHUqWt\/assets\/images\/optimized\/rev-4610e21\/eldiario.com\/wp-content\/uploads\/2025\/10\/colombianos-presos-venezuela-1200x900.jpg\" class=\"wp-image-824015 nitro-lazy\" decoding=\"async\" nitro-lazy-empty=\"\" id=\"Nzk3OjEwNjU=-1\"\/><\/figure>\n<p>Asimismo, la ONG indic\u00f3 que mantienen <strong>el seguimiento de 17 ciudadanos con doble nacionalidad colombo-venezolana<\/strong>\u201ccuya situaci\u00f3n sigue sin resolverse.\u201d<\/p>\n<p>\u201cReiteramos nuestro llamado a las <strong>autoridades venezolanas y colombianas<\/strong>para que se garantice el respeto de los derechos humanos, el debido proceso y la pronta liberaci\u00f3n de las personas que a\u00fan permanecen privadas de libertad de forma arbitraria\u201d, agreg\u00f3.<\/p>\n<p>El viernes 24 de octubre, la <strong>Canciller\u00eda de Colombia <\/strong>inform\u00f3 que, luego de meses de di\u00e1logo con Venezuela, <strong>fueron liberados<\/strong> por lo menos 17 colombianos que estaban presos en c\u00e1rceles de ese pa\u00eds acusados de varios delitos.<\/p>\n<p>\u201cTras meses de<strong> di\u00e1logo y coordinaci\u00f3n diplom\u00e1tica<\/strong>el Ministerio de Relaciones Exteriores de Colombia, con el liderazgo de la canciller Rosa Yolanda Villavicencio Mapy, logr\u00f3 la liberaci\u00f3n de un primer grupo de 17 colombianos que se encontraban privados de la libertad en distintos centros penitenciarios de Venezuela\u201d, notific\u00f3 la Canciller\u00eda en un comunicado.<\/p>\n<p>Asimismo, el proceso de liberaci\u00f3n, desarrollado en <strong>estrecha colaboraci\u00f3n con el gobierno venezolano<\/strong>cont\u00f3 con el acompa\u00f1amiento del embajador de Colombia en ese pa\u00eds, <strong>Milton Rengifo Hern\u00e1ndez<\/strong>; el c\u00f3nsul en San Crist\u00f3bal, David Gilberto Haddad Clavijo; el c\u00f3nsul en San Antonio del T\u00e1chira, Jes\u00fas Alberto Grueso Z\u00fa\u00f1iga, y la directora de Migraci\u00f3n Colombia, Gloria Esperanza Arriero L\u00f3pez.<\/p>\n<p>Los funcionarios tambi\u00e9n \u201csupervisaron el procedimiento de <strong>verificaci\u00f3n y liberaci\u00f3n<\/strong> que se llev\u00f3 a cabo en el Municipio de Pedro Mar\u00eda Ure\u00f1a, estado de T\u00e1chira\u201d, detall\u00f3 la informaci\u00f3n de la Canciller\u00eda.<\/p>\n<p>Adem\u00e1s de los 17 colombianos, el presidente del Foro Penal, Alfredo Romero, report\u00f3 en X la liberaci\u00f3n de un ciudadano de nacionalidad ecuatoriana, registrado como preso pol\u00edtico, lo que subir\u00eda la cifra de extranjeros liberados a 18.<\/p>\n<figure class=\"wp-block-image size-large\"><img loading=\"lazy\" width=\"1200\" height=\"900\" alt=\"Justicia, Encuentro y Perd\u00f3n inform\u00f3 que ocho colombianos permanecen detenidos en Venezuela\" sizes=\"auto, (max-width: 1200px) 100vw, 1200px\" srcset=\"https:\/\/eldiario.com\/nitropack_static\/DWpklAePbJBFiBKvuTtiGMLbtJlHUqWt\/assets\/images\/optimized\/rev-4610e21\/eldiario.com\/wp-content\/uploads\/2025\/10\/ecuatoriano-liberado-1200x900.jpg 1200w, https:\/\/eldiario.com\/nitropack_static\/DWpklAePbJBFiBKvuTtiGMLbtJlHUqWt\/assets\/images\/optimized\/rev-4610e21\/eldiario.com\/wp-content\/uploads\/2025\/10\/ecuatoriano-liberado-300x225.jpg 300w, https:\/\/eldiario.com\/nitropack_static\/DWpklAePbJBFiBKvuTtiGMLbtJlHUqWt\/assets\/images\/optimized\/rev-4610e21\/eldiario.com\/wp-content\/uploads\/2025\/10\/ecuatoriano-liberado-768x576.jpg 768w, https:\/\/eldiario.com\/nitropack_static\/DWpklAePbJBFiBKvuTtiGMLbtJlHUqWt\/assets\/images\/optimized\/rev-4610e21\/eldiario.com\/wp-content\/uploads\/2025\/10\/ecuatoriano-liberado-1536x1152.jpg 1536w, https:\/\/eldiario.com\/nitropack_static\/DWpklAePbJBFiBKvuTtiGMLbtJlHUqWt\/assets\/images\/optimized\/rev-4610e21\/eldiario.com\/wp-content\/uploads\/2025\/10\/ecuatoriano-liberado-860x645.jpg 860w, https:\/\/eldiario.com\/nitropack_static\/DWpklAePbJBFiBKvuTtiGMLbtJlHUqWt\/assets\/images\/optimized\/rev-4610e21\/eldiario.com\/wp-content\/uploads\/2025\/10\/ecuatoriano-liberado-150x113.jpg 150w, https:\/\/eldiario.com\/nitropack_static\/DWpklAePbJBFiBKvuTtiGMLbtJlHUqWt\/assets\/images\/optimized\/rev-4610e21\/eldiario.com\/wp-content\/uploads\/2025\/10\/ecuatoriano-liberado.jpg 1600w\" src=\"https:\/\/eldiario.com\/nitropack_static\/DWpklAePbJBFiBKvuTtiGMLbtJlHUqWt\/assets\/images\/optimized\/rev-4610e21\/eldiario.com\/wp-content\/uploads\/2025\/10\/ecuatoriano-liberado-1200x900.jpg\" class=\"wp-image-824013 nitro-lazy\" decoding=\"async\" nitro-lazy-empty=\"\" id=\"ODM1Ojk3NA==-1\"\/><figcaption class=\"wp-element-caption\">Foto: Captura de pantalla<\/figcaption><\/figure>\n<p>El 22 de octubre, el Foro Penal contabiliz\u00f3 <strong>97 presos pol\u00edticos<\/strong> extranjeros o con doble nacionalidad en Venezuela.<\/p>\n<p>Adem\u00e1s de los colombianos detenidos, la ONG report\u00f3 que hay tres espa\u00f1oles, dos alemanes, dos argentinos, dos ecuatorianos, dos franceses, dos neerlandeses, dos peruanos y dos ucranianos, seg\u00fan rese\u00f1\u00f3 la agencia EFE.<\/p>\n<p>El resto proviene de Rep\u00fablica Checa, Cuba, L\u00edbano, Pakist\u00e1n, Guyana, Hungr\u00eda, Italia y Rumania.<\/p>\n<p>Por otro lado, entre los detenidos con doble nacionalidad, hay 13 colombianos, 13 espa\u00f1oles, 6 italianos, 5 portugueses, 1 chileno, 1 chipriota, 1 argentino y 1 h\u00fangaro.<\/p>\n<figure class=\"wp-block-image size-large\"><picture loading=\"lazy\" decoding=\"async\" class=\"wp-image-822443\"><source type=\"image\/webp\" sizes=\"auto, (max-width: 1200px) 100vw, 1200px\" nitro-lazy-srcset=\"https:\/\/eldiario.com\/nitropack_static\/DWpklAePbJBFiBKvuTtiGMLbtJlHUqWt\/assets\/images\/optimized\/rev-4610e21\/eldiario.com\/wp-content\/uploads\/2025\/10\/1f23baa9408e7f951dc3ce742d6a622d49bee20a-1200x800.jpg.webp 1200w, https:\/\/eldiario.com\/nitropack_static\/DWpklAePbJBFiBKvuTtiGMLbtJlHUqWt\/assets\/images\/optimized\/rev-4610e21\/eldiario.com\/wp-content\/uploads\/2025\/10\/1f23baa9408e7f951dc3ce742d6a622d49bee20a-300x200.jpg.webp 300w, https:\/\/eldiario.com\/nitropack_static\/DWpklAePbJBFiBKvuTtiGMLbtJlHUqWt\/assets\/images\/optimized\/rev-4610e21\/eldiario.com\/wp-content\/uploads\/2025\/10\/1f23baa9408e7f951dc3ce742d6a622d49bee20a-768x512.jpg.webp 768w, https:\/\/eldiario.com\/nitropack_static\/DWpklAePbJBFiBKvuTtiGMLbtJlHUqWt\/assets\/images\/optimized\/rev-4610e21\/eldiario.com\/wp-content\/uploads\/2025\/10\/1f23baa9408e7f951dc3ce742d6a622d49bee20a-1536x1024.jpg.webp 1536w, https:\/\/eldiario.com\/nitropack_static\/DWpklAePbJBFiBKvuTtiGMLbtJlHUqWt\/assets\/images\/optimized\/rev-4610e21\/eldiario.com\/wp-content\/uploads\/2025\/10\/1f23baa9408e7f951dc3ce742d6a622d49bee20a-330x220.jpg.webp 330w, https:\/\/eldiario.com\/nitropack_static\/DWpklAePbJBFiBKvuTtiGMLbtJlHUqWt\/assets\/images\/optimized\/rev-4610e21\/eldiario.com\/wp-content\/uploads\/2025\/10\/1f23baa9408e7f951dc3ce742d6a622d49bee20a-420x280.jpg.webp 420w, https:\/\/eldiario.com\/nitropack_static\/DWpklAePbJBFiBKvuTtiGMLbtJlHUqWt\/assets\/images\/optimized\/rev-4610e21\/eldiario.com\/wp-content\/uploads\/2025\/10\/1f23baa9408e7f951dc3ce742d6a622d49bee20a-615x410.jpg.webp 615w, https:\/\/eldiario.com\/nitropack_static\/DWpklAePbJBFiBKvuTtiGMLbtJlHUqWt\/assets\/images\/optimized\/rev-4610e21\/eldiario.com\/wp-content\/uploads\/2025\/10\/1f23baa9408e7f951dc3ce742d6a622d49bee20a-860x574.jpg.webp 860w, https:\/\/eldiario.com\/nitropack_static\/DWpklAePbJBFiBKvuTtiGMLbtJlHUqWt\/assets\/images\/optimized\/rev-4610e21\/eldiario.com\/wp-content\/uploads\/2025\/10\/1f23baa9408e7f951dc3ce742d6a622d49bee20a-150x100.jpg.webp 150w, https:\/\/eldiario.com\/nitropack_static\/DWpklAePbJBFiBKvuTtiGMLbtJlHUqWt\/assets\/images\/optimized\/rev-4610e21\/eldiario.com\/wp-content\/uploads\/2025\/10\/1f23baa9408e7f951dc3ce742d6a622d49bee20a.jpg.webp 1600w\" nitro-lazy-empty=\"\" id=\"ODYwOjEyMDE=-1\" srcset=\"data:image\/svg+xml;nitro-empty-id=ODYwOjEyMDE=-1;base64,PHN2ZyB2aWV3Qm94PSIwIDAgMTIwMCA4MDAiIHdpZHRoPSIxMjAwIiBoZWlnaHQ9IjgwMCIgeG1sbnM9Imh0dHA6Ly93d3cudzMub3JnLzIwMDAvc3ZnIj48L3N2Zz4=\"\/><img loading=\"lazy\" width=\"1200\" height=\"800\" alt=\"Foro Penal pidi\u00f3 al papa Le\u00f3n XIV que intervenga por la liberaci\u00f3n de los presos pol\u00edticos en Venezuela\" sizes=\"auto, (max-width: 1200px) 100vw, 1200px\" srcset=\"https:\/\/eldiario.com\/nitropack_static\/DWpklAePbJBFiBKvuTtiGMLbtJlHUqWt\/assets\/images\/optimized\/rev-4610e21\/eldiario.com\/wp-content\/uploads\/2025\/10\/1f23baa9408e7f951dc3ce742d6a622d49bee20a-1200x800.jpg 1200w, https:\/\/eldiario.com\/nitropack_static\/DWpklAePbJBFiBKvuTtiGMLbtJlHUqWt\/assets\/images\/optimized\/rev-4610e21\/eldiario.com\/wp-content\/uploads\/2025\/10\/1f23baa9408e7f951dc3ce742d6a622d49bee20a-300x200.jpg 300w, https:\/\/eldiario.com\/nitropack_static\/DWpklAePbJBFiBKvuTtiGMLbtJlHUqWt\/assets\/images\/optimized\/rev-4610e21\/eldiario.com\/wp-content\/uploads\/2025\/10\/1f23baa9408e7f951dc3ce742d6a622d49bee20a-768x512.jpg 768w, https:\/\/eldiario.com\/nitropack_static\/DWpklAePbJBFiBKvuTtiGMLbtJlHUqWt\/assets\/images\/optimized\/rev-4610e21\/eldiario.com\/wp-content\/uploads\/2025\/10\/1f23baa9408e7f951dc3ce742d6a622d49bee20a-1536x1024.jpg 1536w, https:\/\/eldiario.com\/nitropack_static\/DWpklAePbJBFiBKvuTtiGMLbtJlHUqWt\/assets\/images\/optimized\/rev-4610e21\/eldiario.com\/wp-content\/uploads\/2025\/10\/1f23baa9408e7f951dc3ce742d6a622d49bee20a-330x220.jpg 330w, https:\/\/eldiario.com\/nitropack_static\/DWpklAePbJBFiBKvuTtiGMLbtJlHUqWt\/assets\/images\/optimized\/rev-4610e21\/eldiario.com\/wp-content\/uploads\/2025\/10\/1f23baa9408e7f951dc3ce742d6a622d49bee20a-420x280.jpg 420w, https:\/\/eldiario.com\/nitropack_static\/DWpklAePbJBFiBKvuTtiGMLbtJlHUqWt\/assets\/images\/optimized\/rev-4610e21\/eldiario.com\/wp-content\/uploads\/2025\/10\/1f23baa9408e7f951dc3ce742d6a622d49bee20a-615x410.jpg 615w, https:\/\/eldiario.com\/nitropack_static\/DWpklAePbJBFiBKvuTtiGMLbtJlHUqWt\/assets\/images\/optimized\/rev-4610e21\/eldiario.com\/wp-content\/uploads\/2025\/10\/1f23baa9408e7f951dc3ce742d6a622d49bee20a-860x574.jpg 860w, https:\/\/eldiario.com\/nitropack_static\/DWpklAePbJBFiBKvuTtiGMLbtJlHUqWt\/assets\/images\/optimized\/rev-4610e21\/eldiario.com\/wp-content\/uploads\/2025\/10\/1f23baa9408e7f951dc3ce742d6a622d49bee20a-150x100.jpg 150w, https:\/\/eldiario.com\/nitropack_static\/DWpklAePbJBFiBKvuTtiGMLbtJlHUqWt\/assets\/images\/optimized\/rev-4610e21\/eldiario.com\/wp-content\/uploads\/2025\/10\/1f23baa9408e7f951dc3ce742d6a622d49bee20a.jpg 1600w\" src=\"https:\/\/eldiario.com\/nitropack_static\/DWpklAePbJBFiBKvuTtiGMLbtJlHUqWt\/assets\/images\/optimized\/rev-4610e21\/eldiario.com\/wp-content\/uploads\/2025\/10\/1f23baa9408e7f951dc3ce742d6a622d49bee20a-1200x800.jpg\" class=\"nitro-lazy\" decoding=\"async\" nitro-lazy-empty=\"\" id=\"ODYxOjE0MTA=-1\"\/> <\/picture><figcaption class=\"wp-element-caption\">Foto: EFE<\/figcaption><\/figure>\n<\/p><\/div>\n\n","protected":false},"excerpt":{"rendered":"<p>La organizaci\u00f3n no gubernamental (ONG) Justicia, Encuentro y Perd\u00f3n inform\u00f3 el 24 de octubre que ocho ciudadanos colombianos permanecen detenidos en Venezuelapese a la excarcelaci\u00f3n de 18 extranjeros. La liberaci\u00f3n de los extranjeros detenidos Los ciudadanos extranjeros presos en Venezuela \u201cTras la verificaci\u00f3n realizada este d\u00eda, se confirm\u00f3 la liberaci\u00f3n de 18 personas, de las &hellip;<\/p>\n","protected":false},"author":1,"featured_media":47113,"comment_status":"open","ping_status":"open","sticky":false,"template":"","format":"standard","meta":{"fifu_image_url":"https:\/\/eldiario.com\/wp-content\/uploads\/2025\/04\/carcel-prision.jpg","fifu_image_alt":"","footnotes":""},"categories":[13],"tags":[],"class_list":["post-47111","post","type-post","status-publish","format-standard","has-post-thumbnail","","category-mundo"],"_links":{"self":[{"href":"https:\/\/noticiasveraces.com\/index.php?rest_route=\/wp\/v2\/posts\/47111","targetHints":{"allow":["GET"]}}],"collection":[{"href":"https:\/\/noticiasveraces.com\/index.php?rest_route=\/wp\/v2\/posts"}],"about":[{"href":"https:\/\/noticiasveraces.com\/index.php?rest_route=\/wp\/v2\/types\/post"}],"author":[{"embeddable":true,"href":"https:\/\/noticiasveraces.com\/index.php?rest_route=\/wp\/v2\/users\/1"}],"replies":[{"embeddable":true,"href":"https:\/\/noticiasveraces.com\/index.php?rest_route=%2Fwp%2Fv2%2Fcomments&post=47111"}],"version-history":[{"count":0,"href":"https:\/\/noticiasveraces.com\/index.php?rest_route=\/wp\/v2\/posts\/47111\/revisions"}],"wp:featuredmedia":[{"embeddable":true,"href":"https:\/\/noticiasveraces.com\/index.php?rest_route=\/wp\/v2\/media\/47113"}],"wp:attachment":[{"href":"https:\/\/noticiasveraces.com\/index.php?rest_route=%2Fwp%2Fv2%2Fmedia&parent=47111"}],"wp:term":[{"taxonomy":"category","embeddable":true,"href":"https:\/\/noticiasveraces.com\/index.php?rest_route=%2Fwp%2Fv2%2Fcategories&post=47111"},{"taxonomy":"post_tag","embeddable":true,"href":"https:\/\/noticiasveraces.com\/index.php?rest_route=%2Fwp%2Fv2%2Ftags&post=47111"}],"curies":[{"name":"wp","href":"https:\/\/api.w.org\/{rel}","templated":true}]}}