{"id":47108,"date":"2025-10-24T19:09:02","date_gmt":"2025-10-24T23:09:02","guid":{"rendered":"https:\/\/noticiasveraces.com\/?p=47108"},"modified":"2025-10-24T19:09:02","modified_gmt":"2025-10-24T23:09:02","slug":"el-regimen-es-una-organizacion-narco","status":"publish","type":"post","link":"https:\/\/noticiasveraces.com\/?p=47108","title":{"rendered":"\u00abEl r\u00e9gimen es una organizaci\u00f3n narco"},"content":{"rendered":"<p> \n<\/p>\n<div>\n<article>\n<div class=\"image-featured\">\n<img src=\"data:image\/png;base64,iVBORw0KGgoAAAANSUhEUgAABLAAAAMgAQAAAAAbm6avAAAAAnRSTlMAAHaTzTgAAACMSURBVHja7cExAQAAAMKg9U9tB2+gAAAAAAAAAAAAAAAAAAAAAAAAAAAAAAAAAAAAAAAAAAAAAAAAAAAAAAAAAAAAAAAAAAAAAAAAAAAAAAAAAAAAAAAAAAAAAAAAAAAAAAAAAAAAAAAAAAAAAAAAAAAAAAAAAAAAAAAAAAAAAAAAAAAAAAAAAAAAPgPX7wABGnGBnwAAAABJRU5ErkJggg==\" alt=\"Stephen Miller, jefe adjunto de Gabinete de Pol\u00edticas de la Casa Blanca, habla con los medios\" data-src=\"https:\/\/elnacional-uploads.nyc3.digitaloceanspaces.com\/wp-content\/uploads\/2025\/01\/24233021\/5dc2a5d21c35d6265b2d186ca5781a3dbdd8d2a7.jpg\" decoding=\"async\" class=\"lazyload\" data-eio-rwidth=\"1200\" data-eio-rheight=\"800\"\/><img decoding=\"async\" src=\"https:\/\/elnacional-uploads.nyc3.digitaloceanspaces.com\/wp-content\/uploads\/2025\/01\/24233021\/5dc2a5d21c35d6265b2d186ca5781a3dbdd8d2a7.jpg\" alt=\"Stephen Miller, jefe adjunto de Gabinete de Pol\u00edticas de la Casa Blanca, habla con los medios\" data-eio=\"l\"\/><figcaption>Foto EFE\/EPA\/SAMUEL CORUM \/ POOL<\/figcaption><\/div>\n<p><strong>Esteban Miller,<\/strong> subjefe de gabinete de pol\u00edticas de la Casa Blanca y asesor de seguridad nacional de los Estados Unidos, se refiri\u00f3 a la lucha de Estados Unidos contra el narcotr\u00e1fico en el Caribe. Habl\u00f3 sobre Venezuela y asegur\u00f3 que -a su juicio-el pa\u00eds <strong>es un centro clave para el tr\u00e1fico de narc\u00f3ticos.<\/strong><\/p>\n<p><strong>\u201cVenezuela es base central para el narcotr\u00e1fico. <\/strong>Tambi\u00e9n tr\u00e1fico de armas y de humanos. Sabemos que el r\u00e9gimen de Maduro es un c\u00e1rtel y son terroristas\u201d, dijo Miller en un encuentro con periodistas a las afueras de la Casa Blanca.<\/p>\n<figure class=\"wp-block-embed is-type-rich is-provider-twitter wp-block-embed-twitter\">\n<div class=\"wp-block-embed__wrapper\">\n<blockquote class=\"twitter-tweet\" data-width=\"500\" data-dnt=\"true\">\n<p lang=\"es\" dir=\"ltr\">\u00a1Miller ahora mismo! \u201cMaduro es responsable no solo de narcotr\u00e1fico sino tambi\u00e9n trata de personas y terrorismo\u201d dice que Venezuela es el nodo central de una trama que tiene unos grupos delincuenciales a los que hay que eliminar \u201ccomo al ISIS\u201d <a href=\"https:\/\/t.co\/KBiXHKNB1G\">pic.twitter.com\/KBiXHKNB1G<\/a><\/p>\n<p>-David Alandete (@alandete) <a href=\"https:\/\/twitter.com\/alandete\/status\/1981834363688849467?ref_src=twsrc%5Etfw\">24 de octubre de 2025<\/a><\/p><\/blockquote><\/div>\n<\/figure>\n<p>Miller sostuvo que Venezuela es el nodo central de una trama que tiene unos grupos delincuenciales a los que hay que eliminar \u201ccomo al ISIS\u201d.<\/p>\n<p>Las declaraciones de Miller se da el mismo dia en el que el Pent\u00e1gono anunci\u00f3 el despliegue en el mar Caribe del <strong>portaaviones USS Gerald Ford, el m\u00e1s grande de su flota,<\/strong> en un contexto de creciente tensi\u00f3n con Venezuela debido a los\u00a0ataques militares contra embarcaciones sospechosas de transportar drogas.<\/p>\n<p>El vocero afirm\u00f3 que este despliegue \u00abreforzar\u00e1 la capacidad de Estados Unidos para detectar, monitorear y desarticular actividades il\u00edcitas que amenazan la seguridad y prosperidad del pa\u00eds\u00bb. Agreg\u00f3 que estas fuerzas \u00abfortalecer\u00e1n y ampliar\u00e1n las capacidades existentes para combatir el narcotr\u00e1fico y desmantelar las redes criminales transnacionales\u00bb.<\/p>\n<\/article>\n<\/div>\n<p><script async src=\"https:\/\/platform.twitter.com\/widgets.js\" charset=\"utf-8\"><\/script><br \/>\n<br \/>\n","protected":false},"excerpt":{"rendered":"<p>Foto EFE\/EPA\/SAMUEL CORUM \/ POOL Esteban Miller, subjefe de gabinete de pol\u00edticas de la Casa Blanca y asesor de seguridad nacional de los Estados Unidos, se refiri\u00f3 a la lucha de Estados Unidos contra el narcotr\u00e1fico en el Caribe. Habl\u00f3 sobre Venezuela y asegur\u00f3 que -a su juicio-el pa\u00eds es un centro clave para el &hellip;<\/p>\n","protected":false},"author":1,"featured_media":47110,"comment_status":"open","ping_status":"open","sticky":false,"template":"","format":"standard","meta":{"fifu_image_url":"https:\/\/elnacional-uploads.nyc3.digitaloceanspaces.com\/wp-content\/uploads\/2025\/01\/24233021\/5dc2a5d21c35d6265b2d186ca5781a3dbdd8d2a7.jpg","fifu_image_alt":"","footnotes":""},"categories":[13],"tags":[],"class_list":["post-47108","post","type-post","status-publish","format-standard","has-post-thumbnail","","category-mundo"],"_links":{"self":[{"href":"https:\/\/noticiasveraces.com\/index.php?rest_route=\/wp\/v2\/posts\/47108","targetHints":{"allow":["GET"]}}],"collection":[{"href":"https:\/\/noticiasveraces.com\/index.php?rest_route=\/wp\/v2\/posts"}],"about":[{"href":"https:\/\/noticiasveraces.com\/index.php?rest_route=\/wp\/v2\/types\/post"}],"author":[{"embeddable":true,"href":"https:\/\/noticiasveraces.com\/index.php?rest_route=\/wp\/v2\/users\/1"}],"replies":[{"embeddable":true,"href":"https:\/\/noticiasveraces.com\/index.php?rest_route=%2Fwp%2Fv2%2Fcomments&post=47108"}],"version-history":[{"count":0,"href":"https:\/\/noticiasveraces.com\/index.php?rest_route=\/wp\/v2\/posts\/47108\/revisions"}],"wp:featuredmedia":[{"embeddable":true,"href":"https:\/\/noticiasveraces.com\/index.php?rest_route=\/wp\/v2\/media\/47110"}],"wp:attachment":[{"href":"https:\/\/noticiasveraces.com\/index.php?rest_route=%2Fwp%2Fv2%2Fmedia&parent=47108"}],"wp:term":[{"taxonomy":"category","embeddable":true,"href":"https:\/\/noticiasveraces.com\/index.php?rest_route=%2Fwp%2Fv2%2Fcategories&post=47108"},{"taxonomy":"post_tag","embeddable":true,"href":"https:\/\/noticiasveraces.com\/index.php?rest_route=%2Fwp%2Fv2%2Ftags&post=47108"}],"curies":[{"name":"wp","href":"https:\/\/api.w.org\/{rel}","templated":true}]}}