{"id":47073,"date":"2025-10-24T14:50:22","date_gmt":"2025-10-24T18:50:22","guid":{"rendered":"https:\/\/noticiasveraces.com\/?p=47073"},"modified":"2025-10-24T14:50:22","modified_gmt":"2025-10-24T18:50:22","slug":"gobierno-nacional-llama-a-transformar-la-onu-hacia-un-mundo-multipolar-correo-del-orinoco","status":"publish","type":"post","link":"https:\/\/noticiasveraces.com\/?p=47073","title":{"rendered":"Gobierno nacional llama a transformar la ONU hacia un mundo multipolar &#8211; Correo del Orinoco"},"content":{"rendered":"<p> \n<\/p>\n<div>\n<p>Como parte de la conmemoraci\u00f3n de los 80 a\u00f1os de la entrada en vigor de la Carta de las Naciones Unidas, el canciller Yv\u00e1n Gil, en nombre del presidente Nicol\u00e1s Maduro, hizo un llamado urgente a refundar la organizaci\u00f3n internacional, con el objetivo de alinearla con \u00abel nuevo mundo multipolar, donde el Sur Global es ahora protagonista importante y con voz propia\u00bb.<\/p>\n<p>Gil destac\u00f3 la relevancia del D\u00eda de las Naciones Unidas, celebrado cada 24 de octubre, como una oportunidad para \u00abhonrar los esfuerzos de la organizaci\u00f3n por mantener la paz y la seguridad internacional, promover el desarrollo sostenible, la cooperaci\u00f3n entre naciones y la defensa de los derechos humanos establecidos en la Carta de la ONU, que entr\u00f3 en vigor en 1945\u00bb.<\/p>\n<p>El canciller tambi\u00e9n advirti\u00f3 sobre los desaf\u00edos actuales que enfrenta el sistema multilateral, al se\u00f1alar que \u00abla labor de las Naciones Unidas y sus principios fundacionales est\u00e1n hoy comprometidos ante las presiones unilaterales de potencias que atentan contra la multilateralidad y pretenden reimponer esquemas coloniales\u00bb.<\/p>\n<p>La Carta de las Naciones Unidas es el tratado internacional fundador de la Organizaci\u00f3n de las Naciones Unidas (ONU) y constituye la base legal y organizativa de la misma.<\/p>\n<p>Fue firmada el 26 de junio de 1945 en la Conferencia de San Francisco por representantes de 50 Estados y entr\u00f3 en vigor el 24 de octubre, tras ser ratificada por los 5 miembros permanentes del Consejo de Seguridad. Entre los principios b\u00e1sicos destaca: mantener la paz y la seguridad.<\/p>\n<h6>T\/VTV<\/h6>\n<\/p><\/div>\n\n","protected":false},"excerpt":{"rendered":"<p>Como parte de la conmemoraci\u00f3n de los 80 a\u00f1os de la entrada en vigor de la Carta de las Naciones Unidas, el canciller Yv\u00e1n Gil, en nombre del presidente Nicol\u00e1s Maduro, hizo un llamado urgente a refundar la organizaci\u00f3n internacional, con el objetivo de alinearla con \u00abel nuevo mundo multipolar, donde el Sur Global es &hellip;<\/p>\n","protected":false},"author":1,"featured_media":47074,"comment_status":"open","ping_status":"open","sticky":false,"template":"","format":"standard","meta":{"fifu_image_url":"http:\/\/190.202.124.19\/wp-content\/uploads\/2025\/05\/Yvan-Gil-2.jpg","fifu_image_alt":"","footnotes":""},"categories":[4],"tags":[],"class_list":["post-47073","post","type-post","status-publish","format-standard","has-post-thumbnail","","category-historias-destacadas"],"_links":{"self":[{"href":"https:\/\/noticiasveraces.com\/index.php?rest_route=\/wp\/v2\/posts\/47073","targetHints":{"allow":["GET"]}}],"collection":[{"href":"https:\/\/noticiasveraces.com\/index.php?rest_route=\/wp\/v2\/posts"}],"about":[{"href":"https:\/\/noticiasveraces.com\/index.php?rest_route=\/wp\/v2\/types\/post"}],"author":[{"embeddable":true,"href":"https:\/\/noticiasveraces.com\/index.php?rest_route=\/wp\/v2\/users\/1"}],"replies":[{"embeddable":true,"href":"https:\/\/noticiasveraces.com\/index.php?rest_route=%2Fwp%2Fv2%2Fcomments&post=47073"}],"version-history":[{"count":0,"href":"https:\/\/noticiasveraces.com\/index.php?rest_route=\/wp\/v2\/posts\/47073\/revisions"}],"wp:featuredmedia":[{"embeddable":true,"href":"https:\/\/noticiasveraces.com\/index.php?rest_route=\/wp\/v2\/media\/47074"}],"wp:attachment":[{"href":"https:\/\/noticiasveraces.com\/index.php?rest_route=%2Fwp%2Fv2%2Fmedia&parent=47073"}],"wp:term":[{"taxonomy":"category","embeddable":true,"href":"https:\/\/noticiasveraces.com\/index.php?rest_route=%2Fwp%2Fv2%2Fcategories&post=47073"},{"taxonomy":"post_tag","embeddable":true,"href":"https:\/\/noticiasveraces.com\/index.php?rest_route=%2Fwp%2Fv2%2Ftags&post=47073"}],"curies":[{"name":"wp","href":"https:\/\/api.w.org\/{rel}","templated":true}]}}