{"id":47067,"date":"2025-10-24T11:55:31","date_gmt":"2025-10-24T15:55:31","guid":{"rendered":"https:\/\/noticiasveraces.com\/?p=47067"},"modified":"2025-10-24T11:55:31","modified_gmt":"2025-10-24T15:55:31","slug":"que-busca-trump-con-su-gira-por-asia","status":"publish","type":"post","link":"https:\/\/noticiasveraces.com\/?p=47067","title":{"rendered":"\u00bfQu\u00e9 busca Trump con su gira por Asia?"},"content":{"rendered":"<p> \n<\/p>\n<div>\n<p>El presidente de Estados Unidos, Donald Trump, viaja este viernes a Malasia donde iniciar\u00e1 su gira de varios d\u00edas por Asia, que incluye Jap\u00f3n y Corea del Sur, en medio de las tensiones comerciales tras la imposici\u00f3n de aranceles a los pa\u00edses de la regi\u00f3n.<\/p>\n<p>Trump iniciar\u00e1 su agenda\u00a0con la participaci\u00f3n en la cumbre de la Asociaci\u00f3n de Naciones del Sudeste Asi\u00e1tico (Asean) en la capital malasia, Kuala Lumpur. En el encuentro tambi\u00e9n participar\u00e1n\u00a0l\u00edderes mundiales\u00a0como la primera ministra japonesa, Sanae Takaichi, el presidente brasile\u00f1o, Luiz In\u00e1cio Lula da Silva, y el mandatario sudafricano, Cyril Ramaphosa. Es la primera vez desde 2017 que Trump asiste al evento.<\/p>\n<h3>Acuerdo de paz entre Camboya y Tailandia<\/h3>\n<p>El domingo, <strong>el mandatario estadounidense se reunir\u00e1 con l\u00edderes de la Asean<\/strong> que han optado por v\u00ednculos m\u00e1s profundos con otros socios comerciales tras los aranceles de entre el 10 % y el 40 % impuestos por la Administraci\u00f3n Trump.\u00a0Seg\u00fan funcionarios malasios, los pa\u00edses buscar\u00e1n formalizar acuerdos comerciales con Washington.<\/p>\n<div class=\"ReadMore-root Section-root Section-is1to3-xs_is1to1\" data-widgets=\"ReadMore\">\n<div class=\"Section-container Section-isRow-isTop-isWrap\">\n<article class=\"Card-root Card-is1to1 Card-default \">\n<div class=\"Card-imageWrap\">\n<div class=\"Card-picture\">\n<picture class=\"Picture-root Picture-default\"><!--[if IE 9]><video style=\"display: none;\"><![endif]--><source media=\"(-webkit-min-device-pixel-ratio: 2) and (min-resolution: 120dpi)\" data-srcset=\"&#10;                                            https:\/\/mf.b37mrtl.ru\/actualidad\/public_images\/2025.10\/thumbnail\/68f6bfea59bf5b3b45341d4a.jpg 850w,&#10;                                    https:\/\/mf.b37mrtl.ru\/actualidad\/public_images\/2025.10\/article\/68f6bfea59bf5b3b45341d4a.jpg 1960w,            \" srcset=\"&#10;                                    data:image\/png;base64,iVBORw0KGgoAAAANSUhEUgAAABAAAAAJCAQAAACRI2S5AAAAEElEQVR42mNkIAAYRxWAAQAG9gAKqv6+AwAAAABJRU5ErkJggg==&#10;                            \"><source data-srcset=\"&#10;                                            https:\/\/mf.b37mrtl.ru\/actualidad\/public_images\/2025.10\/thumbnail\/68f6bfea59bf5b3b45341d4a.jpg 460,&#10;                                  https:\/\/mf.b37mrtl.ru\/actualidad\/public_images\/2025.10\/article\/68f6bfea59bf5b3b45341d4a.jpg 980w,&#10;            \" srcset=\"&#10;                                    data:image\/png;base64,iVBORw0KGgoAAAANSUhEUgAAABAAAAAJCAQAAACRI2S5AAAAEElEQVR42mNkIAAYRxWAAQAG9gAKqv6+AwAAAABJRU5ErkJggg==&#10;                            \"><!--[if IE 9]><\/video><![endif]--><img decoding=\"async\" data-sizes=\"auto\" src=\"&#10;                                    data:image\/png;base64,iVBORw0KGgoAAAANSUhEUgAAABAAAAAJCAQAAACRI2S5AAAAEElEQVR42mNkIAAYRxWAAQAG9gAKqv6+AwAAAABJRU5ErkJggg==&#10;                            \" class=\"Picture-root Picture-default lazyload\" data-src=\"https:\/\/mf.b37mrtl.ru\/actualidad\/public_images\/2025.10\/thumbnail\/68f6bfea59bf5b3b45341d4a.jpg\" alt=\"&quot;No bajamos la cabeza&quot;: Lula destaca que Brasil no se dobleg\u00f3 ante Trump\"\/><\/source><\/source><\/picture><!-- noscript pattern --><img decoding=\"async\" src=\"https:\/\/mf.b37mrtl.ru\/actualidad\/public_images\/2025.10\/article\/68f6bfea59bf5b3b45341d4a.jpg\" alt=\"&quot;No bajamos la cabeza&quot;: Lula destaca que Brasil no se dobleg\u00f3 ante Trump\"\/>    <\/div>\n<\/p><\/div>\n<\/article><\/div>\n<\/p><\/div>\n<p>M\u00e1s all\u00e1 de la diplomacia multilateral y el intento de combatir la influencia de China en la regi\u00f3n, Trump busca <strong>reclamar el cr\u00e9dito por sus esfuerzos para lograr el acuerdo de paz<\/strong> entre Camboya y Tailandia,\u00a0se\u00f1ala\u00a0Politico. Las tensiones fronterizas entre ambos pa\u00edses, miembros de la ASEAN, se intensificaron\u00a0dr\u00e1sticamente el 24 de julio y desembocaron en un enfrentamiento que\u00a0dej\u00f3\u00a0m\u00e1s de\u00a030 muertos\u00a0y m\u00e1s de 168.000 personas desplazadas.<\/p>\n<p>Washington ayud\u00f3 a negociar el alto el fuego y se espera que el acuerdo se firme el domingo en presencia de Trump, quien ya lo ha incluido en su lista de guerras que ha ayudado a poner fin.<\/p>\n<h3>Reuni\u00f3n con Lula da Silva<\/h3>\n<p>La posible reuni\u00f3n con Luiz In\u00e1cio Lula da Silva est\u00e1 en la mira de todo el mundo despu\u00e9s del acercamiento a finales de septiembre, cuando ambos l\u00edderes tuvieron un breve encuentro en los pasillos de la pasada Asamblea General de la ONU, en Nueva York.\u00a0Ambos mandatarios coincidir\u00e1n el domingo en la cumbre de la Asean, que se\u00a0celebrar\u00e1\u00a0del 26 al 28 de octubre.<\/p>\n<p>\u00abTengo todo el inter\u00e9s en celebrar esa reuni\u00f3n, <strong>estoy totalmente dispuesto a defender los intereses de Brasil<\/strong> y demostrar que hubo malentendidos en los aranceles a Brasil\u00bb, expres\u00f3 Lula, reiterando que <strong>nunca se ha cerrado al di\u00e1logo<\/strong>. \u00abEstoy convencido de que podemos avanzar y volver a tener una relaci\u00f3n civilizada con EE.UU.\u00bb, agreg\u00f3. La Casa Blanca no ha confirmado si habr\u00e1 un encuentro bilateral.<\/p>\n<div class=\"ReadMore-root Section-root Section-is1to3-xs_is1to1\" data-widgets=\"ReadMore\">\n<div class=\"Section-container Section-isRow-isTop-isWrap\">\n<article class=\"Card-root Card-is1to1 Card-default \">\n<div class=\"Card-imageWrap\">\n<div class=\"Card-picture\">\n<picture class=\"Picture-root Picture-default\"><!--[if IE 9]><video style=\"display: none;\"><![endif]--><source media=\"(-webkit-min-device-pixel-ratio: 2) and (min-resolution: 120dpi)\" data-srcset=\"&#10;                                            https:\/\/mf.b37mrtl.ru\/actualidad\/public_images\/2025.10\/thumbnail\/68f6d0e7e9ff71235e6d0e05.jpg 850w,&#10;                                    https:\/\/mf.b37mrtl.ru\/actualidad\/public_images\/2025.10\/article\/68f6d0e6e9ff71235e6d0e04.jpg 1960w,            \" srcset=\"&#10;                                    data:image\/png;base64,iVBORw0KGgoAAAANSUhEUgAAABAAAAAJCAQAAACRI2S5AAAAEElEQVR42mNkIAAYRxWAAQAG9gAKqv6+AwAAAABJRU5ErkJggg==&#10;                            \"><source data-srcset=\"&#10;                                            https:\/\/mf.b37mrtl.ru\/actualidad\/public_images\/2025.10\/thumbnail\/68f6d0e7e9ff71235e6d0e05.jpg 460,&#10;                                  https:\/\/mf.b37mrtl.ru\/actualidad\/public_images\/2025.10\/article\/68f6d0e6e9ff71235e6d0e04.jpg 980w,&#10;            \" srcset=\"&#10;                                    data:image\/png;base64,iVBORw0KGgoAAAANSUhEUgAAABAAAAAJCAQAAACRI2S5AAAAEElEQVR42mNkIAAYRxWAAQAG9gAKqv6+AwAAAABJRU5ErkJggg==&#10;                            \"><!--[if IE 9]><\/video><![endif]--><img decoding=\"async\" data-sizes=\"auto\" src=\"&#10;                                    data:image\/png;base64,iVBORw0KGgoAAAANSUhEUgAAABAAAAAJCAQAAACRI2S5AAAAEElEQVR42mNkIAAYRxWAAQAG9gAKqv6+AwAAAABJRU5ErkJggg==&#10;                            \" class=\"Picture-root Picture-default lazyload\" data-src=\"https:\/\/mf.b37mrtl.ru\/actualidad\/public_images\/2025.10\/thumbnail\/68f6d0e7e9ff71235e6d0e05.jpg\" alt=\"China vs EE.UU.: \u00bfqui\u00e9n dejar\u00eda a qui\u00e9n  &quot;fuera de combate&quot; en la guerra comercial?\"\/><\/source><\/source><\/picture><!-- noscript pattern --><img decoding=\"async\" src=\"https:\/\/mf.b37mrtl.ru\/actualidad\/public_images\/2025.10\/article\/68f6d0e6e9ff71235e6d0e04.jpg\" alt=\"China vs EE.UU.: \u00bfqui\u00e9n dejar\u00eda a qui\u00e9n  &quot;fuera de combate&quot; en la guerra comercial?\"\/>    <\/div>\n<\/p><\/div>\n<\/article><\/div>\n<\/p><\/div>\n<p>Brasil y EE.UU. atraviesan por una crisis diplom\u00e1tica despu\u00e9s de que Trump\u00a0aplicara <strong>aranceles del 50 % a buena parte de los productos brasile\u00f1os<\/strong>.\u00a0Uno de los detonantes de esa\u00a0crisis\u00a0fue el\u00a0proceso\u00a0judicial contra el exmandatario brasile\u00f1o Jair Bolsonaro, aliado de Trump, por el intento de golpe de Estado contra Lula en 2023.<\/p>\n<h3>Reuni\u00f3n con Xi Jinping<\/h3>\n<p>Seg\u00fan la portavoz de la Casa Blanca, Karoline Leavitt, se espera una reuni\u00f3n entre Trump y el presidente chino, Xi Jinping, el jueves de la pr\u00f3xima semana <strong>durante la cumbre del Foro de Cooperaci\u00f3n Econ\u00f3mica Asia-Pac\u00edfico (APEC)<\/strong> en Corea del Sur. Si bien no ha ofrecido m\u00e1s detalles sobre los temas a tratar, el encuentro ha generado mucha expectativa en medio de\u00a0la\u00a0disputa\u00a0comercial entre ambas potencias despu\u00e9s que que EE.UU. anunciara aranceles del 100 % adicional sobre productos chinos a partir del 1 de noviembre. Esto, tras las restricciones por parte de Pek\u00edn a su comercio de tierras raras y materiales cr\u00edticos.<\/p>\n<p>Trump espera llegar a un acuerdo con Xi y, seg\u00fan sus palabras, ser\u00e1 <strong>\u00abfant\u00e1stico para ambos pa\u00edses\u00bb<\/strong>. Por su parte, desde Pek\u00edn a\u00fan no han confirmado el encuentro.<\/p>\n<ul>\n<li>El grupo de los pa\u00edses que forman el Asean incluye Malasia, Brun\u00e9i, Camboya, Indonesia, Laos, Myanmar, Filipinas, Singapur, Tailandia y Vietnam.<\/li>\n<\/ul>\n<\/div>\n\n","protected":false},"excerpt":{"rendered":"<p>El presidente de Estados Unidos, Donald Trump, viaja este viernes a Malasia donde iniciar\u00e1 su gira de varios d\u00edas por Asia, que incluye Jap\u00f3n y Corea del Sur, en medio de las tensiones comerciales tras la imposici\u00f3n de aranceles a los pa\u00edses de la regi\u00f3n. Trump iniciar\u00e1 su agenda\u00a0con la participaci\u00f3n en la cumbre de &hellip;<\/p>\n","protected":false},"author":1,"featured_media":47069,"comment_status":"open","ping_status":"open","sticky":false,"template":"","format":"standard","meta":{"fifu_image_url":"https:\/\/mf.b37mrtl.ru\/actualidad\/public_images\/2025.10\/article\/68fb60d8e9ff716313364234.jpg","fifu_image_alt":"","footnotes":""},"categories":[13],"tags":[],"class_list":["post-47067","post","type-post","status-publish","format-standard","has-post-thumbnail","","category-mundo"],"_links":{"self":[{"href":"https:\/\/noticiasveraces.com\/index.php?rest_route=\/wp\/v2\/posts\/47067","targetHints":{"allow":["GET"]}}],"collection":[{"href":"https:\/\/noticiasveraces.com\/index.php?rest_route=\/wp\/v2\/posts"}],"about":[{"href":"https:\/\/noticiasveraces.com\/index.php?rest_route=\/wp\/v2\/types\/post"}],"author":[{"embeddable":true,"href":"https:\/\/noticiasveraces.com\/index.php?rest_route=\/wp\/v2\/users\/1"}],"replies":[{"embeddable":true,"href":"https:\/\/noticiasveraces.com\/index.php?rest_route=%2Fwp%2Fv2%2Fcomments&post=47067"}],"version-history":[{"count":0,"href":"https:\/\/noticiasveraces.com\/index.php?rest_route=\/wp\/v2\/posts\/47067\/revisions"}],"wp:featuredmedia":[{"embeddable":true,"href":"https:\/\/noticiasveraces.com\/index.php?rest_route=\/wp\/v2\/media\/47069"}],"wp:attachment":[{"href":"https:\/\/noticiasveraces.com\/index.php?rest_route=%2Fwp%2Fv2%2Fmedia&parent=47067"}],"wp:term":[{"taxonomy":"category","embeddable":true,"href":"https:\/\/noticiasveraces.com\/index.php?rest_route=%2Fwp%2Fv2%2Fcategories&post=47067"},{"taxonomy":"post_tag","embeddable":true,"href":"https:\/\/noticiasveraces.com\/index.php?rest_route=%2Fwp%2Fv2%2Ftags&post=47067"}],"curies":[{"name":"wp","href":"https:\/\/api.w.org\/{rel}","templated":true}]}}