{"id":47062,"date":"2025-10-24T11:38:33","date_gmt":"2025-10-24T15:38:33","guid":{"rendered":"https:\/\/noticiasveraces.com\/?p=47062"},"modified":"2025-10-24T11:38:33","modified_gmt":"2025-10-24T15:38:33","slug":"mi-admiracion-por-emery-es-muy-grande","status":"publish","type":"post","link":"https:\/\/noticiasveraces.com\/?p=47062","title":{"rendered":"\u00abMi admiraci\u00f3n por Emery es muy grande\u00bb"},"content":{"rendered":"<p> \n<\/p>\n<div>\n<p data-mrf-recirculation=\"Links P\u00e1rrafos\" class=\"ue-c-article__paragraph paragraph\"><strong>pep guardiola<\/strong>entrenador del <strong>ciudad de manchester<\/strong>se deshizo en elogios a su rival y compatriota este domingo, <strong>Unai Emery<\/strong>y dijo que la admiraci\u00f3n que le tiene es \u00abenorme\u00bb.<\/p>\n<p data-mrf-recirculation=\"Links P\u00e1rrafos\" class=\"ue-c-article__paragraph paragraph\">El <strong>Villa Aston<\/strong> le ha ganado en los dos \u00faltimos enfrentamientos en <strong>parque villa<\/strong> y este domingo se enfrentar\u00e1n dos d\u00edas despu\u00e9s de que se cumplan tres a\u00f1os de Emery en el club de Birmingham, al que lleg\u00f3 con el equipo al borde del descenso y ha metido tres temporadas consecutivas en Europa.<\/p>\n<blockquote class=\"ue-c-article__blockquote\">\n<p>Es un entrenador muy regular y muy bien preparado<\/p>\n<p><span class=\"ue-c-article__blockquote-author\">Guardiola, entrenador del Manchester City<\/span><\/p><\/blockquote>\n<p data-mrf-recirculation=\"Links P\u00e1rrafos\" class=\"ue-c-article__paragraph paragraph\">\u00abFueron mucho mejores que nosotros en esos dos partidos, as\u00ed que espero que sea diferente este domingo\u00bb, dijo Guardiola en rueda de prensa. \u00abLa admiraci\u00f3n que tengo por Unai es muy grande. Es un entrenador muy regular y muy bien preparado. No est\u00e1n en la <strong>Campeones <\/strong>esta temporada, pero s\u00ed la temporada pasada y crearon muchos problemas. Est\u00e1n muy bien organizados, tienen mucha calidad y son <strong>uno de los partidos m\u00e1s dif\u00edciles fuera de casa que vamos a tener en toda la temporada<\/strong>\u00ab.<\/p>\n<p data-mrf-recirculation=\"Links P\u00e1rrafos\" class=\"ue-c-article__paragraph paragraph\">\u00abEs un<strong> equipo muy completo<\/strong>. Defensivamente son muy buenos, tambi\u00e9n con el bal\u00f3n parado han mejorado mucho en los \u00faltimos a\u00f1os. Con el portero que tienen (<strong>Emiliano Mart\u00ednez<\/strong>) es muy dif\u00edcil controlar la presi\u00f3n. Tienen muchos jugadores en el medio y sus conexiones son muy buenas, rompiendo l\u00edneas y cuando eso pasa son muy r\u00e1pidos\u00bb, agreg\u00f3 el t\u00e9cnico espa\u00f1ol.<\/p>\n<figure class=\"ue-c-article__media ue-c-article__media--image\">\n<div class=\"ue-c-article__media-img-container ue-l-article--expand-edge-right-until-tablet ue-l-article--expand-edge-left-until-tablet\"><picture><source type=\"image\/webp\" sizes=\"(min-width: 1010px) 660px, (min-width: 980px) calc(100vw - 350px), (min-width: 740px) calc(100vw - 320px), 100vw\" srcset=\"https:\/\/objetos-xlk.estaticos-marca.com\/files\/article_360_widen_webp\/uploads\/2025\/10\/24\/68fb70134f9a7.webp 360w,https:\/\/objetos-xlk.estaticos-marca.com\/files\/article_375_widen_webp\/uploads\/2025\/10\/24\/68fb70134f9a7.webp 375w,https:\/\/objetos-xlk.estaticos-marca.com\/files\/article_414_widen_webp\/uploads\/2025\/10\/24\/68fb70134f9a7.webp 414w,https:\/\/objetos-xlk.estaticos-marca.com\/files\/article_660_widen_webp\/uploads\/2025\/10\/24\/68fb70134f9a7.webp 660w,https:\/\/objetos-xlk.estaticos-marca.com\/files\/article_720_widen_webp\/uploads\/2025\/10\/24\/68fb70134f9a7.webp 720w,https:\/\/objetos-xlk.estaticos-marca.com\/files\/article_750_widen_webp\/uploads\/2025\/10\/24\/68fb70134f9a7.webp 750w,https:\/\/objetos-xlk.estaticos-marca.com\/files\/article_828_widen_webp\/uploads\/2025\/10\/24\/68fb70134f9a7.webp 828w,https:\/\/objetos-xlk.estaticos-marca.com\/files\/article_1320_widen_webp\/uploads\/2025\/10\/24\/68fb70134f9a7.webp 1320w\"><source type=\"image\/jpeg\" sizes=\"(min-width: 1010px) 660px, (min-width: 980px) calc(100vw - 350px), (min-width: 740px) calc(100vw - 320px), 100vw\" srcset=\"https:\/\/objetos-xlk.estaticos-marca.com\/files\/article_360_widen\/uploads\/2025\/10\/24\/68fb70134f9a7.jpeg 360w,https:\/\/objetos-xlk.estaticos-marca.com\/files\/article_375_widen\/uploads\/2025\/10\/24\/68fb70134f9a7.jpeg 375w,https:\/\/objetos-xlk.estaticos-marca.com\/files\/article_414_widen\/uploads\/2025\/10\/24\/68fb70134f9a7.jpeg 414w,https:\/\/objetos-xlk.estaticos-marca.com\/files\/article_660_widen\/uploads\/2025\/10\/24\/68fb70134f9a7.jpeg 660w,https:\/\/objetos-xlk.estaticos-marca.com\/files\/article_720_widen\/uploads\/2025\/10\/24\/68fb70134f9a7.jpeg 720w,https:\/\/objetos-xlk.estaticos-marca.com\/files\/article_750_widen\/uploads\/2025\/10\/24\/68fb70134f9a7.jpeg 750w,https:\/\/objetos-xlk.estaticos-marca.com\/files\/article_828_widen\/uploads\/2025\/10\/24\/68fb70134f9a7.jpeg 828w,https:\/\/objetos-xlk.estaticos-marca.com\/files\/article_1320_widen\/uploads\/2025\/10\/24\/68fb70134f9a7.jpeg 1320w\"><img decoding=\"async\" width=\"1024\" height=\"645\" class=\"ue-c-article__image lazyload\" alt=\"Guardiola y Emery en una imagen de 2012.\" loading=\"lazy\" src=\"https:\/\/objetos-xlk.estaticos-marca.com\/uploads\/2025\/10\/24\/68fb70134f9a7.jpeg\"\/><\/source><\/source><\/picture><\/div><figcaption class=\"ue-c-article__media-caption\">\n<p><span class=\"ue-c-article__media-description\">Guardiola y Emery en una imagen de 2012.<\/span><span class=\"ue-c-article__media-source\"><span class=\"ue-c-article__media-author\">FRANCESC ADELANTADO<\/span><\/span><\/p>\n<\/figcaption><\/figure>\n<p data-mrf-recirculation=\"Links P\u00e1rrafos\" class=\"ue-c-article__paragraph paragraph\">Mientras que el <strong>Ciudad <\/strong>ha encadenado tres victorias seguidas sin encajar un solo gol, el Villa viene de perder contra el <strong>Adelante \u00c1guilas<\/strong> en la Europa League, que rompi\u00f3 una racha de cinco triunfos consecutivos de los de Emery.\u00a0En la Premier League, el City es segundo a tres puntos del <strong>Arsenal<\/strong>en tanto que el <strong>Villa <\/strong>es und\u00e9cimo, a tres puntos de los puestos de Champions League.<\/p>\n<\/div>\n\n","protected":false},"excerpt":{"rendered":"<p>pep guardiolaentrenador del ciudad de manchesterse deshizo en elogios a su rival y compatriota este domingo, Unai Emeryy dijo que la admiraci\u00f3n que le tiene es \u00abenorme\u00bb. El Villa Aston le ha ganado en los dos \u00faltimos enfrentamientos en parque villa y este domingo se enfrentar\u00e1n dos d\u00edas despu\u00e9s de que se cumplan tres a\u00f1os &hellip;<\/p>\n","protected":false},"author":1,"featured_media":47064,"comment_status":"open","ping_status":"open","sticky":false,"template":"","format":"standard","meta":{"fifu_image_url":"https:\/\/objetos-xlk.estaticos-marca.com\/files\/article_main_microformat\/uploads\/2025\/10\/24\/tvOU8JRqz.jpeg","fifu_image_alt":"","footnotes":""},"categories":[6],"tags":[],"class_list":["post-47062","post","type-post","status-publish","format-standard","has-post-thumbnail","","category-deportes"],"_links":{"self":[{"href":"https:\/\/noticiasveraces.com\/index.php?rest_route=\/wp\/v2\/posts\/47062","targetHints":{"allow":["GET"]}}],"collection":[{"href":"https:\/\/noticiasveraces.com\/index.php?rest_route=\/wp\/v2\/posts"}],"about":[{"href":"https:\/\/noticiasveraces.com\/index.php?rest_route=\/wp\/v2\/types\/post"}],"author":[{"embeddable":true,"href":"https:\/\/noticiasveraces.com\/index.php?rest_route=\/wp\/v2\/users\/1"}],"replies":[{"embeddable":true,"href":"https:\/\/noticiasveraces.com\/index.php?rest_route=%2Fwp%2Fv2%2Fcomments&post=47062"}],"version-history":[{"count":0,"href":"https:\/\/noticiasveraces.com\/index.php?rest_route=\/wp\/v2\/posts\/47062\/revisions"}],"wp:featuredmedia":[{"embeddable":true,"href":"https:\/\/noticiasveraces.com\/index.php?rest_route=\/wp\/v2\/media\/47064"}],"wp:attachment":[{"href":"https:\/\/noticiasveraces.com\/index.php?rest_route=%2Fwp%2Fv2%2Fmedia&parent=47062"}],"wp:term":[{"taxonomy":"category","embeddable":true,"href":"https:\/\/noticiasveraces.com\/index.php?rest_route=%2Fwp%2Fv2%2Fcategories&post=47062"},{"taxonomy":"post_tag","embeddable":true,"href":"https:\/\/noticiasveraces.com\/index.php?rest_route=%2Fwp%2Fv2%2Ftags&post=47062"}],"curies":[{"name":"wp","href":"https:\/\/api.w.org\/{rel}","templated":true}]}}