{"id":47032,"date":"2025-10-24T08:41:54","date_gmt":"2025-10-24T12:41:54","guid":{"rendered":"https:\/\/noticiasveraces.com\/?p=47032"},"modified":"2025-10-24T08:41:54","modified_gmt":"2025-10-24T12:41:54","slug":"un-ascenso-que-mira-hacia-europa-dw-24-10-2025","status":"publish","type":"post","link":"https:\/\/noticiasveraces.com\/?p=47032","title":{"rendered":"un ascenso que mira hacia Europa \u2013 DW \u2013 24\/10\/2025"},"content":{"rendered":"<p> \n<\/p>\n<div data-tracking-name=\"rich-text\" data-tracking-skip=\"true\">\n<p>Hace apenas unos meses, el <em>FC Colonia<\/em> celebraba su regreso a la \u00e9lite del f\u00fatbol alem\u00e1n. Campe\u00f3n de la 2. Bundesliga 2024-25, el conjunto renano consigui\u00f3 volver con un plan claro: dejar atr\u00e1s la inestabilidad y consolidarse entre los mejores. Sin embargo, lo que parec\u00eda un proyecto de transici\u00f3n se ha convertido en\u00a0uno de los fen\u00f3menos competitivos del inicio de temporada. Con un arranque firme, los coloneses se han instalado en la zona alta de la tabla, code\u00e1ndose con clubes de mayor presupuesto y aspiraciones europeas. <\/p>\n<h2>Trabajo y convicci\u00f3n<\/h2>\n<p>El t\u00e9cnico Lukas Kwasniok, fichado con la misi\u00f3n de estabilizar al equipo, ha dotado al Colonia de un sistema reconocible: presi\u00f3n coordinada, transiciones r\u00e1pidas y una l\u00ednea defensiva m\u00e1s disciplinada. El esquema base, un 3-4-3 din\u00e1mico, le permite alternar fases de posesi\u00f3n con contraataques verticales. Los laterales ensanchan el campo, los interiores rompen l\u00edneas y los extremos aportan desequilibrio.<\/p>\n<p>El resultado es un equipo coral, que no depende de una sola figura, sino de la sincron\u00eda colectiva. Los centrales,como Timo H\u00fcbers,se proyectan con autoridad, los mediocampistas, del estilo de Isak Johannesson,\u00a0distribuyen con criterio y los delanteros, con el reci\u00e9n llegado Jakub Kaminski -procedente del Wolfsburgo-,\u00a0 interpretan el juego con inteligencia. Todo engrana porque el trabajo t\u00e1ctico se nota y la convicci\u00f3n es real.<\/p>\n<h2>Factor emocional<\/h2>\n<p>Uno de los secretos del Colonia actual es su mentalidad desinhibida. El grupo ha asumido el desaf\u00edo de la Bundesliga\u00a0sin miedo esc\u00e9nico ni etiquetas de reci\u00e9n ascendido.<\/p>\n<p>El mejor ejemplo es Sa\u00efd El Mala, la gran revelaci\u00f3n del curso. Con apenas 19 a\u00f1os, el joven atacante procedente de un equipo de tercera divisi\u00f3n alemana \u2013<em>Victoria Colonia<\/em> &#8211; se ha convertido en un agitador ofensivo, un jugador imprevisible que combina descaro, velocidad y precisi\u00f3n en los metros finales. Su irrupci\u00f3n ha cambiado la din\u00e1mica del equipo: da aire al ataque, desordena rivales y contagia energ\u00eda. En el \u00faltimo triunfo ante el Hoffenheim, su gol y su particular celebraci\u00f3n -tap\u00e1ndose los o\u00eddos-\u00a0fueron toda una declaraci\u00f3n de intenciones: \u00abno escuchar el ruido, centrarse en el f\u00fatbol\u201d.<\/p>\n<p>El Mala encarna una nueva generaci\u00f3n de jugadores del Colonia: sin miedo a la presi\u00f3n, con hambre de crecer y con la confianza suficiente para desafiar jerarqu\u00edas sin perder respeto. Su llegada le ha dado identidad al proyecto y ha devuelto ilusi\u00f3n a una afici\u00f3n que ped\u00eda referentes propios.<\/p>\n<figure class=\"placeholder-image master_landscape big\"><img data-format=\"MASTER_LANDSCAPE\" data-id=\"74234635\" data-url=\"https:\/\/static.dw.com\/image\/74234635_${formatId}.jpg\" data-aspect-ratio=\"16\/9\" alt=\"Sa\u00efd El Mala celebra el gol ante el TSG Hoffenheim.\" style=\"padding-bottom: 56.25%; height: 0; max-height: 0;\"\/><figcaption class=\"img-caption\">Sa\u00efd El Mala ha marcado 3 goles en 8 partidos con el conjunto renano. <small class=\"copyright\">Imagen: DEPORTES HERMOSOS\/Wunderl\/DEPORTES HERMOSOS\/Picture Alliance<\/small><\/figcaption><\/figure>\n<h2>Juventud con hambre<\/h2>\n<p>La planificaci\u00f3n tambi\u00e9n ha sido un acierto. Sin grandes desembolsos, el Colonia reforz\u00f3 las zonas que m\u00e1s lo necesitaban: un lateral derecho fiable, como Sebastian Sebulonsen, m\u00fasculo en el mediocampo, Tom Krau\u00df, y profundidad de banquillo para afrontar un calendario exigente.<\/p>\n<p>A eso se suma el impulso de la cantera, que vuelve a ser un motor emocional y deportivo. Los j\u00f3venes con ADN local se mezclan con veteranos comprometidos, creando un vestuario donde la jerarqu\u00eda no ahoga el talento. Esa combinaci\u00f3n de experiencia y hambre explica por qu\u00e9 el Colonia transmite cohesi\u00f3n y convicci\u00f3n incluso frente a rivales con m\u00e1s historia o presupuesto. El mensaje es claro: competir sin miedo y disfrutar el momento.<\/p>\n<p><span data-slot-id=\"Article_InContent-1\" class=\"rich-text-ad\"\/><\/p>\n<h2>Lecciones del pasado europeo<\/h2>\n<p>Aunque el murmullo sobre Europa crece, el club mantiene los pies en el suelo. En Colonia todav\u00eda resuena la \u00faltima aventura continental, la Europa League 2017-18, cuando el equipo -entonces dirigido por Peter St\u00f6ger-\u00a0regres\u00f3 al escenario internacional tras un cuarto de siglo de ausencia. Aquel viaje fue un hito emocional: el estadio <em>Energ\u00eda del Rin<\/em> vibr\u00f3 ante rivales como Arsenal y BATE Borisov, y la afici\u00f3n ti\u00f1\u00f3 de rojo cada desplazamiento. Pero tambi\u00e9n dej\u00f3 lecciones: el desgaste europeo acab\u00f3 pasando factura en liga, y el equipo descendi\u00f3 meses despu\u00e9s.<\/p>\n<figure class=\"placeholder-image master_landscape big\"><img data-format=\"MASTER_LANDSCAPE\" data-id=\"63366928\" data-url=\"https:\/\/static.dw.com\/image\/63366928_${formatId}.jpeg\" data-aspect-ratio=\"16\/9\" alt=\"FC K\u00f6ln vs FK Partizan Belgrado.\" style=\"padding-bottom: 56.25%; height: 0; max-height: 0;\"\/><figcaption class=\"img-caption\">El FC K\u00f6ln no pisa competiciones europeas desde la temporada 2017-18, cayendo en la fase de grupos de la Europa League.<small class=\"copyright\">Imagen: Rolf Vennenbernd\/dpa\/picture-alliance<\/small><\/figcaption><\/figure>\n<p>Esa experiencia est\u00e1 muy presente hoy. El nuevo Colonia aprendi\u00f3 de aquella ca\u00edda: la euforia es peligrosa si no se sostiene con estructura. Por eso, Kwasniok y sus jugadores repiten un mantra constante -\u00abpaso a paso\u201d.<\/p>\n<h2>Una prueba de fuego ante el Dortmund<\/h2>\n<p>El pr\u00f3ximo gran examen ser\u00e1 en el Signal Iduna Park, donde los coloneses medir\u00e1n su verdadero nivel ante el Borussia Dortmund. M\u00e1s all\u00e1 del resultado, el encuentro servir\u00e1 para comprobar si el proyecto est\u00e1 preparado para mantener el pulso contra los grandes.<\/p>\n<p>Un buen papel confirmar\u00eda que el Colonia no es una moda pasajera. Una derrota ajustada podr\u00eda demostrar\u00a0que el equipo compite con car\u00e1cter, aunque perder\u00eda cierta persistencia tras el empate contra el Augsburgo. <\/p>\n<p>La \u00faltima vez que se vieron las caras fue en la temporada 2023\/24, con un 0-4 favorable para los negriamarillos.<\/p>\n<p>\u00abEstamos disfrutando del momento, pero sabemos que esto exige continuidad\u201d, afirm\u00f3 Kwasniok en rueda de prensa. <\/p>\n<p>Con todo, en Colonia nadie se atreve a pronunciar la palabra \u00abEuropa\u201d, pero la ilusi\u00f3n es tangible. Si mantiene esta regularidad, el equipo carnavalero podr\u00eda volver a una competici\u00f3n continental por primera vez en ocho a\u00f1os. No ser\u00e1 sencillo, pero el impulso actual invita a creer.<\/p>\n<p>(olmo)<\/p>\n<\/div>\n\n","protected":false},"excerpt":{"rendered":"<p>Hace apenas unos meses, el FC Colonia celebraba su regreso a la \u00e9lite del f\u00fatbol alem\u00e1n. Campe\u00f3n de la 2. Bundesliga 2024-25, el conjunto renano consigui\u00f3 volver con un plan claro: dejar atr\u00e1s la inestabilidad y consolidarse entre los mejores. Sin embargo, lo que parec\u00eda un proyecto de transici\u00f3n se ha convertido en\u00a0uno de los &hellip;<\/p>\n","protected":false},"author":1,"featured_media":47033,"comment_status":"open","ping_status":"open","sticky":false,"template":"","format":"standard","meta":{"fifu_image_url":"https:\/\/static.dw.com\/image\/67665113_6.jpg","fifu_image_alt":"","footnotes":""},"categories":[13],"tags":[],"class_list":["post-47032","post","type-post","status-publish","format-standard","has-post-thumbnail","","category-mundo"],"_links":{"self":[{"href":"https:\/\/noticiasveraces.com\/index.php?rest_route=\/wp\/v2\/posts\/47032","targetHints":{"allow":["GET"]}}],"collection":[{"href":"https:\/\/noticiasveraces.com\/index.php?rest_route=\/wp\/v2\/posts"}],"about":[{"href":"https:\/\/noticiasveraces.com\/index.php?rest_route=\/wp\/v2\/types\/post"}],"author":[{"embeddable":true,"href":"https:\/\/noticiasveraces.com\/index.php?rest_route=\/wp\/v2\/users\/1"}],"replies":[{"embeddable":true,"href":"https:\/\/noticiasveraces.com\/index.php?rest_route=%2Fwp%2Fv2%2Fcomments&post=47032"}],"version-history":[{"count":0,"href":"https:\/\/noticiasveraces.com\/index.php?rest_route=\/wp\/v2\/posts\/47032\/revisions"}],"wp:featuredmedia":[{"embeddable":true,"href":"https:\/\/noticiasveraces.com\/index.php?rest_route=\/wp\/v2\/media\/47033"}],"wp:attachment":[{"href":"https:\/\/noticiasveraces.com\/index.php?rest_route=%2Fwp%2Fv2%2Fmedia&parent=47032"}],"wp:term":[{"taxonomy":"category","embeddable":true,"href":"https:\/\/noticiasveraces.com\/index.php?rest_route=%2Fwp%2Fv2%2Fcategories&post=47032"},{"taxonomy":"post_tag","embeddable":true,"href":"https:\/\/noticiasveraces.com\/index.php?rest_route=%2Fwp%2Fv2%2Ftags&post=47032"}],"curies":[{"name":"wp","href":"https:\/\/api.w.org\/{rel}","templated":true}]}}