{"id":47008,"date":"2025-10-24T01:52:48","date_gmt":"2025-10-24T05:52:48","guid":{"rendered":"https:\/\/noticiasveraces.com\/?p=47008"},"modified":"2025-10-24T01:52:48","modified_gmt":"2025-10-24T05:52:48","slug":"mineducacion-instala-comision-para-evaluar-impacto-de-tareas-escolares-correo-del-caroni","status":"publish","type":"post","link":"https:\/\/noticiasveraces.com\/?p=47008","title":{"rendered":"MinEducaci\u00f3n instala comisi\u00f3n para \u201cevaluar impacto de tareas escolares\u201d \u2013 Correo del Caron\u00ed"},"content":{"rendered":"<p> \n<\/p>\n<div>\n<p>El Ministerio de Educaci\u00f3n instal\u00f3 este 22 de octubre una comisi\u00f3n \u201cpara evaluar el impacto de las tareas escolares\u201d.<\/p>\n<p>Se\u00f1al\u00f3 que la iniciativa, propuesta por H\u00e9ctor Rodr\u00edguez, vicepresidente sectorial para el Socialismo Social y Territorial, busca \u201creducir el estr\u00e9s y la carga de trabajo que, en muchos casos, genera la tarea en las familias y estudiantes\u201d y dise\u00f1ar \u201cpol\u00edticas p\u00fablicas con base cient\u00edfica y el mayor consenso posible\u201d.<\/p>\n<p>La instituci\u00f3n asever\u00f3 que en la comisi\u00f3n participan \u201crectores, instituciones p\u00fablicas y privadas, estudiantes de la Organizaci\u00f3n Bolivariana Estudiantil (OBE), movimientos de familias y maestros\u201d, seg\u00fan inform\u00f3 en Instagram.<\/p>\n<p>El organismo tipific\u00f3 que el plan incluye \u201cconsultar directamente a familias y maestros de aula para transformar las tareas en una herramienta m\u00e1s efectiva y menos estresante\u201d.<\/p>\n<p>El tambi\u00e9n ministro de Educaci\u00f3n propuso el pasado 15 de septiembre \u201cun debate nacional\u201d sobre \u201ctemas claves para el futuro de la educaci\u00f3n\u201d, y entre las propuestas est\u00e1n una seria conversaci\u00f3n sobre \u201csi las tareas son necesarias\u201d.<\/p>\n<p>Para el funcionario, las tareas escolares pueden \u201cgenerar estr\u00e9s y tensi\u00f3n en el hogar\u201d y plante\u00f3 la opci\u00f3n de un nuevo \u201cm\u00e9todo de evaluaci\u00f3n\u201d que sea \u201cm\u00e1s justo y objetivo\u201d.<\/p>\n<p>\u201cQue vaya m\u00e1s all\u00e1 de una calificaci\u00f3n num\u00e9rica, reconociendo las distintas habilidades y formas de aprender de cada estudiante\u201d, expres\u00f3.<\/p>\n<\/p><\/div>\n\n","protected":false},"excerpt":{"rendered":"<p>El Ministerio de Educaci\u00f3n instal\u00f3 este 22 de octubre una comisi\u00f3n \u201cpara evaluar el impacto de las tareas escolares\u201d. Se\u00f1al\u00f3 que la iniciativa, propuesta por H\u00e9ctor Rodr\u00edguez, vicepresidente sectorial para el Socialismo Social y Territorial, busca \u201creducir el estr\u00e9s y la carga de trabajo que, en muchos casos, genera la tarea en las familias y &hellip;<\/p>\n","protected":false},"author":1,"featured_media":47009,"comment_status":"open","ping_status":"open","sticky":false,"template":"","format":"standard","meta":{"fifu_image_url":"https:\/\/correodelcaroni.com\/wp-content\/uploads\/2025\/10\/MINEducacion_Comision.jpg","fifu_image_alt":"","footnotes":""},"categories":[13],"tags":[],"class_list":["post-47008","post","type-post","status-publish","format-standard","has-post-thumbnail","","category-mundo"],"_links":{"self":[{"href":"https:\/\/noticiasveraces.com\/index.php?rest_route=\/wp\/v2\/posts\/47008","targetHints":{"allow":["GET"]}}],"collection":[{"href":"https:\/\/noticiasveraces.com\/index.php?rest_route=\/wp\/v2\/posts"}],"about":[{"href":"https:\/\/noticiasveraces.com\/index.php?rest_route=\/wp\/v2\/types\/post"}],"author":[{"embeddable":true,"href":"https:\/\/noticiasveraces.com\/index.php?rest_route=\/wp\/v2\/users\/1"}],"replies":[{"embeddable":true,"href":"https:\/\/noticiasveraces.com\/index.php?rest_route=%2Fwp%2Fv2%2Fcomments&post=47008"}],"version-history":[{"count":0,"href":"https:\/\/noticiasveraces.com\/index.php?rest_route=\/wp\/v2\/posts\/47008\/revisions"}],"wp:featuredmedia":[{"embeddable":true,"href":"https:\/\/noticiasveraces.com\/index.php?rest_route=\/wp\/v2\/media\/47009"}],"wp:attachment":[{"href":"https:\/\/noticiasveraces.com\/index.php?rest_route=%2Fwp%2Fv2%2Fmedia&parent=47008"}],"wp:term":[{"taxonomy":"category","embeddable":true,"href":"https:\/\/noticiasveraces.com\/index.php?rest_route=%2Fwp%2Fv2%2Fcategories&post=47008"},{"taxonomy":"post_tag","embeddable":true,"href":"https:\/\/noticiasveraces.com\/index.php?rest_route=%2Fwp%2Fv2%2Ftags&post=47008"}],"curies":[{"name":"wp","href":"https:\/\/api.w.org\/{rel}","templated":true}]}}