{"id":46976,"date":"2025-10-23T22:02:53","date_gmt":"2025-10-24T02:02:53","guid":{"rendered":"https:\/\/noticiasveraces.com\/?p=46976"},"modified":"2025-10-23T22:02:53","modified_gmt":"2025-10-24T02:02:53","slug":"con-ayuda-salen-adelante","status":"publish","type":"post","link":"https:\/\/noticiasveraces.com\/?p=46976","title":{"rendered":"Con ayuda, salen adelante"},"content":{"rendered":"<p> \n<\/p>\n<p>A veces es cuesti\u00f3n de un empujoncito: una entrevista con una trabajadora social, un curso de ayudante de cocina, unas pr\u00e1cticas en el comedor de una residencia de mayores, una llamada para cubrir las vacaciones de verano, un contrato&#8230;, o una nueva vida para un desempleado de larga duraci\u00f3n, Juan Jos\u00e9 Garedo (Valencia, 51 a\u00f1os), que acumulaba siete a\u00f1os en la cartilla del paro. <\/p>\n<p>Seguir leyendo<\/p>\n<h3>Realidades que viajan con nosotros<\/h3>\n<p>Fundaci&oacute;n &rdquo;la Caixa&rdquo; ha intervenido el metro de Valencia. En los vagones se muestran testimonios de personas que viven en riesgo de pobreza o de exclusi&oacute;n social. &ldquo;Lo m&aacute;s dif&iacute;cil de no llegar a fin de mes es que mis hijos no lo noten&rdquo;, anuncia uno de ellos. Por cada cuatro asientos, han reservado uno para simbolizar el n&uacute;mero de afectados, 12 millones de personas en Espa&ntilde;a, lo que equivale a uno de cada cuatro. La campa&ntilde;a <em>Realidades que viajan con nosotros, <\/em>lanzada el jueves 23 de octubre, invita en un escenario tan cotidiano como el metro a reflexionar sobre la cantidad de personas con las que uno se cruza a diario que pueden estar viviendo sin acceso a los recursos m&iacute;nimos para una vida digna. &ldquo;La pobreza tiene diferentes formas, muchas de ellas invisibles en nuestro d&iacute;a a d&iacute;a&rdquo;, insisten en la campa&ntilde;a. Los programas de apoyo financiados por Fundaci&oacute;n &rdquo;la Caixa&rdquo; est&aacute;n destinados a favorecer la igualdad de oportunidades, a impulsar iniciativas que rompan el c&iacute;rculo de la pobreza. A que nadie viaje solo.<\/p>\n<h3>Redacci\u00f3n:<\/h3>\n<p>Mariano Ahijado<\/p>\n<h3>Coordinaci\u00f3n editorial:<\/h3>\n<p>Francis Pach\u00e1<\/p>\n<h3>Fotograf\u00eda:<\/h3>\n<p>Massimiliano Minocri y Silvia Villar<\/p>\n<h3>Dise\u00f1o:<\/h3>\n<p>Bel\u00e9n Daza<\/p>\n<h3>Coordinaci\u00f3n de dise\u00f1o:<\/h3>\n<p>Adolfo Dom\u00e9nech<\/p>\n\n","protected":false},"excerpt":{"rendered":"<p>A veces es cuesti\u00f3n de un empujoncito: una entrevista con una trabajadora social, un curso de ayudante de cocina, unas pr\u00e1cticas en el comedor de una residencia de mayores, una llamada para cubrir las vacaciones de verano, un contrato&#8230;, o una nueva vida para un desempleado de larga duraci\u00f3n, Juan Jos\u00e9 Garedo (Valencia, 51 a\u00f1os), &hellip;<\/p>\n","protected":false},"author":1,"featured_media":46977,"comment_status":"open","ping_status":"open","sticky":false,"template":"","format":"standard","meta":{"fifu_image_url":"https:\/\/imagenes.elpais.com\/resizer\/v2\/X37UNUJZDVHZZNMGPH6U5M33IY.jpg?auth=1532fe695f98c461a9867a35085bab645f063848f63c77e3819b9dcfe457b4bd&width=1200","fifu_image_alt":"","footnotes":""},"categories":[11],"tags":[],"class_list":["post-46976","post","type-post","status-publish","format-standard","has-post-thumbnail","","category-viaje"],"_links":{"self":[{"href":"https:\/\/noticiasveraces.com\/index.php?rest_route=\/wp\/v2\/posts\/46976","targetHints":{"allow":["GET"]}}],"collection":[{"href":"https:\/\/noticiasveraces.com\/index.php?rest_route=\/wp\/v2\/posts"}],"about":[{"href":"https:\/\/noticiasveraces.com\/index.php?rest_route=\/wp\/v2\/types\/post"}],"author":[{"embeddable":true,"href":"https:\/\/noticiasveraces.com\/index.php?rest_route=\/wp\/v2\/users\/1"}],"replies":[{"embeddable":true,"href":"https:\/\/noticiasveraces.com\/index.php?rest_route=%2Fwp%2Fv2%2Fcomments&post=46976"}],"version-history":[{"count":0,"href":"https:\/\/noticiasveraces.com\/index.php?rest_route=\/wp\/v2\/posts\/46976\/revisions"}],"wp:featuredmedia":[{"embeddable":true,"href":"https:\/\/noticiasveraces.com\/index.php?rest_route=\/wp\/v2\/media\/46977"}],"wp:attachment":[{"href":"https:\/\/noticiasveraces.com\/index.php?rest_route=%2Fwp%2Fv2%2Fmedia&parent=46976"}],"wp:term":[{"taxonomy":"category","embeddable":true,"href":"https:\/\/noticiasveraces.com\/index.php?rest_route=%2Fwp%2Fv2%2Fcategories&post=46976"},{"taxonomy":"post_tag","embeddable":true,"href":"https:\/\/noticiasveraces.com\/index.php?rest_route=%2Fwp%2Fv2%2Ftags&post=46976"}],"curies":[{"name":"wp","href":"https:\/\/api.w.org\/{rel}","templated":true}]}}