{"id":46929,"date":"2025-10-23T12:53:20","date_gmt":"2025-10-23T16:53:20","guid":{"rendered":"https:\/\/noticiasveraces.com\/?p=46929"},"modified":"2025-10-23T12:53:20","modified_gmt":"2025-10-23T16:53:20","slug":"colombia-rechaza-ataque-a-embarcacion-en-el-pacifico-por-parte-de-eeuu","status":"publish","type":"post","link":"https:\/\/noticiasveraces.com\/?p=46929","title":{"rendered":"Colombia rechaza ataque a embarcaci\u00f3n en el Pac\u00edfico por parte de EEUU"},"content":{"rendered":"<p> \n<\/p>\n<div data-td-block-uid=\"tdi_109\">\n<div class=\"tdb-block-inner td-fix-index\">\n<p>El Ministerio de Relaciones Exteriores de Colombia emiti\u00f3 un comunicado en el que rechaza la destrucci\u00f3n de una embarcaci\u00f3n, presuntamente relacionada con el narcotr\u00e1fico, en el oc\u00e9ano Pac\u00edfico por parte de los Estados Unidos (EEUU).  <\/p>\n<p>El pronunciamiento fue realizado por la canciller\u00eda del hermano pa\u00eds a trav\u00e9s de su p\u00e1gina web, en el que tambi\u00e9n reiteraron el llamado al cese de los ataques e instaron a respetar  las normas que dicta el derecho internacional.<\/p>\n<p>En tal sentido, ratificaron su llamado hacia el gobierno estadounidense al di\u00e1logo a trav\u00e9s de los canales diplom\u00e1ticos, con el fin de aclarar este tipo de situaciones y que \u00abse adopten estrategias integrales y efectivas para continuar conjuntamente con la lucha contra la droga en la regi\u00f3n, tal y como lo hemos venido haciendo durante d\u00e9cadas\u00bb.<\/p>\n<h2 class=\"wp-block-heading\">Dos ataques en menos de dos d\u00edas<\/h2>\n<p>Estados Unidos confirm\u00f3 el mi\u00e9rcoles que sus fuerzas militares ejecutaron dos ataques certeros contra embarcaciones en el Pac\u00edfico. El primero habr\u00eda ocurrido en horas de la noche del martes, seg\u00fan inform\u00f3 el secretario de Guerra de EEUU, Peter Hegseth.<\/p>\n<p>El segundo, fue confirmado en horas de la noche del mi\u00e9rcoles por Hegseth siguiendo \u00f3rdenes del presidente Donald Trump, indic\u00f3.<\/p>\n<p>De acuerdo con el alto cargo, se realiz\u00f3 un supuesto \u00abataque letal\u201d contra un buque, seg\u00fan ellos, operado por una (otra) \u201corganizaci\u00f3n terrorista\u201d no declarada. El incidente se suma a las violaciones de las regulaciones del mar y las acciones que varios expertos internacionales definen como cr\u00edmenes injustificados, esta vez en el Pac\u00edfico Oriental.<\/p>\n<p>A inicios de septiembre, EEUU inici\u00f3 su escalada de ataques contra embarcaciones en el Caribe, en lo que ha denominado como una lucha contra el narcotr\u00e1fico.<\/p>\n<p>Este hecho es el noveno ataque letal cometido por el Ej\u00e9rcito estadounidense que ha cobrado la vida de m\u00e1s de 30 personas, seg\u00fan las cifras aportadas por ellos.<\/p>\n<p>El Gobierno de Venezuela ha denunciado de manera reiterativa que el despliegue de EEUU en el Caribe pone en peligro a toda la regi\u00f3n.<\/p>\n<\/div>\n<\/div>\n\n","protected":false},"excerpt":{"rendered":"<p>El Ministerio de Relaciones Exteriores de Colombia emiti\u00f3 un comunicado en el que rechaza la destrucci\u00f3n de una embarcaci\u00f3n, presuntamente relacionada con el narcotr\u00e1fico, en el oc\u00e9ano Pac\u00edfico por parte de los Estados Unidos (EEUU). El pronunciamiento fue realizado por la canciller\u00eda del hermano pa\u00eds a trav\u00e9s de su p\u00e1gina web, en el que tambi\u00e9n &hellip;<\/p>\n","protected":false},"author":1,"featured_media":46930,"comment_status":"open","ping_status":"open","sticky":false,"template":"","format":"standard","meta":{"fifu_image_url":"https:\/\/ultimasnoticias.com.ve\/wp-content\/uploads\/2025\/10\/c36c871b24f3cd3f415f10d570f8d6a12fccdc22miniw-1.jpg","fifu_image_alt":"","footnotes":""},"categories":[13],"tags":[],"class_list":["post-46929","post","type-post","status-publish","format-standard","has-post-thumbnail","","category-mundo"],"_links":{"self":[{"href":"https:\/\/noticiasveraces.com\/index.php?rest_route=\/wp\/v2\/posts\/46929","targetHints":{"allow":["GET"]}}],"collection":[{"href":"https:\/\/noticiasveraces.com\/index.php?rest_route=\/wp\/v2\/posts"}],"about":[{"href":"https:\/\/noticiasveraces.com\/index.php?rest_route=\/wp\/v2\/types\/post"}],"author":[{"embeddable":true,"href":"https:\/\/noticiasveraces.com\/index.php?rest_route=\/wp\/v2\/users\/1"}],"replies":[{"embeddable":true,"href":"https:\/\/noticiasveraces.com\/index.php?rest_route=%2Fwp%2Fv2%2Fcomments&post=46929"}],"version-history":[{"count":0,"href":"https:\/\/noticiasveraces.com\/index.php?rest_route=\/wp\/v2\/posts\/46929\/revisions"}],"wp:featuredmedia":[{"embeddable":true,"href":"https:\/\/noticiasveraces.com\/index.php?rest_route=\/wp\/v2\/media\/46930"}],"wp:attachment":[{"href":"https:\/\/noticiasveraces.com\/index.php?rest_route=%2Fwp%2Fv2%2Fmedia&parent=46929"}],"wp:term":[{"taxonomy":"category","embeddable":true,"href":"https:\/\/noticiasveraces.com\/index.php?rest_route=%2Fwp%2Fv2%2Fcategories&post=46929"},{"taxonomy":"post_tag","embeddable":true,"href":"https:\/\/noticiasveraces.com\/index.php?rest_route=%2Fwp%2Fv2%2Ftags&post=46929"}],"curies":[{"name":"wp","href":"https:\/\/api.w.org\/{rel}","templated":true}]}}