{"id":46926,"date":"2025-10-23T11:52:36","date_gmt":"2025-10-23T15:52:36","guid":{"rendered":"https:\/\/noticiasveraces.com\/?p=46926"},"modified":"2025-10-23T11:52:36","modified_gmt":"2025-10-23T15:52:36","slug":"inameh-preve-la-llegada-de-dos-ondas-tropicales-a-venezuela-en-los-proximos-dias","status":"publish","type":"post","link":"https:\/\/noticiasveraces.com\/?p=46926","title":{"rendered":"Inameh prev\u00e9 la llegada de dos ondas tropicales a Venezuela en los pr\u00f3ximos d\u00edas"},"content":{"rendered":"<p> \n<\/p>\n<div>\n<p>El Instituto Nacional de Meteorolog\u00eda e Hidrolog\u00eda (Inameh) inform\u00f3 el 23 de octubre sobre la <strong>llegada a Venezuela de las ondas tropicales n\u00famero 50 y 51 durante los pr\u00f3ximos d\u00edas<\/strong>por lo que las lluvias continuar\u00e1n en el pa\u00eds. <\/p>\n<div class=\"ruby-table-contents rbtoc table-fw\">\n<ul class=\"toc-content h5\">\n<li>Otros datos clim\u00e1ticos del Inameh<\/li>\n<li>Lluvias en Venezuela<\/li>\n<\/ul>\n<\/div>\n<p>En el reporte del Inameh destacaron que <strong>la onda tropical 50 ingresar\u00e1 a territorio venezolano entre los d\u00edas 26 y 27 de octubre, mientras que la 51 har\u00e1 su entrada durante los d\u00edas 29 y 30 de octubre.<\/strong><\/p>\n<p><strong>Ambos fen\u00f3menos atmosf\u00e9ricos se encuentran actualmente en el Atl\u00e1ntico Central Tropical<\/strong> y su entrada al pa\u00eds est\u00e1 prevista a trav\u00e9s de la Guayana Esequiba.<\/p>\n<p>El Inameh indic\u00f3 que <strong>para las horas de la tarde del 23 de octubre se espera la formaci\u00f3n de mantos nubosos<\/strong> que generar\u00e1n lluvias de intensidad variable acompa\u00f1adas de descargas el\u00e9ctricas en diversas \u00e1reas del pa\u00eds.<\/p>\n<p>Esta situaci\u00f3n atmosf\u00e9rica se prev\u00e9 en partes de la regi\u00f3n oriental y el Esequibo, as\u00ed como en el sur del territorio nacional, los Llanos occidentales, los estados Lara, Falc\u00f3n, Zulia y la zona andina. No obstante, <strong>el organismo no descarta la aparici\u00f3n de lluvias dispersas en la regi\u00f3n central del pa\u00eds.<\/strong><\/p>\n<figure class=\"wp-block-image size-large\"><picture fetchpriority=\"high\" decoding=\"async\" class=\"wp-image-806924\"><source type=\"image\/webp\" sizes=\"(max-width: 1200px) 100vw, 1200px\" nitro-lazy-srcset=\"https:\/\/eldiario.com\/nitropack_static\/DWpklAePbJBFiBKvuTtiGMLbtJlHUqWt\/assets\/images\/optimized\/rev-4610e21\/eldiario.com\/wp-content\/uploads\/2025\/07\/Lluvias-en-Venezuela-1200x675.jpg.webp 1200w, https:\/\/eldiario.com\/nitropack_static\/DWpklAePbJBFiBKvuTtiGMLbtJlHUqWt\/assets\/images\/optimized\/rev-4610e21\/eldiario.com\/wp-content\/uploads\/2025\/07\/Lluvias-en-Venezuela-300x169.jpg.webp 300w, https:\/\/eldiario.com\/nitropack_static\/DWpklAePbJBFiBKvuTtiGMLbtJlHUqWt\/assets\/images\/optimized\/rev-4610e21\/eldiario.com\/wp-content\/uploads\/2025\/07\/Lluvias-en-Venezuela-768x432.jpg.webp 768w, https:\/\/eldiario.com\/nitropack_static\/DWpklAePbJBFiBKvuTtiGMLbtJlHUqWt\/assets\/images\/optimized\/rev-4610e21\/eldiario.com\/wp-content\/uploads\/2025\/07\/Lluvias-en-Venezuela-1536x864.jpg.webp 1536w, https:\/\/eldiario.com\/nitropack_static\/DWpklAePbJBFiBKvuTtiGMLbtJlHUqWt\/assets\/images\/optimized\/rev-4610e21\/eldiario.com\/wp-content\/uploads\/2025\/07\/Lluvias-en-Venezuela-860x484.jpg.webp 860w, https:\/\/eldiario.com\/nitropack_static\/DWpklAePbJBFiBKvuTtiGMLbtJlHUqWt\/assets\/images\/optimized\/rev-4610e21\/eldiario.com\/wp-content\/uploads\/2025\/07\/Lluvias-en-Venezuela-150x84.jpg.webp 150w, https:\/\/eldiario.com\/nitropack_static\/DWpklAePbJBFiBKvuTtiGMLbtJlHUqWt\/assets\/images\/optimized\/rev-4610e21\/eldiario.com\/wp-content\/uploads\/2025\/07\/Lluvias-en-Venezuela.jpg.webp 1600w\" nitro-lazy-empty=\"\" id=\"ODEyOjcxNw==-1\" srcset=\"data:image\/svg+xml;nitro-empty-id=ODEyOjcxNw==-1;base64,PHN2ZyB2aWV3Qm94PSIwIDAgMTIwMCA2NzUiIHdpZHRoPSIxMjAwIiBoZWlnaHQ9IjY3NSIgeG1sbnM9Imh0dHA6Ly93d3cudzMub3JnLzIwMDAvc3ZnIj48L3N2Zz4=\"\/><img fetchpriority=\"high\" width=\"1200\" height=\"675\" alt=\"Prev\u00e9n lluvias con descargas el\u00e9ctricas en al menos nueve estados de Venezuela\" sizes=\"(max-width: 1200px) 100vw, 1200px\" srcset=\"https:\/\/eldiario.com\/nitropack_static\/DWpklAePbJBFiBKvuTtiGMLbtJlHUqWt\/assets\/images\/optimized\/rev-4610e21\/eldiario.com\/wp-content\/uploads\/2025\/07\/Lluvias-en-Venezuela-1200x675.jpg 1200w, https:\/\/eldiario.com\/nitropack_static\/DWpklAePbJBFiBKvuTtiGMLbtJlHUqWt\/assets\/images\/optimized\/rev-4610e21\/eldiario.com\/wp-content\/uploads\/2025\/07\/Lluvias-en-Venezuela-300x169.jpg 300w, https:\/\/eldiario.com\/nitropack_static\/DWpklAePbJBFiBKvuTtiGMLbtJlHUqWt\/assets\/images\/optimized\/rev-4610e21\/eldiario.com\/wp-content\/uploads\/2025\/07\/Lluvias-en-Venezuela-768x432.jpg 768w, https:\/\/eldiario.com\/nitropack_static\/DWpklAePbJBFiBKvuTtiGMLbtJlHUqWt\/assets\/images\/optimized\/rev-4610e21\/eldiario.com\/wp-content\/uploads\/2025\/07\/Lluvias-en-Venezuela-1536x864.jpg 1536w, https:\/\/eldiario.com\/nitropack_static\/DWpklAePbJBFiBKvuTtiGMLbtJlHUqWt\/assets\/images\/optimized\/rev-4610e21\/eldiario.com\/wp-content\/uploads\/2025\/07\/Lluvias-en-Venezuela-860x484.jpg 860w, https:\/\/eldiario.com\/nitropack_static\/DWpklAePbJBFiBKvuTtiGMLbtJlHUqWt\/assets\/images\/optimized\/rev-4610e21\/eldiario.com\/wp-content\/uploads\/2025\/07\/Lluvias-en-Venezuela-150x84.jpg 150w, https:\/\/eldiario.com\/nitropack_static\/DWpklAePbJBFiBKvuTtiGMLbtJlHUqWt\/assets\/images\/optimized\/rev-4610e21\/eldiario.com\/wp-content\/uploads\/2025\/07\/Lluvias-en-Venezuela.jpg 1600w\" src=\"https:\/\/eldiario.com\/nitropack_static\/DWpklAePbJBFiBKvuTtiGMLbtJlHUqWt\/assets\/images\/optimized\/rev-4610e21\/eldiario.com\/wp-content\/uploads\/2025\/07\/Lluvias-en-Venezuela-1200x675.jpg\" class=\"nitro-lazy\" decoding=\"async\" nitro-lazy-empty=\"\" id=\"ODEzOjkwMA==-1\"\/> <\/picture><figcaption class=\"wp-element-caption\">Foto de : Freepik<\/figcaption><\/figure>\n<h2 id=\"otros-datos-climaticos-del-inameh\" class=\"rb-heading-index-0-823669 wp-block-heading\"><strong>Otros datos clim\u00e1ticos del Inameh<\/strong><\/h2>\n<p><strong>En la Gran Caracas, que abarca Distrito Capital, Miranda y La Guaira, el Inameh estima un aumento progresivo de la nubosidad<\/strong>con probabilidad de lluvias de intensidad variable.<\/p>\n<p>El ente meteorol\u00f3gico tambi\u00e9n comparti\u00f3 que<strong> esperan acumulados pluviom\u00e9tricos que oscilan entre tres y 45 mil\u00edmetros<\/strong> (mm), con m\u00e1ximos que podr\u00edan alcanzar los 60 mm principalmente al sur del pa\u00eds. <\/p>\n<p>Adem\u00e1s, el Inameh tambi\u00e9n resalt\u00f3 que<strong> la tormenta tropical Melissa, la cual se encuentra al noroeste de la Pen\u00ednsula de Paraguan\u00e1 en Falc\u00f3n, mantiene una trayectoria con direcci\u00f3n oeste-noroeste<\/strong> por lo que se proyecta su acercamiento a las Antillas Mayores en los pr\u00f3ximos d\u00edas.<\/p>\n<p>Con respecto al estado de las costas, los expertos del organismo<strong> prev\u00e9n para el 23 de octubre que en la totalidad de la franja costera se registre una fuerte marejada con olas de hasta 1,5 metros de altura.<\/strong><\/p>\n<p>En cuanto a la temporada de ondas tropicales en el pa\u00eds, el presidente del Inameh, Reidy Zambrano, inform\u00f3 en abril que <strong>se esperan entre 50 a 66 ondas tropicales desde el 1\u00b0 de mayo al 30 de noviembre.<\/strong><\/p>\n<figure class=\"wp-block-image size-large\"><picture loading=\"lazy\" decoding=\"async\" class=\"wp-image-790325\"><source type=\"image\/webp\" sizes=\"(max-width: 1200px) 100vw, 1200px\" nitro-lazy-srcset=\"https:\/\/eldiario.com\/nitropack_static\/DWpklAePbJBFiBKvuTtiGMLbtJlHUqWt\/assets\/images\/optimized\/rev-4610e21\/eldiario.com\/wp-content\/uploads\/2025\/05\/Foto-3-1200x800.jpg.webp 1200w, https:\/\/eldiario.com\/nitropack_static\/DWpklAePbJBFiBKvuTtiGMLbtJlHUqWt\/assets\/images\/optimized\/rev-4610e21\/eldiario.com\/wp-content\/uploads\/2025\/05\/Foto-3-300x200.jpg.webp 300w, https:\/\/eldiario.com\/nitropack_static\/DWpklAePbJBFiBKvuTtiGMLbtJlHUqWt\/assets\/images\/optimized\/rev-4610e21\/eldiario.com\/wp-content\/uploads\/2025\/05\/Foto-3-768x512.jpg.webp 768w, https:\/\/eldiario.com\/nitropack_static\/DWpklAePbJBFiBKvuTtiGMLbtJlHUqWt\/assets\/images\/optimized\/rev-4610e21\/eldiario.com\/wp-content\/uploads\/2025\/05\/Foto-3-1536x1024.jpg.webp 1536w, https:\/\/eldiario.com\/nitropack_static\/DWpklAePbJBFiBKvuTtiGMLbtJlHUqWt\/assets\/images\/optimized\/rev-4610e21\/eldiario.com\/wp-content\/uploads\/2025\/05\/Foto-3-330x220.jpg.webp 330w, https:\/\/eldiario.com\/nitropack_static\/DWpklAePbJBFiBKvuTtiGMLbtJlHUqWt\/assets\/images\/optimized\/rev-4610e21\/eldiario.com\/wp-content\/uploads\/2025\/05\/Foto-3-420x280.jpg.webp 420w, https:\/\/eldiario.com\/nitropack_static\/DWpklAePbJBFiBKvuTtiGMLbtJlHUqWt\/assets\/images\/optimized\/rev-4610e21\/eldiario.com\/wp-content\/uploads\/2025\/05\/Foto-3-615x410.jpg.webp 615w, https:\/\/eldiario.com\/nitropack_static\/DWpklAePbJBFiBKvuTtiGMLbtJlHUqWt\/assets\/images\/optimized\/rev-4610e21\/eldiario.com\/wp-content\/uploads\/2025\/05\/Foto-3-860x574.jpg.webp 860w, https:\/\/eldiario.com\/nitropack_static\/DWpklAePbJBFiBKvuTtiGMLbtJlHUqWt\/assets\/images\/optimized\/rev-4610e21\/eldiario.com\/wp-content\/uploads\/2025\/05\/Foto-3-150x100.jpg.webp 150w, https:\/\/eldiario.com\/nitropack_static\/DWpklAePbJBFiBKvuTtiGMLbtJlHUqWt\/assets\/images\/optimized\/rev-4610e21\/eldiario.com\/wp-content\/uploads\/2025\/05\/Foto-3.jpg.webp 1600w\" nitro-lazy-empty=\"\" id=\"ODQ0Ojg1NQ==-1\" srcset=\"data:image\/svg+xml;nitro-empty-id=ODQ0Ojg1NQ==-1;base64,PHN2ZyB2aWV3Qm94PSIwIDAgMTIwMCA4MDAiIHdpZHRoPSIxMjAwIiBoZWlnaHQ9IjgwMCIgeG1sbnM9Imh0dHA6Ly93d3cudzMub3JnLzIwMDAvc3ZnIj48L3N2Zz4=\"\/><img loading=\"lazy\" width=\"1200\" height=\"800\" alt=\"Inameh prev\u00e9 aumento de las lluvias esta semana en varios estados del pa\u00eds\" sizes=\"auto, (max-width: 1200px) 100vw, 1200px\" srcset=\"https:\/\/eldiario.com\/nitropack_static\/DWpklAePbJBFiBKvuTtiGMLbtJlHUqWt\/assets\/images\/optimized\/rev-4610e21\/eldiario.com\/wp-content\/uploads\/2025\/05\/Foto-3-1200x800.jpg 1200w, https:\/\/eldiario.com\/nitropack_static\/DWpklAePbJBFiBKvuTtiGMLbtJlHUqWt\/assets\/images\/optimized\/rev-4610e21\/eldiario.com\/wp-content\/uploads\/2025\/05\/Foto-3-300x200.jpg 300w, https:\/\/eldiario.com\/nitropack_static\/DWpklAePbJBFiBKvuTtiGMLbtJlHUqWt\/assets\/images\/optimized\/rev-4610e21\/eldiario.com\/wp-content\/uploads\/2025\/05\/Foto-3-768x512.jpg 768w, https:\/\/eldiario.com\/nitropack_static\/DWpklAePbJBFiBKvuTtiGMLbtJlHUqWt\/assets\/images\/optimized\/rev-4610e21\/eldiario.com\/wp-content\/uploads\/2025\/05\/Foto-3-1536x1024.jpg 1536w, https:\/\/eldiario.com\/nitropack_static\/DWpklAePbJBFiBKvuTtiGMLbtJlHUqWt\/assets\/images\/optimized\/rev-4610e21\/eldiario.com\/wp-content\/uploads\/2025\/05\/Foto-3-330x220.jpg 330w, https:\/\/eldiario.com\/nitropack_static\/DWpklAePbJBFiBKvuTtiGMLbtJlHUqWt\/assets\/images\/optimized\/rev-4610e21\/eldiario.com\/wp-content\/uploads\/2025\/05\/Foto-3-420x280.jpg 420w, https:\/\/eldiario.com\/nitropack_static\/DWpklAePbJBFiBKvuTtiGMLbtJlHUqWt\/assets\/images\/optimized\/rev-4610e21\/eldiario.com\/wp-content\/uploads\/2025\/05\/Foto-3-615x410.jpg 615w, https:\/\/eldiario.com\/nitropack_static\/DWpklAePbJBFiBKvuTtiGMLbtJlHUqWt\/assets\/images\/optimized\/rev-4610e21\/eldiario.com\/wp-content\/uploads\/2025\/05\/Foto-3-860x574.jpg 860w, https:\/\/eldiario.com\/nitropack_static\/DWpklAePbJBFiBKvuTtiGMLbtJlHUqWt\/assets\/images\/optimized\/rev-4610e21\/eldiario.com\/wp-content\/uploads\/2025\/05\/Foto-3-150x100.jpg 150w, https:\/\/eldiario.com\/nitropack_static\/DWpklAePbJBFiBKvuTtiGMLbtJlHUqWt\/assets\/images\/optimized\/rev-4610e21\/eldiario.com\/wp-content\/uploads\/2025\/05\/Foto-3.jpg 1600w\" src=\"https:\/\/eldiario.com\/nitropack_static\/DWpklAePbJBFiBKvuTtiGMLbtJlHUqWt\/assets\/images\/optimized\/rev-4610e21\/eldiario.com\/wp-content\/uploads\/2025\/05\/Foto-3-1200x800.jpg\" class=\"nitro-lazy\" decoding=\"async\" nitro-lazy-empty=\"\" id=\"ODQ1Ojk5OQ==-1\"\/> <\/picture><figcaption class=\"wp-element-caption\">Foto: Unsplash<\/figcaption><\/figure>\n<h2 id=\"lluvias-en-venezuela\" class=\"rb-heading-index-1-823669 wp-block-heading\"><strong>Lluvias en Venezuela<\/strong><\/h2>\n<p>En lo que va de octubre de 2025,<strong> las lluvias en Venezuela han provocado muertes, inundaciones, desbordamiento de r\u00edos, derrumbes y ca\u00edda de \u00e1rboles en varios sectores del pa\u00eds.<\/strong><\/p>\n<p>El 15 de octubre, dos personas murieron en Distrito Capital y Miranda como consecuencia de las lluvias registradas.<\/p>\n<p>Gabriela Jim\u00e9nez, ministra de Ciencia y Tecnolog\u00eda de Venezuela, inform\u00f3 el 9 de octubre que<strong> en el pa\u00eds se han registrado al menos 300 % m\u00e1s de lluvias de lo que se esperaba en 2025. <\/strong><\/p>\n<p>\u201cProducto de este aumento de lluvias e inundaciones que afectaron a m\u00e1s de 7 mil familias venezolanas, vemos incrementos tambi\u00e9n en la proliferaci\u00f3n de vectores con enfermedades asociadas, como consecuencia de lo que se denomina cambio clim\u00e1tico, crisis clim\u00e1tica, emergencia clim\u00e1tica\u201d, dijo Jim\u00e9nez.<\/p>\n<p>Las precipitaciones, que comenzaron a finales de junio, han dejado da\u00f1os en gran parte del occidente venezolano, entre ellos los estados Barinas, T\u00e1chira, Trujillo, M\u00e9rida y Portuguesa. Tambi\u00e9n han afectado localidades del estado Bol\u00edvar y Gu\u00e1rico.<\/p>\n<\/p><\/div>\n<p><script async src=\"\/\/www.instagram.com\/embed.js\"><\/script><br \/>\n<br \/>\n","protected":false},"excerpt":{"rendered":"<p>El Instituto Nacional de Meteorolog\u00eda e Hidrolog\u00eda (Inameh) inform\u00f3 el 23 de octubre sobre la llegada a Venezuela de las ondas tropicales n\u00famero 50 y 51 durante los pr\u00f3ximos d\u00edaspor lo que las lluvias continuar\u00e1n en el pa\u00eds. Otros datos clim\u00e1ticos del Inameh Lluvias en Venezuela En el reporte del Inameh destacaron que la onda &hellip;<\/p>\n","protected":false},"author":1,"featured_media":46928,"comment_status":"open","ping_status":"open","sticky":false,"template":"","format":"standard","meta":{"fifu_image_url":"https:\/\/eldiario.com\/wp-content\/uploads\/2025\/04\/lluvias-1200x780.png","fifu_image_alt":"","footnotes":""},"categories":[13],"tags":[],"class_list":["post-46926","post","type-post","status-publish","format-standard","has-post-thumbnail","","category-mundo"],"_links":{"self":[{"href":"https:\/\/noticiasveraces.com\/index.php?rest_route=\/wp\/v2\/posts\/46926","targetHints":{"allow":["GET"]}}],"collection":[{"href":"https:\/\/noticiasveraces.com\/index.php?rest_route=\/wp\/v2\/posts"}],"about":[{"href":"https:\/\/noticiasveraces.com\/index.php?rest_route=\/wp\/v2\/types\/post"}],"author":[{"embeddable":true,"href":"https:\/\/noticiasveraces.com\/index.php?rest_route=\/wp\/v2\/users\/1"}],"replies":[{"embeddable":true,"href":"https:\/\/noticiasveraces.com\/index.php?rest_route=%2Fwp%2Fv2%2Fcomments&post=46926"}],"version-history":[{"count":0,"href":"https:\/\/noticiasveraces.com\/index.php?rest_route=\/wp\/v2\/posts\/46926\/revisions"}],"wp:featuredmedia":[{"embeddable":true,"href":"https:\/\/noticiasveraces.com\/index.php?rest_route=\/wp\/v2\/media\/46928"}],"wp:attachment":[{"href":"https:\/\/noticiasveraces.com\/index.php?rest_route=%2Fwp%2Fv2%2Fmedia&parent=46926"}],"wp:term":[{"taxonomy":"category","embeddable":true,"href":"https:\/\/noticiasveraces.com\/index.php?rest_route=%2Fwp%2Fv2%2Fcategories&post=46926"},{"taxonomy":"post_tag","embeddable":true,"href":"https:\/\/noticiasveraces.com\/index.php?rest_route=%2Fwp%2Fv2%2Ftags&post=46926"}],"curies":[{"name":"wp","href":"https:\/\/api.w.org\/{rel}","templated":true}]}}