{"id":46891,"date":"2025-10-23T05:46:16","date_gmt":"2025-10-23T09:46:16","guid":{"rendered":"https:\/\/noticiasveraces.com\/?p=46891"},"modified":"2025-10-23T05:46:16","modified_gmt":"2025-10-23T09:46:16","slug":"julio-castellanos-y-si-el-silencio-se-hace-eterno","status":"publish","type":"post","link":"https:\/\/noticiasveraces.com\/?p=46891","title":{"rendered":"Julio Castellanos: \u00bfY si el silencio se hace eterno?"},"content":{"rendered":"<p> \n<\/p>\n<div>\n<p> <span rel=\"author\" class=\"fn\">con una esp\u00e1tula<\/span><\/p>\n<p> <time class=\"entry-date published updated\" datetime=\"2025-10-23T05:45:48-04:00\">octubre 23 2025, 5:45 am<\/time> <span class=\"spot-im-replies-count\" data-post-id=\"5818383\"\/><\/p>\n<p><img loading=\"lazy\" decoding=\"async\" onerror=\"this.onerror=null;this.src=\" https:=\"\" class=\"alignnone size-full wp-image-5799445 lazyload\" alt=\"\" width=\"197\" height=\"158\" src=\"https:\/\/sandia.datanubex.uk\/wp-content\/uploads\/2025\/09\/Julio-Castellanos.jpg\" data-eio-rwidth=\"197\" data-eio-rheight=\"158\"\/><img loading=\"lazy\" decoding=\"async\" onerror=\"this.onerror=null;this.src=\" https:=\"\" class=\"alignnone size-full wp-image-5799445\" src=\"https:\/\/sandia.datanubex.uk\/wp-content\/uploads\/2025\/09\/Julio-Castellanos.jpg\" alt=\"\" width=\"197\" height=\"158\" data-eio=\"l\"\/><\/p>\n<p><span style=\"font-weight: 400;\">Ha transcurrido ya un tiempo considerable desde las elecciones presidenciales de 2024. Todos recordamos aquellos momentos en que los venezolanos expresamos con claridad nuestra visi\u00f3n sobre el destino del pa\u00eds. Sin embargo, por razones injustificables, se impuso la represi\u00f3n, la violencia y, finalmente, el silencio. De la peor manera, hemos aprendido que exteriorizar nuestros puntos de vista puede ponernos en peligro, tanto a nosotros como a nuestras familias.<\/span><\/p>\n<p><span style=\"font-weight: 400;\">M\u00e1s all\u00e1 del desconocimiento flagrante de la voluntad popular, un hecho ya de por s\u00ed grav\u00edsimo, \u00bfqu\u00e9 consecuencias y costos acarrea para los venezolanos que el silencio se imponga como forma de vida y supervivencia? Los invito sinceramente a reflexionar sobre ello. En una democracia, pese a sus imperfecciones, se puede hablar de los problemas, criticar al gobierno, protestar y hacer huelga. Lo que hoy padecemos es exactamente lo opuesto. Los problemas persisten: los bajos salarios, la inflaci\u00f3n desbocada, el descontrol cambiario, el colapso de los servicios p\u00fablicos, las deficiencias en la educaci\u00f3n y la crisis del sistema de salud son realidades objetivas que no desaparecen por callarlas.<\/span><\/p>\n<p><!-- Begin Mailchimp Signup Form --><\/p>\n<div id=\"mc_embed_signup\">\n<p><label for=\"mce-EMAIL\">  \u00a1\u00danete al club ahora! Suscr\u00edbete al bolet\u00edn m\u00e1s importante de Venezuela <\/label><iframe data-test-id=\"beehiiv-embed\" height=\"52\" frameborder=\"0\" scrolling=\"no\" style=\"margin: 0; border-radius: 0px !important; &#10; background-color: transparent;\" data-src=\"https:\/\/embeds.beehiiv.com\/cdab9503-16ae-4689-ad4f-1408c727a83a?slim=true\" class=\"lazyload\"><\/iframe><\/p>\n<\/div>\n<p><!--End mc_embed_signup 2--><\/p>\n<p><span style=\"font-weight: 400;\">Si el silencio al menos ofreciera alivio o paz, la situaci\u00f3n ser\u00eda distinta. Pero lo que genera es una creciente insatisfacci\u00f3n: desde esa burla a la voluntad popular, todos vivimos un poco peor, fingiendo indiferencia. Con el tiempo, esta b\u00f3veda de miedo, herm\u00e9tica e impenetrable, provocar\u00e1 un estancamiento en el pensamiento, las acciones y las decisiones. Nos condenaremos, a fuerza de arbitrariedad e imposici\u00f3n, a un entorno carente de ideas frescas. Sin debate, sin lenguaje aut\u00e9ntico, sin interacciones humanas genuinas, el resultado inevitable es una sociedad falsificada, mercantilizada y cosificada: triste, miserable, donde lo humano se reemplaza por propaganda vac\u00eda.<\/span><\/p>\n<p><span style=\"font-weight: 400;\">Ah\u00ed est\u00e1 Cuba como ejemplo: una naci\u00f3n que ni siquiera se permite celebrar el natalicio de una artista universalmente querida como Celia Cruz. Si Venezuela sigue por este camino, y ya hay evidencia, as\u00ed como no podemos festejar que una venezolana gane el Premio Nobel de la Paz en 2025, pronto tampoco celebraremos una Miss Universo, una victoria deportiva, un \u00e9xito musical o un descubrimiento cient\u00edfico, a menos que sea del agrado del madurismo. Si el silencio se vuelve eterno, perdurable e inalterable, ocurrir\u00e1 lo previsible: pasaremos de callar porque nos callan a callar porque no tendremos nada que decir.<\/span><\/p>\n<\/p>\n<p><span style=\"font-weight: 400;\">Julio Castellanos \/ <\/span><span style=\"font-weight: 400;\"><span class=\"__cf_email__\" data-cfemail=\"a5cfc6c6c9cadfc4c1c4e5c2c8c4ccc98bc6cac8\">[email\u00a0protected]<\/span><\/span><span style=\"font-weight: 400;\">  \/ @rockypolitica<\/span><\/p>\n<p>  <!-- CONTENT END 3 --><\/div>\n\n","protected":false},"excerpt":{"rendered":"<p>con una esp\u00e1tula octubre 23 2025, 5:45 am Ha transcurrido ya un tiempo considerable desde las elecciones presidenciales de 2024. Todos recordamos aquellos momentos en que los venezolanos expresamos con claridad nuestra visi\u00f3n sobre el destino del pa\u00eds. Sin embargo, por razones injustificables, se impuso la represi\u00f3n, la violencia y, finalmente, el silencio. De la &hellip;<\/p>\n","protected":false},"author":1,"featured_media":46893,"comment_status":"open","ping_status":"open","sticky":false,"template":"","format":"standard","meta":{"fifu_image_url":"https:\/\/sandia.datanubex.uk\/wp-content\/uploads\/2025\/09\/Julio-Castellanos.jpg","fifu_image_alt":"","footnotes":""},"categories":[13],"tags":[],"class_list":["post-46891","post","type-post","status-publish","format-standard","has-post-thumbnail","","category-mundo"],"_links":{"self":[{"href":"https:\/\/noticiasveraces.com\/index.php?rest_route=\/wp\/v2\/posts\/46891","targetHints":{"allow":["GET"]}}],"collection":[{"href":"https:\/\/noticiasveraces.com\/index.php?rest_route=\/wp\/v2\/posts"}],"about":[{"href":"https:\/\/noticiasveraces.com\/index.php?rest_route=\/wp\/v2\/types\/post"}],"author":[{"embeddable":true,"href":"https:\/\/noticiasveraces.com\/index.php?rest_route=\/wp\/v2\/users\/1"}],"replies":[{"embeddable":true,"href":"https:\/\/noticiasveraces.com\/index.php?rest_route=%2Fwp%2Fv2%2Fcomments&post=46891"}],"version-history":[{"count":0,"href":"https:\/\/noticiasveraces.com\/index.php?rest_route=\/wp\/v2\/posts\/46891\/revisions"}],"wp:featuredmedia":[{"embeddable":true,"href":"https:\/\/noticiasveraces.com\/index.php?rest_route=\/wp\/v2\/media\/46893"}],"wp:attachment":[{"href":"https:\/\/noticiasveraces.com\/index.php?rest_route=%2Fwp%2Fv2%2Fmedia&parent=46891"}],"wp:term":[{"taxonomy":"category","embeddable":true,"href":"https:\/\/noticiasveraces.com\/index.php?rest_route=%2Fwp%2Fv2%2Fcategories&post=46891"},{"taxonomy":"post_tag","embeddable":true,"href":"https:\/\/noticiasveraces.com\/index.php?rest_route=%2Fwp%2Fv2%2Ftags&post=46891"}],"curies":[{"name":"wp","href":"https:\/\/api.w.org\/{rel}","templated":true}]}}