{"id":46872,"date":"2025-10-23T01:10:02","date_gmt":"2025-10-23T05:10:02","guid":{"rendered":"https:\/\/noticiasveraces.com\/?p=46872"},"modified":"2025-10-23T01:10:02","modified_gmt":"2025-10-23T05:10:02","slug":"foro-penal-contabilizo-866-presos-politicos-en-venezuela","status":"publish","type":"post","link":"https:\/\/noticiasveraces.com\/?p=46872","title":{"rendered":"Foro Penal contabiliz\u00f3 866 presos pol\u00edticos en Venezuela"},"content":{"rendered":"<p> \n<\/p>\n<div>\n<p>La organizaci\u00f3n no gubernamental (ONG) Foro Penal report\u00f3 que hay un total de<strong> 866 presos pol\u00edticos <\/strong>en Venezuela en su m\u00e1s reciente informe, correspondiente al 20 de octubre.<\/p>\n<p>De este total, 758 son hombres, 108 son mujeres y <strong>4 son adolescentes<\/strong>. La ONG destac\u00f3 que 693 de ellos son civiles y 173 militares; mientras que 97 personas tienen nacionalidad extranjera. <\/p>\n<p>Adem\u00e1s, solo 156 personas han sido condenadas, mientras que <strong>710 a\u00fan se encuentran en espera de una sentencia definitiva.<\/strong><\/p>\n<p>Foro Penal indic\u00f3 que la cifra de ciudadanos arrestados en Venezuela por motivos pol\u00edticos desde el a\u00f1o 2014 hasta la fecha es de 18.532 personas. <\/p>\n<p>La organizaci\u00f3n denunci\u00f3 en agosto de 2024 que Venezuela registr\u00f3 la <strong>cifra m\u00e1s alta de presos pol\u00edticos <\/strong>en la historia de Venezuela, \u201cal menos en el siglo XXI\u201d, con un total de 1.674 presos pol\u00edticos para ese entonces. <\/p>\n<p>El gobierno venezolano niega que en el pa\u00eds haya personas detenidas por motivos pol\u00edticos, sino que -aseguran- cometieron \u201cdelitos contra la seguridad nacional\u201d, una afirmaci\u00f3n que rechazan varias ONG y l\u00edderes opositores.<\/p>\n<h2 class=\"wp-block-heading\" id=\"h-iglesia-catolica-venezolana-abogo-por-los-presos-politicos\"><strong>Iglesia cat\u00f3lica venezolana abog\u00f3 por los presos pol\u00edticos <\/strong><\/h2>\n<p>El cardenal venezolano Baltazar Porras se refiri\u00f3 el 18 de octubre a la situaci\u00f3n de los presos pol\u00edticos en Venezuela durante un evento en Roma, Italia, en el que particip\u00f3 como parte de las actividades previas a la canonizaci\u00f3n de Jos\u00e9 Gregorio Hern\u00e1ndez y Carmen Rendiles. <\/p>\n<figure class=\"wp-block-image size-large\"><img fetchpriority=\"high\" width=\"1200\" height=\"675\" alt=\"Cardenal Baltazar Porras denunci\u00f3 la situaci\u00f3n de los presos pol\u00edticos en Venezuela\" sizes=\"(max-width: 1200px) 100vw, 1200px\" srcset=\"https:\/\/eldiario.com\/nitropack_static\/DWpklAePbJBFiBKvuTtiGMLbtJlHUqWt\/assets\/images\/optimized\/rev-4610e21\/eldiario.com\/wp-content\/uploads\/2025\/10\/baltazar-porras-1200x675.jpg 1200w, https:\/\/eldiario.com\/nitropack_static\/DWpklAePbJBFiBKvuTtiGMLbtJlHUqWt\/assets\/images\/optimized\/rev-4610e21\/eldiario.com\/wp-content\/uploads\/2025\/10\/baltazar-porras-300x169.jpg 300w, https:\/\/eldiario.com\/nitropack_static\/DWpklAePbJBFiBKvuTtiGMLbtJlHUqWt\/assets\/images\/optimized\/rev-4610e21\/eldiario.com\/wp-content\/uploads\/2025\/10\/baltazar-porras-768x432.jpg 768w, https:\/\/eldiario.com\/nitropack_static\/DWpklAePbJBFiBKvuTtiGMLbtJlHUqWt\/assets\/images\/optimized\/rev-4610e21\/eldiario.com\/wp-content\/uploads\/2025\/10\/baltazar-porras-1536x864.jpg 1536w, https:\/\/eldiario.com\/nitropack_static\/DWpklAePbJBFiBKvuTtiGMLbtJlHUqWt\/assets\/images\/optimized\/rev-4610e21\/eldiario.com\/wp-content\/uploads\/2025\/10\/baltazar-porras-860x484.jpg 860w, https:\/\/eldiario.com\/nitropack_static\/DWpklAePbJBFiBKvuTtiGMLbtJlHUqWt\/assets\/images\/optimized\/rev-4610e21\/eldiario.com\/wp-content\/uploads\/2025\/10\/baltazar-porras-150x84.jpg 150w, https:\/\/eldiario.com\/nitropack_static\/DWpklAePbJBFiBKvuTtiGMLbtJlHUqWt\/assets\/images\/optimized\/rev-4610e21\/eldiario.com\/wp-content\/uploads\/2025\/10\/baltazar-porras.jpg 1600w\" src=\"https:\/\/eldiario.com\/nitropack_static\/DWpklAePbJBFiBKvuTtiGMLbtJlHUqWt\/assets\/images\/optimized\/rev-4610e21\/eldiario.com\/wp-content\/uploads\/2025\/10\/baltazar-porras-1200x675.jpg\" class=\"wp-image-822869 nitro-lazy\" decoding=\"async\" nitro-lazy-empty=\"\" id=\"ODI1Ojk1NA==-1\"\/><figcaption class=\"wp-element-caption\">Foto: EFE<\/figcaption><\/figure>\n<p>Antes de tocar el tema de los presos pol\u00edticos, Porras denunci\u00f3 varios aspectos que afectan a los venezolanos. <\/p>\n<p>\u201cLa merma del ejercicio de la libertad ciudadana, el crecimiento de la pobreza, la militarizaci\u00f3n como forma de gobierno que excita la violencia, la corrupci\u00f3n y la falta de autonom\u00eda de los poderes p\u00fablicos\u201d, se\u00f1al\u00f3 Porras.<\/p>\n<p>El purpurado asegur\u00f3 que, como ya lo hab\u00eda se\u00f1alado la Conferencia Episcopal Venezolana, los ciudadanos en Venezuela enfrentan un panorama \u201cmoralmente inaceptable\u201d. <\/p>\n<p>\u201cPor \u00faltimo el tema de los presos pol\u00edticos, privados de libertad por razones no siempre claras, se rompe la unidad familiar y sufren todos\u201d, expres\u00f3 Porras. <\/p>\n<p>El cardenal advirti\u00f3 que este panorama \u201cno ayuda a la convivencia pac\u00edfica ni a superar las carencias estructurales de la sociedad\u201d. <\/p>\n<\/p><\/div>\n\n","protected":false},"excerpt":{"rendered":"<p>La organizaci\u00f3n no gubernamental (ONG) Foro Penal report\u00f3 que hay un total de 866 presos pol\u00edticos en Venezuela en su m\u00e1s reciente informe, correspondiente al 20 de octubre. De este total, 758 son hombres, 108 son mujeres y 4 son adolescentes. La ONG destac\u00f3 que 693 de ellos son civiles y 173 militares; mientras que &hellip;<\/p>\n","protected":false},"author":1,"featured_media":46874,"comment_status":"open","ping_status":"open","sticky":false,"template":"","format":"standard","meta":{"fifu_image_url":"https:\/\/eldiario.com\/wp-content\/uploads\/2025\/10\/1f23baa9408e7f951dc3ce742d6a622d49bee20a.jpg","fifu_image_alt":"","footnotes":""},"categories":[4],"tags":[],"class_list":["post-46872","post","type-post","status-publish","format-standard","has-post-thumbnail","","category-historias-destacadas"],"_links":{"self":[{"href":"https:\/\/noticiasveraces.com\/index.php?rest_route=\/wp\/v2\/posts\/46872","targetHints":{"allow":["GET"]}}],"collection":[{"href":"https:\/\/noticiasveraces.com\/index.php?rest_route=\/wp\/v2\/posts"}],"about":[{"href":"https:\/\/noticiasveraces.com\/index.php?rest_route=\/wp\/v2\/types\/post"}],"author":[{"embeddable":true,"href":"https:\/\/noticiasveraces.com\/index.php?rest_route=\/wp\/v2\/users\/1"}],"replies":[{"embeddable":true,"href":"https:\/\/noticiasveraces.com\/index.php?rest_route=%2Fwp%2Fv2%2Fcomments&post=46872"}],"version-history":[{"count":0,"href":"https:\/\/noticiasveraces.com\/index.php?rest_route=\/wp\/v2\/posts\/46872\/revisions"}],"wp:featuredmedia":[{"embeddable":true,"href":"https:\/\/noticiasveraces.com\/index.php?rest_route=\/wp\/v2\/media\/46874"}],"wp:attachment":[{"href":"https:\/\/noticiasveraces.com\/index.php?rest_route=%2Fwp%2Fv2%2Fmedia&parent=46872"}],"wp:term":[{"taxonomy":"category","embeddable":true,"href":"https:\/\/noticiasveraces.com\/index.php?rest_route=%2Fwp%2Fv2%2Fcategories&post=46872"},{"taxonomy":"post_tag","embeddable":true,"href":"https:\/\/noticiasveraces.com\/index.php?rest_route=%2Fwp%2Fv2%2Ftags&post=46872"}],"curies":[{"name":"wp","href":"https:\/\/api.w.org\/{rel}","templated":true}]}}