{"id":46861,"date":"2025-10-22T23:36:01","date_gmt":"2025-10-23T03:36:01","guid":{"rendered":"https:\/\/noticiasveraces.com\/?p=46861"},"modified":"2025-10-22T23:36:01","modified_gmt":"2025-10-23T03:36:01","slug":"trump-acusa-a-petro-de-ser-un-maton-el-presidente-colombiano-promete-defenderse-judicialmente","status":"publish","type":"post","link":"https:\/\/noticiasveraces.com\/?p=46861","title":{"rendered":"Trump acusa a Petro de ser \u00abun mat\u00f3n\u00bb; el presidente colombiano promete defenderse judicialmente"},"content":{"rendered":"<p> \n<\/p>\n<div>\n<p>Nuevo cap\u00edtulo en la tensa relaci\u00f3n bilateral entre Bogot\u00e1 y Washington: el mandatario colombiano Gustavo Petro denunci\u00f3 que \u201caltos funcionarios\u201d estadounidenses lo han difamado y anunci\u00f3 que afrontar\u00e1 esas acusaciones ante tribunales del pa\u00eds norteamericano.<\/p>\n<p>La indirecta tiene un destinatario muy claro, el presidente Donald Trump, que renov\u00f3 el enfrentamiento entre Washington y Bogot\u00e1 calificando a su hom\u00f3logo de \u00abmat\u00f3n, un tipo muy malo\u00bb.<\/p>\n<p>Al mismo tiempo, el mandatario colombiano reafirm\u00f3 su disposici\u00f3n a colaborar en la lucha contra el narcotr\u00e1fico, pero sin aceptar que Colombia sea objeto de sanciones o estigmatizaci\u00f3n.<\/p>\n<div class=\"em-video-wrapper m-em-video\" data-media-video-wbmz344896-f24-es-20251023=\"\" data-wrapper-video-player=\"\" data-show-hidden-video-player=\"WBMZ344896-F24-ES-20251023\" data-youtube-script=\"\">\n<p>Trump vs. Petro: \u00bfhasta d\u00f3nde llegar\u00e1 la tensi\u00f3n?<\/p>\n<div class=\"m-em-video__video\">\n<div class=\"o-em-consent \">\n<div class=\"o-em-consent__content\">\n<p class=\"o-em-consent__content__text\">Para mostrar este contenido de YouTube, debe autorizar las cookies de medici\u00f3n de audiencia y publicidad.<\/p>\n<p>        <button class=\"a-master-button a-master-button--dark\" data-action=\"accept\">Aceptar<i class=\"a-svg a-svg--icon-check\"\/><\/button><br \/>\n        <button class=\"a-link\" data-action=\"manage\">Gestionar mis opciones<i class=\"a-svg a-svg--icon-edit\"\/><\/button>\n    <\/div>\n<\/div>\n<div class=\"o-em-adblock\" data-adblock-content=\"\">\n<div class=\"o-em-adblock__content\">\n<p class=\"o-em-adblock__content__text\">Una extensi\u00f3n de tu navegador parece estar bloqueando la carga del reproductor de video. Para poder ver este contenido, debes desactivarla en este sitio.<\/p>\n<p>            <button class=\"a-master-button a-master-button--dark\" data-action=\"reload\">Reintentar<\/button>\n    <\/div>\n<\/div>\n<figure class=\"m-item-image m-item-image--16x9 m-item-image--has-caption\">\n<picture class=\"a-picture a-picture--16x9\"><source type=\"image\/webp\" srcset=\"https:\/\/s.france24.com\/media\/display\/5b4ac726-dc26-11ef-87c9-005056bfb2b6\/w:388\/p:16x9\/WhatsApp%20Image%202025-01-26%20at%2015.38.05.webp 388w,https:\/\/s.france24.com\/media\/display\/5b4ac726-dc26-11ef-87c9-005056bfb2b6\/w:720\/p:16x9\/WhatsApp%20Image%202025-01-26%20at%2015.38.05.webp 720w,https:\/\/s.france24.com\/media\/display\/5b4ac726-dc26-11ef-87c9-005056bfb2b6\/w:1024\/p:16x9\/WhatsApp%20Image%202025-01-26%20at%2015.38.05.webp 1024w,https:\/\/s.france24.com\/media\/display\/5b4ac726-dc26-11ef-87c9-005056bfb2b6\/w:1280\/p:16x9\/WhatsApp%20Image%202025-01-26%20at%2015.38.05.webp 1280w\" sizes=\"(max-width: 639px) calc(100vw - 32px), (max-width: 1076px) calc(100vw - 44px), 850px\"><img decoding=\"async\" fetchpriority=\"low\" src=\"https:\/\/s.france24.com\/media\/display\/5b4ac726-dc26-11ef-87c9-005056bfb2b6\/w:1280\/p:16x9\/WhatsApp%20Image%202025-01-26%20at%2015.38.05.jpeg\" srcset=\"https:\/\/s.france24.com\/media\/display\/5b4ac726-dc26-11ef-87c9-005056bfb2b6\/w:388\/p:16x9\/WhatsApp%20Image%202025-01-26%20at%2015.38.05.jpeg 388w,https:\/\/s.france24.com\/media\/display\/5b4ac726-dc26-11ef-87c9-005056bfb2b6\/w:720\/p:16x9\/WhatsApp%20Image%202025-01-26%20at%2015.38.05.jpeg 720w,https:\/\/s.france24.com\/media\/display\/5b4ac726-dc26-11ef-87c9-005056bfb2b6\/w:1024\/p:16x9\/WhatsApp%20Image%202025-01-26%20at%2015.38.05.jpeg 1024w,https:\/\/s.france24.com\/media\/display\/5b4ac726-dc26-11ef-87c9-005056bfb2b6\/w:1280\/p:16x9\/WhatsApp%20Image%202025-01-26%20at%2015.38.05.jpeg 1280w\" sizes=\"auto, (max-width: 639px) calc(100vw - 32px), (max-width: 1076px) calc(100vw - 44px), 850px\" width=\"1280\" height=\"720\" alt=\"En la imagen aparecen Donald Trump, presidente de Estados Unidos (Izq.) y Gustavo Petro, presidente de Colombia (Der.)\" loading=\"lazy\" class=\"a-img \"\/><\/source><\/picture><figcaption class=\"a-figcaption\">\n                <span>En la imagen aparecen Donald Trump, presidente de Estados Unidos (Izq.) y Gustavo Petro, presidente de Colombia (Der.)<\/span>                <span>\u00a9 Reuters y EFE<\/span>            <\/figcaption><\/figure>\n<\/p><\/div>\n<\/p><\/div>\n<h2><strong>\u00abUn tipo muy malo\u00bb<\/strong><\/h2>\n<p>Los reproches de Donald Trump desencadenaron la crisis. Desde la Oficina Oval, Trump acus\u00f3 a Colombia de convertirse \u201cen una trampa mortal\u201d por su producci\u00f3n de drogas y acus\u00f3 al presidente Petro de ser \u201cun mat\u00f3n, un tipo muy malo\u201d. Asimismo, reiter\u00f3 el cese de toda forma de pagos o subsidios estadounidenses al pa\u00eds suramericano.<\/p>\n<div id=\"em-WBMZ344900-F24-ES-20251023\" class=\"m-em-flash\" data-xtwitter-script=\"\"><figcaption class=\"a-figcaption\">\n<\/figcaption><div class=\"o-em-consent \">\n<div class=\"o-em-consent__content\">\n<p class=\"o-em-consent__content__text\">Para mostrar este contenido de X (Twitter), debe autorizar las cookies de medici\u00f3n de audiencia y publicidad.<\/p>\n<p>        <button class=\"a-master-button a-master-button--dark\" data-action=\"accept\">Aceptar<i class=\"a-svg a-svg--icon-check\"\/><\/button><br \/>\n        <button class=\"a-link\" data-action=\"manage\">Gestionar mis opciones<i class=\"a-svg a-svg--icon-edit\"\/><\/button>\n    <\/div>\n<\/div>\n<\/div>\n<p>Ante estas declaraciones, Petro reaccion\u00f3 en su cuenta de redes sociales: \u201cDe las calumnias que me han lanzado en el territorio de los EE. UU., altos funcionarios; me defender\u00e9 judicialmente con abogados estadounidenses en la justicia estadounidense\u201d.<\/p>\n<p>El mandatario a\u00f1adi\u00f3 que la disputa no es con el pueblo estadounidense, sino con Trump: \u201cEl problema es con Trump, no con los EE. UU.\u201d<\/p>\n<div id=\"em-WBMZ344899-F24-ES-20251023\" class=\"m-em-flash\" data-xtwitter-script=\"\"><figcaption class=\"a-figcaption\">\n<\/figcaption><div class=\"o-em-consent \">\n<div class=\"o-em-consent__content\">\n<p class=\"o-em-consent__content__text\">Para mostrar este contenido de X (Twitter), debe autorizar las cookies de medici\u00f3n de audiencia y publicidad.<\/p>\n<p>        <button class=\"a-master-button a-master-button--dark\" data-action=\"accept\">Aceptar<i class=\"a-svg a-svg--icon-check\"\/><\/button><br \/>\n        <button class=\"a-link\" data-action=\"manage\">Gestionar mis opciones<i class=\"a-svg a-svg--icon-edit\"\/><\/button>\n    <\/div>\n<\/div>\n<\/div>\n<h2><strong>Tensi\u00f3n en el Caribe<\/strong><\/h2>\n<p>Este choque agrava un contexto ya tenso: la presencia de buques y aeronaves militares estadounidenses en el Caribe, y los ataques contra embarcaciones acusadas de ser botes de narcotr\u00e1fico en aguas frente a Colombia. La reciente destrucci\u00f3n de una supuesta narcolancha en el Pac\u00edfico, anunciada por el Pent\u00e1gono, elev\u00f3 a\u00fan m\u00e1s la crispaci\u00f3n.<\/p>\n<p class=\"a-read-more\"><span class=\"a-read-more__label\">Leer tambi\u00e9n<\/span>Trump pone fin a la ayuda financiera a Colombia y acusa a Petro de \u00abl\u00edder del narcotr\u00e1fico\u00bb<\/p>\n<p>Petro quiso, sin embargo, dejar claro que Colombia est\u00e1 dispuesta a trabajar en la lucha contra el narcotr\u00e1fico, incluso con Estados Unidos. \u201cCuando requieran nuestra ayuda para luchar contra el narcotr\u00e1fico, la sociedad estadounidense la tendr\u00e1. Lucharemos contra los narcotraficantes con los estados que quieran nuestra ayuda\u201d, manifest\u00f3.<\/p>\n<p>En varias intervenciones p\u00fablicas, el mandatario ha insistido en que la pol\u00edtica antidrogas de Washington, en particular desde el lanzamiento del Plan Colombia en 2000, fracas\u00f3 y que su pa\u00eds no aceptar\u00e1 seguir siendo \u201cel chivo expiatorio de una guerra impuesta desde el norte\u201d.<\/p>\n<div class=\"em-video-wrapper m-em-video\" data-media-video-wbmz344897-f24-es-20251023=\"\" data-wrapper-video-player=\"\" data-show-hidden-video-player=\"WBMZ344897-F24-ES-20251023\" data-youtube-script=\"\">\n<p>\u00bfQu\u00e9 origin\u00f3 la nueva escalada de las tensiones diplom\u00e1ticas entre Trump y Petro?<\/p>\n<div class=\"m-em-video__video\">\n<div class=\"o-em-consent \">\n<div class=\"o-em-consent__content\">\n<p class=\"o-em-consent__content__text\">Para mostrar este contenido de YouTube, debe autorizar las cookies de medici\u00f3n de audiencia y publicidad.<\/p>\n<p>        <button class=\"a-master-button a-master-button--dark\" data-action=\"accept\">Aceptar<i class=\"a-svg a-svg--icon-check\"\/><\/button><br \/>\n        <button class=\"a-link\" data-action=\"manage\">Gestionar mis opciones<i class=\"a-svg a-svg--icon-edit\"\/><\/button>\n    <\/div>\n<\/div>\n<div class=\"o-em-adblock\" data-adblock-content=\"\">\n<div class=\"o-em-adblock__content\">\n<p class=\"o-em-adblock__content__text\">Una extensi\u00f3n de tu navegador parece estar bloqueando la carga del reproductor de video. Para poder ver este contenido, debes desactivarla en este sitio.<\/p>\n<p>            <button class=\"a-master-button a-master-button--dark\" data-action=\"reload\">Reintentar<\/button>\n    <\/div>\n<\/div>\n<figure class=\"m-item-image m-item-image--16x9 m-item-image--has-caption\">\n<picture class=\"a-picture a-picture--16x9\"><source type=\"image\/webp\" srcset=\"https:\/\/s.france24.com\/media\/display\/0875dc1e-ae0f-11f0-bbd9-005056bfb2b6\/w:388\/p:16x9\/ES-20251020-131634-132911-CS.webp 388w,https:\/\/s.france24.com\/media\/display\/0875dc1e-ae0f-11f0-bbd9-005056bfb2b6\/w:720\/p:16x9\/ES-20251020-131634-132911-CS.webp 720w,https:\/\/s.france24.com\/media\/display\/0875dc1e-ae0f-11f0-bbd9-005056bfb2b6\/w:1024\/p:16x9\/ES-20251020-131634-132911-CS.webp 1024w,https:\/\/s.france24.com\/media\/display\/0875dc1e-ae0f-11f0-bbd9-005056bfb2b6\/w:1280\/p:16x9\/ES-20251020-131634-132911-CS.webp 1280w\" sizes=\"(max-width: 639px) calc(100vw - 32px), (max-width: 1076px) calc(100vw - 44px), 850px\"><img decoding=\"async\" fetchpriority=\"low\" src=\"https:\/\/s.france24.com\/media\/display\/0875dc1e-ae0f-11f0-bbd9-005056bfb2b6\/w:1280\/p:16x9\/ES-20251020-131634-132911-CS.jpg\" srcset=\"https:\/\/s.france24.com\/media\/display\/0875dc1e-ae0f-11f0-bbd9-005056bfb2b6\/w:388\/p:16x9\/ES-20251020-131634-132911-CS.jpg 388w,https:\/\/s.france24.com\/media\/display\/0875dc1e-ae0f-11f0-bbd9-005056bfb2b6\/w:720\/p:16x9\/ES-20251020-131634-132911-CS.jpg 720w,https:\/\/s.france24.com\/media\/display\/0875dc1e-ae0f-11f0-bbd9-005056bfb2b6\/w:1024\/p:16x9\/ES-20251020-131634-132911-CS.jpg 1024w,https:\/\/s.france24.com\/media\/display\/0875dc1e-ae0f-11f0-bbd9-005056bfb2b6\/w:1280\/p:16x9\/ES-20251020-131634-132911-CS.jpg 1280w\" sizes=\"auto, (max-width: 639px) calc(100vw - 32px), (max-width: 1076px) calc(100vw - 44px), 850px\" width=\"1280\" height=\"720\" alt=\"\u00bfQu\u00e9 origin\u00f3 la nueva escalada de las tensiones diplom\u00e1ticas entre Trump y Petro?\" loading=\"lazy\" class=\"a-img \"\/><\/source><\/picture><figcaption class=\"a-figcaption\">\n                                <span>\u00a9 Francia 24<\/span>            <\/figcaption><\/figure>\n<\/p><\/div>\n<\/p><\/div>\n<h2><strong>Desencuentros de larga data<\/strong><\/h2>\n<p>Las tensiones entre Estados Unidos, principal socio comercial de Colombia, con el pa\u00eds sudamericano alcanzaron un nivel in\u00e9dito desde el regreso de Donald Trump a la Casa Blanca en enero de este a\u00f1o.<\/p>\n<p>Desde la cuesti\u00f3n de las deportaciones de migrantes irregulares en aviones militares hasta la denuncia de la ofensiva israel\u00ed en Gaza como un \u00abgenocidio\u00bb por parte de Petro, ambas naciones chocaron en m\u00faltiples ocasiones tras el regreso del l\u00edder republicano.<\/p>\n<p>Para Colombia, el desaf\u00edo es mantener el apoyo estadounidense en un momento en que la producci\u00f3n de coca\u00edna alcanz\u00f3 cifras r\u00e9cord. La percepci\u00f3n de Washington de que Colombia no cumple con su parte en la guerra contra las drogas podr\u00eda agravar su aislamiento y afectar inversiones extranjeras.<\/p>\n<\/p>\n<p>Con EFE y Reuters<\/p>\n<\/p><\/div>\n\n","protected":false},"excerpt":{"rendered":"<p>Nuevo cap\u00edtulo en la tensa relaci\u00f3n bilateral entre Bogot\u00e1 y Washington: el mandatario colombiano Gustavo Petro denunci\u00f3 que \u201caltos funcionarios\u201d estadounidenses lo han difamado y anunci\u00f3 que afrontar\u00e1 esas acusaciones ante tribunales del pa\u00eds norteamericano. La indirecta tiene un destinatario muy claro, el presidente Donald Trump, que renov\u00f3 el enfrentamiento entre Washington y Bogot\u00e1 calificando &hellip;<\/p>\n","protected":false},"author":1,"featured_media":46863,"comment_status":"open","ping_status":"open","sticky":false,"template":"","format":"standard","meta":{"fifu_image_url":"https:\/\/s.france24.com\/media\/display\/917f424c-af9b-11f0-9e63-005056bf30b7\/w:1280\/p:16x9\/147baa458a1f089348fb6ba713b6b2cc2a42c686.jpg","fifu_image_alt":"","footnotes":""},"categories":[13],"tags":[],"class_list":["post-46861","post","type-post","status-publish","format-standard","has-post-thumbnail","","category-mundo"],"_links":{"self":[{"href":"https:\/\/noticiasveraces.com\/index.php?rest_route=\/wp\/v2\/posts\/46861","targetHints":{"allow":["GET"]}}],"collection":[{"href":"https:\/\/noticiasveraces.com\/index.php?rest_route=\/wp\/v2\/posts"}],"about":[{"href":"https:\/\/noticiasveraces.com\/index.php?rest_route=\/wp\/v2\/types\/post"}],"author":[{"embeddable":true,"href":"https:\/\/noticiasveraces.com\/index.php?rest_route=\/wp\/v2\/users\/1"}],"replies":[{"embeddable":true,"href":"https:\/\/noticiasveraces.com\/index.php?rest_route=%2Fwp%2Fv2%2Fcomments&post=46861"}],"version-history":[{"count":0,"href":"https:\/\/noticiasveraces.com\/index.php?rest_route=\/wp\/v2\/posts\/46861\/revisions"}],"wp:featuredmedia":[{"embeddable":true,"href":"https:\/\/noticiasveraces.com\/index.php?rest_route=\/wp\/v2\/media\/46863"}],"wp:attachment":[{"href":"https:\/\/noticiasveraces.com\/index.php?rest_route=%2Fwp%2Fv2%2Fmedia&parent=46861"}],"wp:term":[{"taxonomy":"category","embeddable":true,"href":"https:\/\/noticiasveraces.com\/index.php?rest_route=%2Fwp%2Fv2%2Fcategories&post=46861"},{"taxonomy":"post_tag","embeddable":true,"href":"https:\/\/noticiasveraces.com\/index.php?rest_route=%2Fwp%2Fv2%2Ftags&post=46861"}],"curies":[{"name":"wp","href":"https:\/\/api.w.org\/{rel}","templated":true}]}}