{"id":46843,"date":"2025-10-22T20:32:22","date_gmt":"2025-10-23T00:32:22","guid":{"rendered":"https:\/\/noticiasveraces.com\/?p=46843"},"modified":"2025-10-22T20:32:22","modified_gmt":"2025-10-23T00:32:22","slug":"profesion-del-padre-de-luis-diaz-sorprende-a-todos-y-pocos-la-conocian-curiosidades-de-futbol","status":"publish","type":"post","link":"https:\/\/noticiasveraces.com\/?p=46843","title":{"rendered":"Profesi\u00f3n del padre de Luis D\u00edaz sorprende a todos y pocos la conoc\u00edan | Curiosidades de f\u00fatbol"},"content":{"rendered":"<p> \n<\/p>\n<div id=\"cuerpoArticulo\">\n<p class=\"texto intro cnx-companion-firstparagraph\" id=\"p257400-m552-551-553\">Luis D\u00edaz es uno de los mejores delanteros del mundo en la actualidad y a pesar de que estar muy ligado al f\u00fatbol, su padre, <b>Mane D\u00edaz, explorar\u00e1 otros caminos<\/b>. En estos \u00faltimos d\u00edas, el progenitor <b>comenz\u00f3 a perfilarse como cantante profesional de vallenato<\/b>una faceta que probablemente pocos conoc\u00edan y que no tiene nada que ver con el deporte rey.<\/p>\n<p class=\"texto contenido-parrafo-articulo cnx-companion-paragraph\" id=\"p257400-m570-2-571\">Seg\u00fan una entrevista que tuvo con el medio <i>Los Informantes<\/i>, <b>Mane D\u00edaz confirm\u00f3 que est\u00e1 grabando un CD de vallenato<\/b> y asegur\u00f3 que las palabras de aliento que le llegan en cada presentaci\u00f3n lo motivan a seguir trabajando en nuevas canciones. Adem\u00e1s, revel\u00f3 que aprovechar\u00e1 esta visibilidad para impulsar proyectos que ya dirige, como <b>su escuela de f\u00fatbol<\/b>.<\/p>\n<div class=\"fotografia caja-articulo\" id=\"p257400-m576-3-577\">\n<div class=\"imagen-cuerpo-bk\">\n<figure itemscope=\"\" itemtype=\"https:\/\/schema.org\/ImageObject\" itemprop=\"image\" id=\"m581-580-582\" class=\"foto-galeria-articulo imagen-articulo foto-texto-articulo-galeria\"><img decoding=\"async\" alt=\"Mane D\u00edaz\" src=\"data:image\/png;base64,iVBORw0KGgoAAAANSUhEUgAAAAEAAAABCAQAAAC1HAwCAAAAC0lEQVR42mP8\/x0AAvsB+DlKarAAAAAASUVORK5CYII=\" style=\" display: inline;\" data-original=\"\/files\/article_content\/uploads\/2024\/03\/01\/65e2641626bd4.png\"\/><\/figure>\n<\/div>\n<div class=\"figcaption-cuerpo-bk credito-image-bk\"><figcaption class=\"foto-info\">\n<div class=\"titulo-foto-bk\">\n<p id=\"m588-1-589\" class=\"titulo pie-de-foto\">Mane D\u00edaz, pap\u00e1 de Luis D\u00edaz<\/p>\n<\/div>\n<p class=\"credito\">\n                            <span class=\"linea pre_credito\">Foto:<\/span><\/p>\n<p>                        <span id=\"m594-2-595\" class=\"autor\">Instagram @mane_diaz_26<\/span><\/p>\n<\/figcaption><\/div>\n<\/p><\/div>\n<p><span class=\"articulo-subtitulo subtitulo2 espacio-contenido cnx-companion-subtitle\" id=\"p257400-m602-4-603\">La pasi\u00f3n por el canto no es nueva para Mane D\u00edaz<br \/><\/span><\/p>\n<p class=\"texto contenido-parrafo-articulo cnx-companion-paragraph\" id=\"p257400-m608-5-609\">Si bien es cierto que Mane lanzar\u00e1 su primer disco, su pasi\u00f3n por la m\u00fasica no es nuevo. Seg\u00fan indica el diario <i>El Tiempo<\/i>el padre del delantero colombiano <b>lleva a\u00f1os vincul\u00e1ndose con la m\u00fasica<\/b>. Sin embargo, siempre lo ha hecho como un pasatiempo y, hasta la fecha, no lo ha llevado al \u00e1mbito profesional.<\/p>\n<p>            <span class=\"articulo-subtitulo subtitulo2 espacio-contenido cnx-companion-subtitle\" id=\"p257400-m659-7-660\">La m\u00fasica no es la \u00fanica ocupaci\u00f3n de Mane D\u00edaz<br \/><\/span><\/p>\n<p class=\"texto contenido-parrafo-articulo cnx-companion-paragraph\" id=\"p257400-m665-8-666\">Adem\u00e1s de ser reconocido por su vallenato, el padre de \u2018Lucho\u2019 ha estado volcado en la formaci\u00f3n deportiva en su natal Barrancas, La Guajira. De acuerdo a su propio relato, Mane <b>fund\u00f3 una escuela de f\u00fatbol que ha operado por d\u00e9cadas <\/b>y que, con la visibilidad de su familia, cobr\u00f3 mayor atenci\u00f3n. <\/p>\n<p class=\"texto contenido-parrafo-articulo cnx-companion-paragraph\" id=\"p257400-m671-9-672\">Gracias a la visibilidad que tuvo recientemente, le abri\u00f3 puertas al mundo publicitario, por lo que <b>le permiti\u00f3 impulsar con mayor alcance iniciativas como la escuela de f\u00fatbol Club Bayern en Barrancas<\/b> y actividades de la Fundaci\u00f3n Luis D\u00edaz. Lo cierto es que el padre de \u2018Lucho\u2019 es muy querido por los vecinos de su ciudad y, al igual que su hijo, est\u00e1 muy presente.<\/p>\n<\/div>\n\n","protected":false},"excerpt":{"rendered":"<p>Luis D\u00edaz es uno de los mejores delanteros del mundo en la actualidad y a pesar de que estar muy ligado al f\u00fatbol, su padre, Mane D\u00edaz, explorar\u00e1 otros caminos. En estos \u00faltimos d\u00edas, el progenitor comenz\u00f3 a perfilarse como cantante profesional de vallenatouna faceta que probablemente pocos conoc\u00edan y que no tiene nada que &hellip;<\/p>\n","protected":false},"author":1,"featured_media":46844,"comment_status":"open","ping_status":"open","sticky":false,"template":"","format":"standard","meta":{"fifu_image_url":"https:\/\/www.futbolred.com\/files\/og_thumbnail\/uploads\/2025\/10\/21\/68f81b6c6331c.png","fifu_image_alt":"","footnotes":""},"categories":[6],"tags":[],"class_list":["post-46843","post","type-post","status-publish","format-standard","has-post-thumbnail","","category-deportes"],"_links":{"self":[{"href":"https:\/\/noticiasveraces.com\/index.php?rest_route=\/wp\/v2\/posts\/46843","targetHints":{"allow":["GET"]}}],"collection":[{"href":"https:\/\/noticiasveraces.com\/index.php?rest_route=\/wp\/v2\/posts"}],"about":[{"href":"https:\/\/noticiasveraces.com\/index.php?rest_route=\/wp\/v2\/types\/post"}],"author":[{"embeddable":true,"href":"https:\/\/noticiasveraces.com\/index.php?rest_route=\/wp\/v2\/users\/1"}],"replies":[{"embeddable":true,"href":"https:\/\/noticiasveraces.com\/index.php?rest_route=%2Fwp%2Fv2%2Fcomments&post=46843"}],"version-history":[{"count":0,"href":"https:\/\/noticiasveraces.com\/index.php?rest_route=\/wp\/v2\/posts\/46843\/revisions"}],"wp:featuredmedia":[{"embeddable":true,"href":"https:\/\/noticiasveraces.com\/index.php?rest_route=\/wp\/v2\/media\/46844"}],"wp:attachment":[{"href":"https:\/\/noticiasveraces.com\/index.php?rest_route=%2Fwp%2Fv2%2Fmedia&parent=46843"}],"wp:term":[{"taxonomy":"category","embeddable":true,"href":"https:\/\/noticiasveraces.com\/index.php?rest_route=%2Fwp%2Fv2%2Fcategories&post=46843"},{"taxonomy":"post_tag","embeddable":true,"href":"https:\/\/noticiasveraces.com\/index.php?rest_route=%2Fwp%2Fv2%2Ftags&post=46843"}],"curies":[{"name":"wp","href":"https:\/\/api.w.org\/{rel}","templated":true}]}}