{"id":46840,"date":"2025-10-22T20:18:11","date_gmt":"2025-10-23T00:18:11","guid":{"rendered":"https:\/\/noticiasveraces.com\/?p=46840"},"modified":"2025-10-22T20:18:11","modified_gmt":"2025-10-23T00:18:11","slug":"llego-a-venezuela-un-vuelo-con-208-migrantes-repatriados-de-ee-uu","status":"publish","type":"post","link":"https:\/\/noticiasveraces.com\/?p=46840","title":{"rendered":"Lleg\u00f3 a Venezuela un vuelo con 208 migrantes repatriados de EE UU"},"content":{"rendered":"<p> \n<\/p>\n<div>\n<p>Un avi\u00f3n de la aerol\u00ednea estadounidense Eastern arrib\u00f3 el mi\u00e9rcoles 22 de octubre con <strong>208 migrantes venezolanos<\/strong> que hab\u00edan migrado a Estados Unidos. El vuelo de repatriaci\u00f3n aterriz\u00f3 en el Aeropuerto Internacional Sim\u00f3n Bol\u00edvar de Maiquet\u00eda, en La Guaira. <\/p>\n<p>Las autoridades venezolanas informaron que entre los pasajeros se encuentran <strong>159 hombres, 35 mujeres, 3 adolescentes y 10 ni\u00f1os. <\/strong><\/p>\n<p>Se trata del vuelo del plan Vuelta a la Patria n\u00famero 79, y las personas recibir\u00e1n atenci\u00f3n integral en salud, seguridad y asesor\u00eda jur\u00eddica como parte de su retorno al pa\u00eds. <\/p>\n<p>En total, al menos <strong>15 mil persona<\/strong>s han retornado al pa\u00eds desde febrero de 2025, cuando se anunciaron los vuelos de repatriaci\u00f3n entre ambos pa\u00edses.<\/p>\n<h2 class=\"wp-block-heading\" id=\"h-migrantes-venezolanos-repatriados\"><strong>Migrantes venezolanos repatriados<\/strong><\/h2>\n<figure class=\"wp-block-image size-large\"><picture fetchpriority=\"high\" decoding=\"async\" class=\"wp-image-806063\"><source type=\"image\/webp\" sizes=\"(max-width: 1200px) 100vw, 1200px\" nitro-lazy-srcset=\"https:\/\/eldiario.com\/nitropack_static\/DWpklAePbJBFiBKvuTtiGMLbtJlHUqWt\/assets\/images\/optimized\/rev-4610e21\/eldiario.com\/wp-content\/uploads\/2025\/07\/venezolanos-repatriados-1-1200x739.jpg.webp 1200w, https:\/\/eldiario.com\/nitropack_static\/DWpklAePbJBFiBKvuTtiGMLbtJlHUqWt\/assets\/images\/optimized\/rev-4610e21\/eldiario.com\/wp-content\/uploads\/2025\/07\/venezolanos-repatriados-1-300x185.jpg.webp 300w, https:\/\/eldiario.com\/nitropack_static\/DWpklAePbJBFiBKvuTtiGMLbtJlHUqWt\/assets\/images\/optimized\/rev-4610e21\/eldiario.com\/wp-content\/uploads\/2025\/07\/venezolanos-repatriados-1-768x473.jpg.webp 768w, https:\/\/eldiario.com\/nitropack_static\/DWpklAePbJBFiBKvuTtiGMLbtJlHUqWt\/assets\/images\/optimized\/rev-4610e21\/eldiario.com\/wp-content\/uploads\/2025\/07\/venezolanos-repatriados-1-1536x946.jpg.webp 1536w, https:\/\/eldiario.com\/nitropack_static\/DWpklAePbJBFiBKvuTtiGMLbtJlHUqWt\/assets\/images\/optimized\/rev-4610e21\/eldiario.com\/wp-content\/uploads\/2025\/07\/venezolanos-repatriados-1-860x529.jpg.webp 860w, https:\/\/eldiario.com\/nitropack_static\/DWpklAePbJBFiBKvuTtiGMLbtJlHUqWt\/assets\/images\/optimized\/rev-4610e21\/eldiario.com\/wp-content\/uploads\/2025\/07\/venezolanos-repatriados-1-150x92.jpg.webp 150w, https:\/\/eldiario.com\/nitropack_static\/DWpklAePbJBFiBKvuTtiGMLbtJlHUqWt\/assets\/images\/optimized\/rev-4610e21\/eldiario.com\/wp-content\/uploads\/2025\/07\/venezolanos-repatriados-1.jpg.webp 1600w\" nitro-lazy-empty=\"\" id=\"ODE0Ojc1Mg==-1\" srcset=\"data:image\/svg+xml;nitro-empty-id=ODE0Ojc1Mg==-1;base64,PHN2ZyB2aWV3Qm94PSIwIDAgMTIwMCA3MzkiIHdpZHRoPSIxMjAwIiBoZWlnaHQ9IjczOSIgeG1sbnM9Imh0dHA6Ly93d3cudzMub3JnLzIwMDAvc3ZnIj48L3N2Zz4=\"\/><img fetchpriority=\"high\" width=\"1200\" height=\"739\" alt=\"Borrador autom\u00e1tico\" sizes=\"(max-width: 1200px) 100vw, 1200px\" srcset=\"https:\/\/eldiario.com\/nitropack_static\/DWpklAePbJBFiBKvuTtiGMLbtJlHUqWt\/assets\/images\/optimized\/rev-4610e21\/eldiario.com\/wp-content\/uploads\/2025\/07\/venezolanos-repatriados-1-1200x739.jpg 1200w, https:\/\/eldiario.com\/nitropack_static\/DWpklAePbJBFiBKvuTtiGMLbtJlHUqWt\/assets\/images\/optimized\/rev-4610e21\/eldiario.com\/wp-content\/uploads\/2025\/07\/venezolanos-repatriados-1-300x185.jpg 300w, https:\/\/eldiario.com\/nitropack_static\/DWpklAePbJBFiBKvuTtiGMLbtJlHUqWt\/assets\/images\/optimized\/rev-4610e21\/eldiario.com\/wp-content\/uploads\/2025\/07\/venezolanos-repatriados-1-768x473.jpg 768w, https:\/\/eldiario.com\/nitropack_static\/DWpklAePbJBFiBKvuTtiGMLbtJlHUqWt\/assets\/images\/optimized\/rev-4610e21\/eldiario.com\/wp-content\/uploads\/2025\/07\/venezolanos-repatriados-1-1536x946.jpg 1536w, https:\/\/eldiario.com\/nitropack_static\/DWpklAePbJBFiBKvuTtiGMLbtJlHUqWt\/assets\/images\/optimized\/rev-4610e21\/eldiario.com\/wp-content\/uploads\/2025\/07\/venezolanos-repatriados-1-860x529.jpg 860w, https:\/\/eldiario.com\/nitropack_static\/DWpklAePbJBFiBKvuTtiGMLbtJlHUqWt\/assets\/images\/optimized\/rev-4610e21\/eldiario.com\/wp-content\/uploads\/2025\/07\/venezolanos-repatriados-1-150x92.jpg 150w, https:\/\/eldiario.com\/nitropack_static\/DWpklAePbJBFiBKvuTtiGMLbtJlHUqWt\/assets\/images\/optimized\/rev-4610e21\/eldiario.com\/wp-content\/uploads\/2025\/07\/venezolanos-repatriados-1.jpg 1600w\" src=\"https:\/\/eldiario.com\/nitropack_static\/DWpklAePbJBFiBKvuTtiGMLbtJlHUqWt\/assets\/images\/optimized\/rev-4610e21\/eldiario.com\/wp-content\/uploads\/2025\/07\/venezolanos-repatriados-1-1200x739.jpg\" class=\"nitro-lazy\" decoding=\"async\" nitro-lazy-empty=\"\" id=\"ODE1Ojg4MA==-1\"\/> <\/picture><figcaption class=\"wp-element-caption\">Foto de : MPPRIJP<\/figcaption><\/figure>\n<p>La mayor\u00eda de los ciudadanos que han llegado a Venezuela han sido deportados por la administraci\u00f3n de Donald Trump desde febrero, tras un acuerdo suscrito en enero por Caracas y Washington, que no sostienen relaciones diplom\u00e1ticas desde 2019.<\/p>\n<p>El 13 de marzo de 2025, Richard Grenell, enviado de EE UU para Misiones Especiales, asegur\u00f3 que Venezuela \u201cacord\u00f3 reanudar los vuelos para recoger a sus ciudadanos que infringieron las leyes de inmigraci\u00f3n estadounidenses e ingresaron ilegalmente en el pa\u00eds\u201d.<\/p>\n<p>El Ministerio de Comunicaci\u00f3n de Venezuela indic\u00f3 que el gobierno estadounidense notific\u00f3 que algunas personas que fueron enviadas de regreso al pa\u00eds est\u00e1n presuntamente ligadas a actividades delictivas o estar\u00edan involucradas en las acciones de la banda criminal transnacional el Tren de Aragua.<\/p>\n<p>No obstante, Diosdado Cabello, ministro de Interior, Justicia y Paz, ha negado esa aseveraci\u00f3n y sostiene que ninguno de los deportados es miembro del grupo criminal, aunque acept\u00f3 que tras una revisi\u00f3n de los antecedentes penales se determin\u00f3 que varios de los migrantes venezolanos retornados tienen casos pendientes con la justicia venezolana.<\/p>\n<\/p><\/div>\n\n","protected":false},"excerpt":{"rendered":"<p>Un avi\u00f3n de la aerol\u00ednea estadounidense Eastern arrib\u00f3 el mi\u00e9rcoles 22 de octubre con 208 migrantes venezolanos que hab\u00edan migrado a Estados Unidos. El vuelo de repatriaci\u00f3n aterriz\u00f3 en el Aeropuerto Internacional Sim\u00f3n Bol\u00edvar de Maiquet\u00eda, en La Guaira. Las autoridades venezolanas informaron que entre los pasajeros se encuentran 159 hombres, 35 mujeres, 3 adolescentes &hellip;<\/p>\n","protected":false},"author":1,"featured_media":46842,"comment_status":"open","ping_status":"open","sticky":false,"template":"","format":"standard","meta":{"fifu_image_url":"https:\/\/eldiario.com\/wp-content\/uploads\/2025\/10\/Vuelta-a-la-patria.jpg","fifu_image_alt":"","footnotes":""},"categories":[13],"tags":[],"class_list":["post-46840","post","type-post","status-publish","format-standard","has-post-thumbnail","","category-mundo"],"_links":{"self":[{"href":"https:\/\/noticiasveraces.com\/index.php?rest_route=\/wp\/v2\/posts\/46840","targetHints":{"allow":["GET"]}}],"collection":[{"href":"https:\/\/noticiasveraces.com\/index.php?rest_route=\/wp\/v2\/posts"}],"about":[{"href":"https:\/\/noticiasveraces.com\/index.php?rest_route=\/wp\/v2\/types\/post"}],"author":[{"embeddable":true,"href":"https:\/\/noticiasveraces.com\/index.php?rest_route=\/wp\/v2\/users\/1"}],"replies":[{"embeddable":true,"href":"https:\/\/noticiasveraces.com\/index.php?rest_route=%2Fwp%2Fv2%2Fcomments&post=46840"}],"version-history":[{"count":0,"href":"https:\/\/noticiasveraces.com\/index.php?rest_route=\/wp\/v2\/posts\/46840\/revisions"}],"wp:featuredmedia":[{"embeddable":true,"href":"https:\/\/noticiasveraces.com\/index.php?rest_route=\/wp\/v2\/media\/46842"}],"wp:attachment":[{"href":"https:\/\/noticiasveraces.com\/index.php?rest_route=%2Fwp%2Fv2%2Fmedia&parent=46840"}],"wp:term":[{"taxonomy":"category","embeddable":true,"href":"https:\/\/noticiasveraces.com\/index.php?rest_route=%2Fwp%2Fv2%2Fcategories&post=46840"},{"taxonomy":"post_tag","embeddable":true,"href":"https:\/\/noticiasveraces.com\/index.php?rest_route=%2Fwp%2Fv2%2Ftags&post=46840"}],"curies":[{"name":"wp","href":"https:\/\/api.w.org\/{rel}","templated":true}]}}