{"id":46814,"date":"2025-10-22T15:19:01","date_gmt":"2025-10-22T19:19:01","guid":{"rendered":"https:\/\/noticiasveraces.com\/?p=46814"},"modified":"2025-10-22T15:19:01","modified_gmt":"2025-10-22T19:19:01","slug":"bon-jovi-anuncia-gira-2026-despues-de-una-pausa-de-4-anos-antes-del-lanzamiento-del-nuevo-album-musica-entretenimiento","status":"publish","type":"post","link":"https:\/\/noticiasveraces.com\/?p=46814","title":{"rendered":"Bon Jovi anuncia gira 2026 despu\u00e9s de una pausa de 4 a\u00f1os antes del lanzamiento del nuevo \u00e1lbum | M\u00fasica | Entretenimiento"},"content":{"rendered":"<p> \n<\/p>\n<div>\n<p>A principios de este verano, Bon Jovi realiz\u00f3 su primer concierto completo en vivo en tres a\u00f1os despu\u00e9s de la cirug\u00eda de las cuerdas vocales de Jon Bon Jovi.<\/p>\n<p>Las leyendas del rock, que han vendido m\u00e1s de 130 millones de \u00e1lbumes en todo el mundo, ahora est\u00e1n listas para salir a la carretera con un regreso a las giras mundiales.<\/p>\n<p>Bon Jovi actuar\u00e1 en Nueva York, Londres, Dubl\u00edn y Edimburgo el pr\u00f3ximo a\u00f1o, tras la muy documentada recuperaci\u00f3n vocal del cantante, como se muestra en la serie documental de Disney+, Thank You, Goodnight: The Bon Jovi Story.<\/p>\n<p>El anuncio coincide con el \u00faltimo \u00e1lbum de estudio de la banda FOREVER (Legendary Edition), que sale este viernes.<\/p>\n<p>El disco colaborativo presenta versiones reinventadas de las \u00faltimas canciones de Bon Jovi de artistas como Bruce Springsteen, Robbie Williams y Joe Elliott.<\/p>\n<\/div>\n<div>\n<p>Hablando sobre el anuncio de la gira de hoy, Jon Bon Jovi dijo: \u00abHay mucha alegr\u00eda en este anuncio: alegr\u00eda de poder compartir estas noches junto con nuestros incre\u00edbles fans y alegr\u00eda de que la banda pueda estar junta. Tengo la suerte de poder sostener una luz ante el p\u00fablico cada noche y pararme en su reflejo para vivir una tremenda experiencia colectiva. Puedo estar en el NOSOTROS de nuestros conciertos. Y he hablado extensamente sobre mi gratitud, pero lo dir\u00e9 nuevamente, estoy profundamente agradecido\u00bb. Que los fans y la hermandad de esta banda han sido pacientes y me han permitido el tiempo necesario para recuperarme y prepararme para la gira. \u00a1Estoy listo y emocionado!\u201d<\/p>\n<\/div>\n<div>\n<p><strong>FECHAS DE LA GIRA 2026:<\/strong><\/p>\n<p>Martes 7 de julio \u2013 Nueva York, Madison Square Garden<\/p>\n<p>Jueves 9 de julio \u2013 Nueva York, Madison Square Garden<\/p>\n<p>Domingo 12 de julio \u2013 Nueva York, Madison Square Garden<\/p>\n<p>Martes 14 de julio \u2013 Nueva York, Madison Square Garden<\/p>\n<p>Viernes 28 de agosto \u2013 Edimburgo, Reino Unido, Estadio Scottish Gas Murrayfield<\/p>\n<p>Domingo 30 de agosto \u2013 Dubl\u00edn, Irlanda, Croke Park<\/p>\n<p>Viernes 4 de septiembre \u2013 Londres, Reino Unido, estadio de Wembley<\/p>\n<p>BOLETOS &#8211; REINO UNIDO\/IRLANDA: Los fan\u00e1ticos pueden reservar FOREVER (Legendary Edition) en shop.bonjovi.com para acceder a la preventa a partir del lunes 27 de octubre a las 9 a. m., hora local. Se realizar\u00e1n preventas adicionales durante la semana antes de la venta general que comenzar\u00e1 el viernes 31 de octubre a las 9 a.m. hora local en bonjovi.com y LiveNation.co.uk.<\/p>\n<\/div>\n\n","protected":false},"excerpt":{"rendered":"<p>A principios de este verano, Bon Jovi realiz\u00f3 su primer concierto completo en vivo en tres a\u00f1os despu\u00e9s de la cirug\u00eda de las cuerdas vocales de Jon Bon Jovi. Las leyendas del rock, que han vendido m\u00e1s de 130 millones de \u00e1lbumes en todo el mundo, ahora est\u00e1n listas para salir a la carretera con &hellip;<\/p>\n","protected":false},"author":1,"featured_media":46815,"comment_status":"open","ping_status":"open","sticky":false,"template":"","format":"standard","meta":{"fifu_image_url":"https:\/\/cdn.images.express.co.uk\/img\/dynamic\/35\/1200x630\/6506452.jpg","fifu_image_alt":"","footnotes":""},"categories":[766],"tags":[],"class_list":["post-46814","post","type-post","status-publish","format-standard","has-post-thumbnail","","category-musica"],"_links":{"self":[{"href":"https:\/\/noticiasveraces.com\/index.php?rest_route=\/wp\/v2\/posts\/46814","targetHints":{"allow":["GET"]}}],"collection":[{"href":"https:\/\/noticiasveraces.com\/index.php?rest_route=\/wp\/v2\/posts"}],"about":[{"href":"https:\/\/noticiasveraces.com\/index.php?rest_route=\/wp\/v2\/types\/post"}],"author":[{"embeddable":true,"href":"https:\/\/noticiasveraces.com\/index.php?rest_route=\/wp\/v2\/users\/1"}],"replies":[{"embeddable":true,"href":"https:\/\/noticiasveraces.com\/index.php?rest_route=%2Fwp%2Fv2%2Fcomments&post=46814"}],"version-history":[{"count":0,"href":"https:\/\/noticiasveraces.com\/index.php?rest_route=\/wp\/v2\/posts\/46814\/revisions"}],"wp:featuredmedia":[{"embeddable":true,"href":"https:\/\/noticiasveraces.com\/index.php?rest_route=\/wp\/v2\/media\/46815"}],"wp:attachment":[{"href":"https:\/\/noticiasveraces.com\/index.php?rest_route=%2Fwp%2Fv2%2Fmedia&parent=46814"}],"wp:term":[{"taxonomy":"category","embeddable":true,"href":"https:\/\/noticiasveraces.com\/index.php?rest_route=%2Fwp%2Fv2%2Fcategories&post=46814"},{"taxonomy":"post_tag","embeddable":true,"href":"https:\/\/noticiasveraces.com\/index.php?rest_route=%2Fwp%2Fv2%2Ftags&post=46814"}],"curies":[{"name":"wp","href":"https:\/\/api.w.org\/{rel}","templated":true}]}}