{"id":46805,"date":"2025-10-22T14:24:17","date_gmt":"2025-10-22T18:24:17","guid":{"rendered":"https:\/\/noticiasveraces.com\/?p=46805"},"modified":"2025-10-22T14:24:17","modified_gmt":"2025-10-22T18:24:17","slug":"paso-de-ser-recogebolas-con-james-rodriguez-a-brillar-junto-luis-diaz-curiosidades-de-futbol","status":"publish","type":"post","link":"https:\/\/noticiasveraces.com\/?p=46805","title":{"rendered":"Pas\u00f3 de ser recogebolas con James Rodr\u00edguez, a brillar junto Luis D\u00edaz | Curiosidades de f\u00fatbol"},"content":{"rendered":"<p> \n<\/p>\n<div id=\"cuerpoArticulo\">\n<p class=\"texto intro cnx-companion-firstparagraph\" id=\"p257432-m538-537-539\"><b>James Rodr\u00edguez<\/b> fue uno de los mejores jugadores colombianos del siglo y, adem\u00e1s de brillar en Real Madrid, tambi\u00e9n <b>supo destacar en el Bayern M\u00fanich<\/b>. All\u00ed comparti\u00f3 equipo con estrellas como Arjen Robben, Franck Rib\u00e9ry y Robert Lewandowski, por ejemplo. Sin embargo, <b>hubo un ni\u00f1o que conoci\u00f3 al colombiano siendo recogebolas: Aleksandar Pavlovi\u0107<\/b>quien hoy brilla al lado de Luis D\u00edaz.<\/p>\n<p class=\"texto contenido-parrafo-articulo cnx-companion-paragraph\" id=\"p257432-m556-2-557\">Un peque\u00f1o <b>Pavlovi\u0107 le ped\u00eda una foto a James all\u00e1 por el a\u00f1o 2018<\/b>cuando el cucute\u00f1o formaba parte de la escuadra alemana. Sin embargo, nadie esperaba que hoy, 7 a\u00f1os m\u00e1s tarde, ese ni\u00f1o que se tomaba una foto con el \u201810\u2019 de la Selecci\u00f3n Colombia sea uno de los pilares del Bayern M\u00fanich, equipo que buscar\u00e1 mantener su largo invicto de 11 partidos al enfrentar al Brujas en la UEFA Champions League.<\/p>\n<div class=\"fotografia caja-articulo\" id=\"p257432-m562-3-563\">\n<div class=\"imagen-cuerpo-bk\">\n<figure itemscope=\"\" itemtype=\"https:\/\/schema.org\/ImageObject\" itemprop=\"image\" id=\"m567-566-568\" class=\"foto-galeria-articulo imagen-articulo foto-texto-articulo-galeria\"><img decoding=\"async\" alt=\"pavlovi\u0107\" src=\"data:image\/png;base64,iVBORw0KGgoAAAANSUhEUgAAAAEAAAABCAQAAAC1HAwCAAAAC0lEQVR42mP8\/x0AAvsB+DlKarAAAAAASUVORK5CYII=\" style=\" display: inline;\" data-original=\"\/files\/article_content\/uploads\/2025\/10\/22\/68f8f75aaec97.jpeg\"\/><meta itemprop=\"width\" content=\"600\"\/><meta itemprop=\"height\" content=\"450\"\/> <meta itemprop=\"url\" content=\"https:\/\/www.futbolred.com\/files\/article_content\/uploads\/2025\/10\/22\/68f8f75aaec97.jpeg\"\/><\/figure>\n<\/div>\n<div class=\"figcaption-cuerpo-bk credito-image-bk\"><figcaption class=\"foto-info\">\n<div class=\"titulo-foto-bk\">\n<p id=\"m574-1-575\" class=\"titulo pie-de-foto\">Pavlovic en Bayern M\u00fanich<\/p>\n<\/div>\n<p class=\"credito\">\n                            <span class=\"linea pre_credito\">Foto:<\/span><\/p>\n<p>                        <span id=\"m580-2-581\" class=\"autor\">Bayern M\u00fanich<\/span><\/p>\n<\/figcaption><\/div>\n<\/p><\/div>\n<p class=\"texto contenido-parrafo-articulo cnx-companion-paragraph\" id=\"p257432-m588-4-589\">Con solo 21 a\u00f1os, <b>Pavlovi\u0107 se ha hecho con la titularidad en el centro del campo<\/b> del conjunto b\u00e1varo. El juvenil se gan\u00f3 la confianza de Vincent Kompany, su entrenador, y comparte jugadas con Luis D\u00edaz, una de las principales figuras del equipo b\u00e1varo. Lo cierto es que el alem\u00e1n est\u00e1 cumpliendo un sue\u00f1o y a\u00fan tiene mucho por delante.<\/p>\n<p>            <span class=\"articulo-subtitulo subtitulo2 espacio-contenido cnx-companion-subtitle\" id=\"p257432-m639-6-640\">Los n\u00fameros de Pavlovi\u0107, compa\u00f1ero de Luis D\u00edaz en Bayern M\u00fanich<br \/><\/span><\/p>\n<p class=\"texto contenido-parrafo-articulo cnx-companion-paragraph\" id=\"p257432-m645-7-646\">Tras el inicio de la temporada 2025-26, Pavlovi\u0107 ha jugado un total de 9 partidos con la camiseta del Bayern M\u00fanich, por lo que solamente se perdi\u00f3 2 encuentros. El alem\u00e1n acumula 1 gol anotado y <b>se encuentra dentro de los 10 mejores jugadores del conjunto b\u00e1varo en la Bundesliga<\/b>seg\u00fan <i>Sofascore<\/i>. Se ubica en la s\u00e9ptima posici\u00f3n con una valoraci\u00f3n promedio de 7.15 sobre 10.<\/p>\n<p><span class=\"articulo-subtitulo subtitulo2 espacio-contenido cnx-companion-subtitle\" id=\"p257432-m651-8-652\">El precio de Pavlovi\u0107 en 2025, 7 a\u00f1os despu\u00e9s de la foto con James Rodr\u00edguez<br \/><\/span><\/p>\n<p class=\"texto contenido-parrafo-articulo cnx-companion-paragraph\" id=\"p257432-m657-9-658\">Con solo 21 a\u00f1os, Pavlovi\u0107 se ha convertido en uno de los jugadores m\u00e1s valorados del mundo. Seg\u00fan <i>Mercado de fichajes<\/i>sitio especializado en valores de mercado y transferencias, <b>su precio es de 55 millones de euros en la actualidad<\/b>. En estos momentos, el mediocampista alem\u00e1n se encuentra en su m\u00e1ximo hist\u00f3rico, demostrando que est\u00e1 en el mejor pasar de su carrera.<\/p>\n<\/div>\n\n","protected":false},"excerpt":{"rendered":"<p>James Rodr\u00edguez fue uno de los mejores jugadores colombianos del siglo y, adem\u00e1s de brillar en Real Madrid, tambi\u00e9n supo destacar en el Bayern M\u00fanich. All\u00ed comparti\u00f3 equipo con estrellas como Arjen Robben, Franck Rib\u00e9ry y Robert Lewandowski, por ejemplo. Sin embargo, hubo un ni\u00f1o que conoci\u00f3 al colombiano siendo recogebolas: Aleksandar Pavlovi\u0107quien hoy brilla &hellip;<\/p>\n","protected":false},"author":1,"featured_media":46806,"comment_status":"open","ping_status":"open","sticky":false,"template":"","format":"standard","meta":{"fifu_image_url":"https:\/\/www.futbolred.com\/files\/og_thumbnail\/uploads\/2025\/10\/22\/68f8f6b8ef4fb.png","fifu_image_alt":"","footnotes":""},"categories":[6],"tags":[],"class_list":["post-46805","post","type-post","status-publish","format-standard","has-post-thumbnail","","category-deportes"],"_links":{"self":[{"href":"https:\/\/noticiasveraces.com\/index.php?rest_route=\/wp\/v2\/posts\/46805","targetHints":{"allow":["GET"]}}],"collection":[{"href":"https:\/\/noticiasveraces.com\/index.php?rest_route=\/wp\/v2\/posts"}],"about":[{"href":"https:\/\/noticiasveraces.com\/index.php?rest_route=\/wp\/v2\/types\/post"}],"author":[{"embeddable":true,"href":"https:\/\/noticiasveraces.com\/index.php?rest_route=\/wp\/v2\/users\/1"}],"replies":[{"embeddable":true,"href":"https:\/\/noticiasveraces.com\/index.php?rest_route=%2Fwp%2Fv2%2Fcomments&post=46805"}],"version-history":[{"count":0,"href":"https:\/\/noticiasveraces.com\/index.php?rest_route=\/wp\/v2\/posts\/46805\/revisions"}],"wp:featuredmedia":[{"embeddable":true,"href":"https:\/\/noticiasveraces.com\/index.php?rest_route=\/wp\/v2\/media\/46806"}],"wp:attachment":[{"href":"https:\/\/noticiasveraces.com\/index.php?rest_route=%2Fwp%2Fv2%2Fmedia&parent=46805"}],"wp:term":[{"taxonomy":"category","embeddable":true,"href":"https:\/\/noticiasveraces.com\/index.php?rest_route=%2Fwp%2Fv2%2Fcategories&post=46805"},{"taxonomy":"post_tag","embeddable":true,"href":"https:\/\/noticiasveraces.com\/index.php?rest_route=%2Fwp%2Fv2%2Ftags&post=46805"}],"curies":[{"name":"wp","href":"https:\/\/api.w.org\/{rel}","templated":true}]}}