{"id":46788,"date":"2025-10-22T10:50:03","date_gmt":"2025-10-22T14:50:03","guid":{"rendered":"https:\/\/noticiasveraces.com\/?p=46788"},"modified":"2025-10-22T10:50:03","modified_gmt":"2025-10-22T14:50:03","slug":"trump-vs-petro-hasta-donde-llegara-la-tension","status":"publish","type":"post","link":"https:\/\/noticiasveraces.com\/?p=46788","title":{"rendered":"Trump vs. Petro: \u00bfhasta d\u00f3nde llegar\u00e1 la tensi\u00f3n?"},"content":{"rendered":"<p> \n<br \/><img decoding=\"async\" src=\"https:\/\/s.france24.com\/media\/display\/5b4ac726-dc26-11ef-87c9-005056bfb2b6\/w:1024\/p:16x9\/WhatsApp%20Image%202025-01-26%20at%2015.38.05.jpeg\" \/><\/p>\n<p>                                                El pulso entre Donald Trump y Gustavo Petro se recrudece. El cap\u00edtulo m\u00e1s reciente de la tensi\u00f3n comenz\u00f3 cuando Estados Unidos bombarde\u00f3 una embarcaci\u00f3n en el Caribe en la que iban ciudadanos colombianos. Ambos pa\u00edses cruzaron versiones sobre qui\u00e9nes eran los fallecidos. Luego de que Petro acusara a Trump de violar la soberan\u00eda, el mandatario estadounidense tach\u00f3 a su hom\u00f3logo colombiano de \u00abl\u00edder del narcotr\u00e1fico\u00bb y amenaz\u00f3 con congelar los subsidios a Colombia. \u00bfHasta d\u00f3nde llegar\u00e1n las tensiones?                    <\/p>\n<div>\n<p>Nuevo episodio de la tensi\u00f3n entre Donald Trump y Gustavo Petro. El pasado 19 de octubre, el jefe de la Casa Blanca acus\u00f3 al presidente colombiano de ser \u201cun l\u00edder del narcotr\u00e1fico\u201d y asegur\u00f3 que su pa\u00eds dejar\u00eda de financiar los subsidios a Colombia por \u201csu inacci\u00f3n en la lucha contra el narcotr\u00e1fico\u201d, sin especificar a qu\u00e9 fondos se refer\u00eda. <\/p>\n<p>Petro, por su parte, le dijo al magnate republicano que estaba \u201cenga\u00f1ado\u201d al tacharlo de tal manera y agreg\u00f3 que, por el contrario, lo que ha hecho a lo largo de su carrera es denunciar a las mafias de las drogas. <\/p>\n<p class=\"a-read-more\"><span class=\"a-read-more__label\">Leer tambi\u00e9n<\/span>Trump pone fin a la ayuda financiera a Colombia y acusa a Petro de \u00abl\u00edder del narcotr\u00e1fico\u00bb<\/p>\n<p>Esto ocurre en medio de la escalada declarada por Washington contra, argumentan, el narcotr\u00e1fico y por el que ha bombardeado diferentes embarcaciones presuntamente con drogas en el mar Caribe, luego de un despliegue militar que comenz\u00f3 en agosto cerca de las costas de Venezuela. <\/p>\n<p>En ninguna de las embestidas contra los nav\u00edos en el Caribe Estados Unidos ha presentado pruebas de que las embarcaciones atacadas transportaran drogas ni que los tripulantes estuvieran vinculados al narcotr\u00e1fico. <\/p>\n<p><strong>En este contexto, \u00bfhasta d\u00f3nde llegar\u00e1n Petro y Trump?, \u00bfqu\u00e9 sigue en el pulso entre los mandatarios?<\/strong><\/p>\n<p>Lo analizamos con los nuestros invitados: <\/p>\n<ul>\n<li>Desde Cartagena, Colombia, Alejo Vargas Vel\u00e1squez, analista Pol\u00edtico\u00a0 y profesor de la Universidad Nacional<\/li>\n<li>Desde Bogot\u00e1, Jaime Zuluaga, profesor em\u00e9rito de las universidades Nacional de Colombia y Externado de Colombia. Director de la revista FORO de la Fundaci\u00f3n Foro Nacional por Colombia e integrante del grupo de estudios sobre EE. UU.\u00a0 del Consejo Latinoamericano de Ciencias Sociales, CLACSO.<\/li>\n<\/ul>\n<\/p>\n<p>\ud83d\udcf2<em><u>Suscr\u00edbete aqu\u00ed al canal de France 24 en WhatsApp y accede a todo el contenido para entender lo que acontece en el mundo.<\/u><\/em><\/p>\n<\/p><\/div>\n\n","protected":false},"excerpt":{"rendered":"<p>El pulso entre Donald Trump y Gustavo Petro se recrudece. El cap\u00edtulo m\u00e1s reciente de la tensi\u00f3n comenz\u00f3 cuando Estados Unidos bombarde\u00f3 una embarcaci\u00f3n en el Caribe en la que iban ciudadanos colombianos. Ambos pa\u00edses cruzaron versiones sobre qui\u00e9nes eran los fallecidos. Luego de que Petro acusara a Trump de violar la soberan\u00eda, el mandatario &hellip;<\/p>\n","protected":false},"author":1,"featured_media":46790,"comment_status":"open","ping_status":"open","sticky":false,"template":"","format":"standard","meta":{"fifu_image_url":"https:\/\/s.france24.com\/media\/display\/5b4ac726-dc26-11ef-87c9-005056bfb2b6\/w:1280\/p:16x9\/WhatsApp%20Image%202025-01-26%20at%2015.38.05.jpg","fifu_image_alt":"","footnotes":""},"categories":[13],"tags":[],"class_list":["post-46788","post","type-post","status-publish","format-standard","has-post-thumbnail","","category-mundo"],"_links":{"self":[{"href":"https:\/\/noticiasveraces.com\/index.php?rest_route=\/wp\/v2\/posts\/46788","targetHints":{"allow":["GET"]}}],"collection":[{"href":"https:\/\/noticiasveraces.com\/index.php?rest_route=\/wp\/v2\/posts"}],"about":[{"href":"https:\/\/noticiasveraces.com\/index.php?rest_route=\/wp\/v2\/types\/post"}],"author":[{"embeddable":true,"href":"https:\/\/noticiasveraces.com\/index.php?rest_route=\/wp\/v2\/users\/1"}],"replies":[{"embeddable":true,"href":"https:\/\/noticiasveraces.com\/index.php?rest_route=%2Fwp%2Fv2%2Fcomments&post=46788"}],"version-history":[{"count":0,"href":"https:\/\/noticiasveraces.com\/index.php?rest_route=\/wp\/v2\/posts\/46788\/revisions"}],"wp:featuredmedia":[{"embeddable":true,"href":"https:\/\/noticiasveraces.com\/index.php?rest_route=\/wp\/v2\/media\/46790"}],"wp:attachment":[{"href":"https:\/\/noticiasveraces.com\/index.php?rest_route=%2Fwp%2Fv2%2Fmedia&parent=46788"}],"wp:term":[{"taxonomy":"category","embeddable":true,"href":"https:\/\/noticiasveraces.com\/index.php?rest_route=%2Fwp%2Fv2%2Fcategories&post=46788"},{"taxonomy":"post_tag","embeddable":true,"href":"https:\/\/noticiasveraces.com\/index.php?rest_route=%2Fwp%2Fv2%2Ftags&post=46788"}],"curies":[{"name":"wp","href":"https:\/\/api.w.org\/{rel}","templated":true}]}}