{"id":46780,"date":"2025-10-22T09:45:09","date_gmt":"2025-10-22T13:45:09","guid":{"rendered":"https:\/\/noticiasveraces.com\/?p=46780"},"modified":"2025-10-22T09:45:09","modified_gmt":"2025-10-22T13:45:09","slug":"un-analisis-encuentra-una-fuerte-disminucion-en-el-numero-de-adultos-jovenes-que-se-identifican-como-transgenero-y-no-binarios","status":"publish","type":"post","link":"https:\/\/noticiasveraces.com\/?p=46780","title":{"rendered":"Un an\u00e1lisis encuentra una fuerte disminuci\u00f3n en el n\u00famero de adultos j\u00f3venes que se identifican como transg\u00e9nero y no binarios"},"content":{"rendered":"<p> \n<\/p>\n<div>\n<div id=\"beyondwords-wrapper\" class=\"beyondwords-wrapper\">\n<p><span class=\"label-bg\">NUEVO<\/span>\u00a1Ahora puedes escuchar los art\u00edculos de Fox News!\n  <\/p>\n<\/div>\n<p class=\"speakable\">Est\u00e1n surgiendo m\u00e1s datos que respaldan una fuerte disminuci\u00f3n en el n\u00famero de adultos j\u00f3venes que se identifican como transg\u00e9nero o no binarios.<\/p>\n<p class=\"speakable\">La semana pasada, Fox News Digital inform\u00f3 sobre datos compartidos por Eric Kaufman, profesor de pol\u00edtica en la Universidad de Buckingham, que muestran que la proporci\u00f3n de estudiantes universitarios que se identifican como cualquier otra cosa que no sea hombre o mujer se ha reducido a la mitad en s\u00f3lo dos a\u00f1os.<\/p>\n<p>Ahora, Jean Twenge, profesora de psicolog\u00eda de la Universidad Estatal de San Diego, ha identificado datos adicionales que parecen confirmar estos hallazgos a una escala m\u00e1s amplia.<\/p>\n<p><strong>LA &#8216;TENDENCIA&#8217; TRANSG\u00c9NERO DISMINUYE FRUTAMENTE EN LOS CAMPUS UNIVERSITARIOS AMERICANOS, ENCUENTRA UN NUEVO AN\u00c1LISIS<\/strong><\/p>\n<p>Primero, Twenge analiz\u00f3 datos de la encuesta Household Pulse, representativa a nivel nacional, que preguntaba directamente a las personas si se identificaban como transg\u00e9nero, como afirm\u00f3 en un art\u00edculo para <u>Tecnolog\u00eda de generaci\u00f3n<\/u>. <\/p>\n<p>\u00abLos datos de Household Pulse mostraron una disminuci\u00f3n en la identificaci\u00f3n trans entre los j\u00f3venes de 18 a 22 a\u00f1os en 2024, pero fui cautelosa al sacar conclusiones de ellos, ya que la disminuci\u00f3n apareci\u00f3 solo en un per\u00edodo de tiempo limitado (julio a septiembre de 2024), y dos de las tres administraciones de la encuesta agregaron una opci\u00f3n para la identificaci\u00f3n no binaria que no exist\u00eda antes\u00bb, escribi\u00f3. \u00abTal vez por eso disminuy\u00f3 la identificaci\u00f3n como trans\u00bb.<\/p>\n<div class=\"image-ct inline\">\n<div class=\"m\"><picture><source media=\"(max-width: 767px)\" srcset=\"https:\/\/a57.foxnews.com\/static.foxnews.com\/foxnews.com\/content\/uploads\/2025\/10\/343\/192\/young-adults-walking-trans-study.jpg?ve=1&amp;tl=1, https:\/\/a57.foxnews.com\/static.foxnews.com\/foxnews.com\/content\/uploads\/2025\/10\/686\/384\/young-adults-walking-trans-study.jpg?ve=1&amp;tl=1 2x\" height=\"192\" width=\"343\"><source media=\"(min-width: 768px) and (max-width: 1023px)\" srcset=\"https:\/\/a57.foxnews.com\/static.foxnews.com\/foxnews.com\/content\/uploads\/2025\/10\/672\/378\/young-adults-walking-trans-study.jpg?ve=1&amp;tl=1, https:\/\/a57.foxnews.com\/static.foxnews.com\/foxnews.com\/content\/uploads\/2025\/10\/1344\/756\/young-adults-walking-trans-study.jpg?ve=1&amp;tl=1 2x\" height=\"378\" width=\"672\"><source media=\"(min-width: 1024px) and (max-width: 1279px)\" srcset=\"https:\/\/a57.foxnews.com\/static.foxnews.com\/foxnews.com\/content\/uploads\/2025\/10\/931\/523\/young-adults-walking-trans-study.jpg?ve=1&amp;tl=1, https:\/\/a57.foxnews.com\/static.foxnews.com\/foxnews.com\/content\/uploads\/2025\/10\/1862\/1046\/young-adults-walking-trans-study.jpg?ve=1&amp;tl=1 2x\" height=\"523\" width=\"931\"><source media=\"(min-width: 1280px)\" srcset=\"https:\/\/a57.foxnews.com\/static.foxnews.com\/foxnews.com\/content\/uploads\/2025\/10\/720\/405\/young-adults-walking-trans-study.jpg?ve=1&amp;tl=1, https:\/\/a57.foxnews.com\/static.foxnews.com\/foxnews.com\/content\/uploads\/2025\/10\/1440\/810\/young-adults-walking-trans-study.jpg?ve=1&amp;tl=1 2x\" height=\"405\" width=\"720\"><img loading=\"lazy\" decoding=\"async\" src=\"https:\/\/a57.foxnews.com\/static.foxnews.com\/foxnews.com\/content\/uploads\/2025\/10\/1200\/675\/young-adults-walking-trans-study.jpg?ve=1&amp;tl=1\" alt=\"Adultos j\u00f3venes caminando por las calles de la ciudad\" width=\"1200\" height=\"675\"\/><\/source><\/source><\/source><\/source><\/picture><\/div>\n<div class=\"info\">\n<div class=\"caption\">\n<p><span>Est\u00e1n surgiendo m\u00e1s datos que respaldan una fuerte disminuci\u00f3n en el n\u00famero de adultos j\u00f3venes que se identifican como transg\u00e9nero o no binarios.<\/span> <span>(iStock)<\/span><\/p>\n<\/div>\n<\/div>\n<\/div>\n<p>A continuaci\u00f3n, el profesor, que tambi\u00e9n es autor del libro \u00abGeneraciones: las diferencias reales entre la Generaci\u00f3n Z, los Millennials, la Generaci\u00f3n X, los Boomers y los Silents\u00bb, examin\u00f3 otra encuesta representativa a nivel nacional.<\/p>\n<p>El Estudio Electoral Cooperativo (CES), una encuesta no probabil\u00edstica realizada cada a\u00f1o en oto\u00f1o por YouGov y administrada por la Universidad de Tufts, pregunt\u00f3 sobre la identificaci\u00f3n transg\u00e9nero entre todos los adultos estadounidenses de 2021 a 2024. Tambi\u00e9n incluy\u00f3 una pregunta separada sobre la identificaci\u00f3n como no binario.<\/p>\n<p><strong><u>CIRUG\u00cdAS TRANS AUMENTA EL RIESGO DE CONDICIONES DE SALUD MENTAL E IDEAS SUICIDAS: ESTUDIO<\/u><\/strong><\/p>\n<p>En 2021, 2022 y 2024, la CES pregunt\u00f3: \u00ab\u00bfTe identificas como transg\u00e9nero?\u00bb Las opciones fueron \u00abs\u00ed\u00bb, \u00abno\u00bb y \u00abprefiero no decirlo\u00bb. <\/p>\n<p>Las respuestas de \u00abPrefiero no decirlo\u00bb se trataron como datos faltantes, comparti\u00f3 Twenge con Fox News Digital.<\/p>\n<p>A partir de 2021, la pregunta de sexo\/g\u00e9nero de la CES preguntaba: \u00ab\u00bfCu\u00e1l es tu g\u00e9nero?\u00bb con opciones de \u00abhombre\u00bb, \u00abmujer\u00bb, \u00abno binario\u00bb y \u00abotro\u00bb.<\/p>\n<div class=\"image-ct inline\">\n<div class=\"m\"><picture><source media=\"(max-width: 767px)\" srcset=\"https:\/\/a57.foxnews.com\/static.foxnews.com\/foxnews.com\/content\/uploads\/2023\/04\/343\/192\/GettyImages-1135844906.jpg?ve=1&amp;tl=1, https:\/\/a57.foxnews.com\/static.foxnews.com\/foxnews.com\/content\/uploads\/2023\/04\/686\/384\/GettyImages-1135844906.jpg?ve=1&amp;tl=1 2x\" height=\"192\" width=\"343\"><source media=\"(min-width: 768px) and (max-width: 1023px)\" srcset=\"https:\/\/a57.foxnews.com\/static.foxnews.com\/foxnews.com\/content\/uploads\/2023\/04\/672\/378\/GettyImages-1135844906.jpg?ve=1&amp;tl=1, https:\/\/a57.foxnews.com\/static.foxnews.com\/foxnews.com\/content\/uploads\/2023\/04\/1344\/756\/GettyImages-1135844906.jpg?ve=1&amp;tl=1 2x\" height=\"378\" width=\"672\"><source media=\"(min-width: 1024px) and (max-width: 1279px)\" srcset=\"https:\/\/a57.foxnews.com\/static.foxnews.com\/foxnews.com\/content\/uploads\/2023\/04\/931\/523\/GettyImages-1135844906.jpg?ve=1&amp;tl=1, https:\/\/a57.foxnews.com\/static.foxnews.com\/foxnews.com\/content\/uploads\/2023\/04\/1862\/1046\/GettyImages-1135844906.jpg?ve=1&amp;tl=1 2x\" height=\"523\" width=\"931\"><source media=\"(min-width: 1280px)\" srcset=\"https:\/\/a57.foxnews.com\/static.foxnews.com\/foxnews.com\/content\/uploads\/2023\/04\/720\/405\/GettyImages-1135844906.jpg?ve=1&amp;tl=1, https:\/\/a57.foxnews.com\/static.foxnews.com\/foxnews.com\/content\/uploads\/2023\/04\/1440\/810\/GettyImages-1135844906.jpg?ve=1&amp;tl=1 2x\" height=\"405\" width=\"720\"><img loading=\"lazy\" decoding=\"async\" src=\"https:\/\/a57.foxnews.com\/static.foxnews.com\/foxnews.com\/content\/uploads\/2023\/04\/1200\/675\/GettyImages-1135844906.jpg?ve=1&amp;tl=1\" alt=\"Signo de ba\u00f1o con inclusi\u00f3n de g\u00e9nero\" width=\"1200\" height=\"675\"\/><\/source><\/source><\/source><\/source><\/picture><\/div>\n<div class=\"info\">\n<div class=\"caption\">\n<p><span>A partir de 2021, la pregunta de sexo\/g\u00e9nero de la CES preguntaba: \u00ab\u00bfCu\u00e1l es tu g\u00e9nero?\u00bb con opciones de \u00abhombre\u00bb, \u00abmujer\u00bb, \u00abno binario\u00bb y \u00abotro\u00bb.<\/span> <span>(Colecci\u00f3n Smith\/Gado\/Getty Images)<\/span><\/p>\n<\/div>\n<\/div>\n<\/div>\n<p>Entre los j\u00f3venes de 18 a 22 a\u00f1os, la identificaci\u00f3n trans se redujo casi a la mitad entre 2022 y 2024, y la identificaci\u00f3n no binaria se redujo a m\u00e1s de la mitad entre 2023 y 2024.<\/p>\n<p>\u00abCuando mir\u00e9 a adultos de todas las edades en la encuesta&#8230; encontr\u00e9 un gran aumento en la identificaci\u00f3n como transg\u00e9nero desde los nacidos antes de 1980 (Gen X y Boomers) hasta los nacidos a principios de la d\u00e9cada de 2000 (que ahora tienen entre 21 y 25 a\u00f1os)\u00bb, dijo Twenge a Fox News Digital. <\/p>\n<p>\u00abLa identificaci\u00f3n como transg\u00e9nero disminuy\u00f3, especialmente entre los nacidos en 2005 y 2006 (que ahora tienen entre 18 y 20 a\u00f1os)\u00bb.<\/p>\n<blockquote class=\"pull-quote\">\n<p class=\"quote-text\">\u00abCreo que la pregunta ahora no es si lo trans est\u00e1 en declive, sino hasta qu\u00e9 punto caer\u00e1\u00bb.<\/p>\n<p> <!----><\/p><\/blockquote>\n<p>Hay varias teor\u00edas sobre por qu\u00e9 sucede esto. <\/p>\n<p>\u00abUna posibilidad son los cambios en la aceptaci\u00f3n; a medida que aumentaba la aceptaci\u00f3n, m\u00e1s adultos j\u00f3venes se identificaban como transg\u00e9nero y\/o estaban dispuestos a identificarse como transg\u00e9nero en una encuesta\u00bb, dijo Twenge. \u00abCuando la aceptaci\u00f3n disminuy\u00f3, la identificaci\u00f3n como transg\u00e9nero (o al menos la identificaci\u00f3n como transg\u00e9nero en una encuesta) disminuy\u00f3\u00bb.<\/p>\n<div class=\"image-ct inline\">\n<div class=\"m\"><picture><source media=\"(max-width: 767px)\" srcset=\"https:\/\/a57.foxnews.com\/static.foxnews.com\/foxnews.com\/content\/uploads\/2023\/09\/343\/192\/depressed-teen.jpg?ve=1&amp;tl=1, https:\/\/a57.foxnews.com\/static.foxnews.com\/foxnews.com\/content\/uploads\/2023\/09\/686\/384\/depressed-teen.jpg?ve=1&amp;tl=1 2x\" height=\"192\" width=\"343\"><source media=\"(min-width: 768px) and (max-width: 1023px)\" srcset=\"https:\/\/a57.foxnews.com\/static.foxnews.com\/foxnews.com\/content\/uploads\/2023\/09\/672\/378\/depressed-teen.jpg?ve=1&amp;tl=1, https:\/\/a57.foxnews.com\/static.foxnews.com\/foxnews.com\/content\/uploads\/2023\/09\/1344\/756\/depressed-teen.jpg?ve=1&amp;tl=1 2x\" height=\"378\" width=\"672\"><source media=\"(min-width: 1024px) and (max-width: 1279px)\" srcset=\"https:\/\/a57.foxnews.com\/static.foxnews.com\/foxnews.com\/content\/uploads\/2023\/09\/931\/523\/depressed-teen.jpg?ve=1&amp;tl=1, https:\/\/a57.foxnews.com\/static.foxnews.com\/foxnews.com\/content\/uploads\/2023\/09\/1862\/1046\/depressed-teen.jpg?ve=1&amp;tl=1 2x\" height=\"523\" width=\"931\"><source media=\"(min-width: 1280px)\" srcset=\"https:\/\/a57.foxnews.com\/static.foxnews.com\/foxnews.com\/content\/uploads\/2023\/09\/720\/405\/depressed-teen.jpg?ve=1&amp;tl=1, https:\/\/a57.foxnews.com\/static.foxnews.com\/foxnews.com\/content\/uploads\/2023\/09\/1440\/810\/depressed-teen.jpg?ve=1&amp;tl=1 2x\" height=\"405\" width=\"720\"><img loading=\"lazy\" decoding=\"async\" src=\"https:\/\/a57.foxnews.com\/static.foxnews.com\/foxnews.com\/content\/uploads\/2023\/09\/1200\/675\/depressed-teen.jpg?ve=1&amp;tl=1\" alt=\"adolescente deprimido\" width=\"1200\" height=\"675\"\/><\/source><\/source><\/source><\/source><\/picture><\/div>\n<div class=\"info\">\n<div class=\"caption\">\n<p><span>Entre los j\u00f3venes de 18 a 22 a\u00f1os, la identificaci\u00f3n trans se redujo casi a la mitad entre 2022 y 2024, y la identificaci\u00f3n no binaria se redujo a m\u00e1s de la mitad entre 2023 y 2024.<\/span> <span>(iStock)<\/span><\/p>\n<\/div>\n<\/div>\n<\/div>\n<p>En an\u00e1lisis anteriores que analizaron datos de otra encuesta, Twenge encontr\u00f3 que el aumento en la identificaci\u00f3n como transg\u00e9nero entre 2014 y 2023 no se extendi\u00f3 a las personas mayores de 45 a\u00f1os (Gen X y boomers). <\/p>\n<p>\u00abEso hace que sea menos probable que los cambios se deban a la aceptaci\u00f3n, lo que deber\u00eda afectar a personas de todas las edades\u00bb, afirm\u00f3. \u00abSin embargo, es posible que la aceptaci\u00f3n haya aumentado m\u00e1s entre los adultos j\u00f3venes entre 2014 y 2023 y luego haya disminuido m\u00e1s en 2024\u00bb.<\/p>\n<p>Twenge enfatiz\u00f3 que identificarse como transg\u00e9nero e identificarse como no binario son dos cosas diferentes. <\/p>\n<p><strong><u>HAGA CLIC AQU\u00cd PARA OBTENER LA APLICACI\u00d3N FOX NEWS<\/u><\/strong><\/p>\n<p>\u00abUna de las razones por las que hice este an\u00e1lisis fue porque las encuestas en las que se bas\u00f3 el profesor Kaufmann no preguntaban sobre la identificaci\u00f3n como transg\u00e9nero, sino sobre la identificaci\u00f3n como no binario o algo distinto de hombre o mujer\u00bb, se\u00f1al\u00f3. \u00abQuer\u00eda ver si hab\u00eda una disminuci\u00f3n en la identificaci\u00f3n como transg\u00e9nero\u00bb.<\/p>\n<p>Y a\u00f1adi\u00f3: \u00abTambi\u00e9n pens\u00e9 que era importante observar una muestra representativa a nivel nacional y no s\u00f3lo a los estudiantes de escuelas de \u00e9lite\u00bb.<\/p>\n<div class=\"image-ct inline\">\n<div class=\"m\"><picture><source media=\"(max-width: 767px)\" srcset=\"https:\/\/a57.foxnews.com\/static.foxnews.com\/foxnews.com\/content\/uploads\/2019\/10\/343\/192\/gender-iStock.jpg?ve=1&amp;tl=1, https:\/\/a57.foxnews.com\/static.foxnews.com\/foxnews.com\/content\/uploads\/2019\/10\/686\/384\/gender-iStock.jpg?ve=1&amp;tl=1 2x\" height=\"192\" width=\"343\"><source media=\"(min-width: 768px) and (max-width: 1023px)\" srcset=\"https:\/\/a57.foxnews.com\/static.foxnews.com\/foxnews.com\/content\/uploads\/2019\/10\/672\/378\/gender-iStock.jpg?ve=1&amp;tl=1, https:\/\/a57.foxnews.com\/static.foxnews.com\/foxnews.com\/content\/uploads\/2019\/10\/1344\/756\/gender-iStock.jpg?ve=1&amp;tl=1 2x\" height=\"378\" width=\"672\"><source media=\"(min-width: 1024px) and (max-width: 1279px)\" srcset=\"https:\/\/a57.foxnews.com\/static.foxnews.com\/foxnews.com\/content\/uploads\/2019\/10\/931\/523\/gender-iStock.jpg?ve=1&amp;tl=1, https:\/\/a57.foxnews.com\/static.foxnews.com\/foxnews.com\/content\/uploads\/2019\/10\/1862\/1046\/gender-iStock.jpg?ve=1&amp;tl=1 2x\" height=\"523\" width=\"931\"><source media=\"(min-width: 1280px)\" srcset=\"https:\/\/a57.foxnews.com\/static.foxnews.com\/foxnews.com\/content\/uploads\/2019\/10\/720\/405\/gender-iStock.jpg?ve=1&amp;tl=1, https:\/\/a57.foxnews.com\/static.foxnews.com\/foxnews.com\/content\/uploads\/2019\/10\/1440\/810\/gender-iStock.jpg?ve=1&amp;tl=1 2x\" height=\"405\" width=\"720\"><img loading=\"lazy\" decoding=\"async\" src=\"https:\/\/a57.foxnews.com\/static.foxnews.com\/foxnews.com\/content\/uploads\/2019\/10\/1200\/675\/gender-iStock.jpg?ve=1&amp;tl=1\" alt=\"S\u00edmbolos masculinos y femeninos dibujados con tiza en una pizarra\" width=\"1200\" height=\"675\"\/><\/source><\/source><\/source><\/source><\/picture><\/div>\n<div class=\"info\">\n<div class=\"caption\">\n<p><span>\u00abUna vez que la gente se sienta m\u00e1s c\u00f3moda [with] qui\u00e9nes son, dejan de necesitar definirse a s\u00ed mismos de forma tan r\u00edgida\u00bb, afirm\u00f3 un experto en salud mental.<\/span> <span>(iStock)<\/span><\/p>\n<\/div>\n<\/div>\n<\/div>\n<p>Kaufmann aplaudi\u00f3 el nuevo informe de Twenge y la calific\u00f3 como \u00abla mejor en el negocio\u00bb.<\/p>\n<p>\u00abFue bueno ver que los principales investigadores de la generaci\u00f3n acad\u00e9mica est\u00e1n haciendo un seguimiento\u00bb, dijo a Fox News Digital. \u00abSus datos refuerzan en gran medida lo que encontr\u00e9 utilizando los datos de FIRE, Brown y Andover Phillips\u00bb.<\/p>\n<p><strong><u>HAGA CLIC AQU\u00cd PARA SUSCRIBIRSE A NUESTRO BOLET\u00cdN DE SALUD<\/u><\/strong><\/p>\n<p>\u00abCreo que la pregunta ahora no es si lo trans est\u00e1 en declive\u00bb, a\u00f1adi\u00f3, \u00absino hasta qu\u00e9 punto caer\u00e1 y cu\u00e1les ser\u00e1n las implicaciones para el proyecto cultural progresista y para las tendencias en la cirug\u00eda y el diagn\u00f3stico de g\u00e9nero\u00bb.<\/p>\n<blockquote class=\"pull-quote\">\n<p class=\"quote-text\">\u00abTal vez los j\u00f3venes se est\u00e1n dando cuenta de que no tienen que anunciar o etiquetar todo sobre s\u00ed mismos para que sea v\u00e1lido\u00bb.<\/p>\n<p> <!----><\/p><\/blockquote>\n<p>Jonathan Alpert, psicoterapeuta de la ciudad de Nueva York, dijo que este cambio probablemente marca una \u00abcorrecci\u00f3n natural\u00bb.<\/p>\n<p>\u00abDurante un tiempo, ense\u00f1amos a los j\u00f3venes a sobreinterpretar cada sentimiento. La cultura terap\u00e9utica les dec\u00eda que cada malestar necesitaba una etiqueta o un diagn\u00f3stico\u00bb, dijo anteriormente Alpert, que no particip\u00f3 en las encuestas citadas, a Fox News Digital. \u00abPara algunos, esa etiqueta se convirti\u00f3 en &#8216;no binaria&#8217;, es decir, no identificarse con un g\u00e9nero\u00bb.<\/p>\n<p>En lugar de rechazar qui\u00e9nes son, dijo Alpert, <u>j\u00f3venes<\/u> Puede que simplemente est\u00e9 cansado de sentir presi\u00f3n para definir cada emoci\u00f3n o diferencia con una nueva identidad. <\/p>\n<p><strong><u>PRUEBA CON NUESTRO \u00daLTIMO QUIZ DE ESTILO DE VIDA<\/u><\/strong><\/p>\n<p>\u00abAs\u00ed que, en esencia, lo que se est\u00e1 desacelerando es el rendimiento, al menos seg\u00fan lo que mostr\u00f3 este estudio\u00bb, afirm\u00f3. \u00abHace unos a\u00f1os, la identidad era tratada casi como una insignia social. Ahora, tal vez los j\u00f3venes se est\u00e9n dando cuenta de que no tienen que anunciar o etiquetar todo sobre s\u00ed mismos para que sea v\u00e1lido\u00bb.<\/p>\n<p>Alpert dijo que ve el mismo patr\u00f3n en su propia <u>pr\u00e1ctica de terapia<\/u>.<\/p>\n<p><strong><u>HAGA CLIC AQU\u00cd PARA M\u00c1S HISTORIAS DE SALUD<\/u><\/strong><\/p>\n<p>\u00abUna vez que la gente se sienta m\u00e1s c\u00f3moda [with] qui\u00e9nes son, dejan de necesitar definirse a s\u00ed mismos de manera tan r\u00edgida. Para m\u00ed, eso es una se\u00f1al de una creciente seguridad en uno mismo, no de intolerancia\u00bb.<\/p>\n<p>Fox News Digital contact\u00f3 a la Universidad de Tufts y a la Oficina del Censo de EE. UU. para solicitar comentarios.<\/p>\n<p> <!----> <\/p>\n<div class=\"article-meta\">\n<div class=\"author-bio\">\n<p>Melissa Rudy es editora senior de salud y miembro del equipo de estilo de vida de Fox News Digital. Se pueden enviar consejos sobre historias a melissa.rudy@fox.com.<\/p>\n<\/div>\n<\/div>\n<\/div>\n\n","protected":false},"excerpt":{"rendered":"<p>NUEVO\u00a1Ahora puedes escuchar los art\u00edculos de Fox News! Est\u00e1n surgiendo m\u00e1s datos que respaldan una fuerte disminuci\u00f3n en el n\u00famero de adultos j\u00f3venes que se identifican como transg\u00e9nero o no binarios. La semana pasada, Fox News Digital inform\u00f3 sobre datos compartidos por Eric Kaufman, profesor de pol\u00edtica en la Universidad de Buckingham, que muestran que &hellip;<\/p>\n","protected":false},"author":1,"featured_media":46782,"comment_status":"open","ping_status":"open","sticky":false,"template":"","format":"standard","meta":{"fifu_image_url":"https:\/\/a57.foxnews.com\/static.foxnews.com\/foxnews.com\/content\/uploads\/2025\/10\/1200\/675\/young-adults-walking-trans-study.jpg?ve=1&tl=1","fifu_image_alt":"","footnotes":""},"categories":[8],"tags":[],"class_list":["post-46780","post","type-post","status-publish","format-standard","has-post-thumbnail","","category-salud"],"_links":{"self":[{"href":"https:\/\/noticiasveraces.com\/index.php?rest_route=\/wp\/v2\/posts\/46780","targetHints":{"allow":["GET"]}}],"collection":[{"href":"https:\/\/noticiasveraces.com\/index.php?rest_route=\/wp\/v2\/posts"}],"about":[{"href":"https:\/\/noticiasveraces.com\/index.php?rest_route=\/wp\/v2\/types\/post"}],"author":[{"embeddable":true,"href":"https:\/\/noticiasveraces.com\/index.php?rest_route=\/wp\/v2\/users\/1"}],"replies":[{"embeddable":true,"href":"https:\/\/noticiasveraces.com\/index.php?rest_route=%2Fwp%2Fv2%2Fcomments&post=46780"}],"version-history":[{"count":0,"href":"https:\/\/noticiasveraces.com\/index.php?rest_route=\/wp\/v2\/posts\/46780\/revisions"}],"wp:featuredmedia":[{"embeddable":true,"href":"https:\/\/noticiasveraces.com\/index.php?rest_route=\/wp\/v2\/media\/46782"}],"wp:attachment":[{"href":"https:\/\/noticiasveraces.com\/index.php?rest_route=%2Fwp%2Fv2%2Fmedia&parent=46780"}],"wp:term":[{"taxonomy":"category","embeddable":true,"href":"https:\/\/noticiasveraces.com\/index.php?rest_route=%2Fwp%2Fv2%2Fcategories&post=46780"},{"taxonomy":"post_tag","embeddable":true,"href":"https:\/\/noticiasveraces.com\/index.php?rest_route=%2Fwp%2Fv2%2Ftags&post=46780"}],"curies":[{"name":"wp","href":"https:\/\/api.w.org\/{rel}","templated":true}]}}